{"id":72488,"date":"2023-02-25T21:15:03","date_gmt":"2023-02-26T00:15:03","guid":{"rendered":"http:\/\/blogdoeloiltoncajuhy.com.br\/site\/?p=72488"},"modified":"2023-02-25T21:15:11","modified_gmt":"2023-02-26T00:15:11","slug":"secretaria-de-saude-da-bahia-garante-retorno-das-cirurgias-eletivas-e-ortopedicas-no-hdam-de-bonfim","status":"publish","type":"post","link":"https:\/\/blogdoeloiltoncajuhy.com.br\/site\/secretaria-de-saude-da-bahia-garante-retorno-das-cirurgias-eletivas-e-ortopedicas-no-hdam-de-bonfim\/","title":{"rendered":"Secretaria de Sa\u00fade da Bahia garante retorno das cirurgias eletivas e ortop\u00e9dicas no HDAM de Bonfim"},"content":{"rendered":"\n<p><strong>Blog do Eloilton Cajuhy<\/strong><\/p>\n\n\n\n<figure class=\"wp-block-image aligncenter size-large is-resized\"><a href=\"https:\/\/i0.wp.com\/blogdoeloiltoncajuhy.com.br\/site\/wp-content\/uploads\/2023\/02\/Bobo-Sesab-25022023.jpg\"><img data-recalc-dims=\"1\" fetchpriority=\"high\" decoding=\"async\" src=\"https:\/\/i0.wp.com\/blogdoeloiltoncajuhy.com.br\/site\/wp-content\/uploads\/2023\/02\/Bobo-Sesab-25022023.jpg?resize=768%2C576\" alt=\"\" class=\"wp-image-72489\" width=\"768\" height=\"576\" srcset=\"https:\/\/i0.wp.com\/blogdoeloiltoncajuhy.com.br\/site\/wp-content\/uploads\/2023\/02\/Bobo-Sesab-25022023.jpg?resize=1024%2C768&amp;ssl=1 1024w, https:\/\/i0.wp.com\/blogdoeloiltoncajuhy.com.br\/site\/wp-content\/uploads\/2023\/02\/Bobo-Sesab-25022023.jpg?resize=300%2C225&amp;ssl=1 300w, https:\/\/i0.wp.com\/blogdoeloiltoncajuhy.com.br\/site\/wp-content\/uploads\/2023\/02\/Bobo-Sesab-25022023.jpg?resize=768%2C576&amp;ssl=1 768w, https:\/\/i0.wp.com\/blogdoeloiltoncajuhy.com.br\/site\/wp-content\/uploads\/2023\/02\/Bobo-Sesab-25022023.jpg?w=1440&amp;ssl=1 1440w\" sizes=\"(max-width: 768px) 100vw, 768px\" \/><\/a><figcaption class=\"wp-element-caption\"><sub>Foto: Reprodu\u00e7\u00e3o \/ Facebook<\/sub><\/figcaption><\/figure>\n\n\n\n<p>O deputado Bob\u00f4 anunciou, atrav\u00e9s de suas redes sociais, que, em audi\u00eancia com a secret\u00e1ria de Sa\u00fade do Estado da Bahia, Roberta Santana, nesta sexta-feira (24), ficou decidido que ainda no m\u00eas de mar\u00e7o, a Sesab assinar\u00e1 conv\u00eanio com o munic\u00edpio para a realiza\u00e7\u00e3o de cirurgias eletivas e ortop\u00e9dicas no Hospital Dom Antonio Monteiro (HDAM) de Senhor do Bonfim.<\/p>\n\n\n\n<p>Participaram da audi\u00eancia, al\u00e9m de Bob\u00f4, o deputado federal Daniel Almeida e o prefeito La\u00e9rcio Jr. Na oportunidade, Bob\u00f4 lembrou que o credenciamento do munic\u00edpio para a realiza\u00e7\u00e3o das cirurgias foi solicitada ainda na gest\u00e3o do ex-prefeito Carlos Brasileiro.<\/p>\n\n\n\n<p class=\"has-black-color has-text-color has-medium-font-size\"><strong>Confira o texto publicado pelo Deputado Bob\u00f4 em suas redes sociais:<\/strong><\/p>\n\n\n\n<p><em>&#8220;Grande refor\u00e7o para a sa\u00fade de Senhor do Bonfim e regi\u00e3o &#x1f60d;&#x1f64c;&#x1f3fb;<\/em><\/p>\n\n\n\n<p><em>\u00c9 sempre motivo de muita alegria compartilhar boas not\u00edcias com os meus conterr\u00e2neos. Em audi\u00eancia com o deputado federal Daniel Almeida e o prefeito La\u00e9rcio J\u00fanior, a secret\u00e1ria da Sa\u00fade, Roberta Santana, assegurou que o credenciamento do munic\u00edpio para realiza\u00e7\u00e3o de cirurgias eletivas e ortop\u00e9dicas (solicitadas na gest\u00e3o do ex-prefeito Carlos Brasileiro), ser\u00e1 assinado ainda no m\u00eas de mar\u00e7o, mantendo o compromisso do ex-governador Rui Costa e do atual governador, Jer\u00f4nimo Rodrigues.<\/em><\/p>\n\n\n\n<p><em>Mais uma conquista para os bonfinenses que contou com a nossa luta! Importante lembrar que a sa\u00fade de Senhor do Bonfim recebeu uma aten\u00e7\u00e3o especial do nosso mandato, parceiros e do governo estadual, com a\u00e7\u00f5es e emendas que ajudaram a garantir grandes conquistas: reforma e amplia\u00e7\u00e3o do hospital (com 20 leitos de UTI e v\u00e1rios equipamentos, como tom\u00f3grafo, raio-x, autoclave e arco cir\u00fargico), implanta\u00e7\u00e3o da policl\u00ednica, entrega de ambul\u00e2ncias, entre outras.<\/em><\/p>\n\n\n\n<p><em>Sa\u00fade \u00e9 prioridade. &#x2705; O trabalho n\u00e3o vai parar! &#x1f44a;&#x1f3fc;&#8221;<\/em><\/p>\n","protected":false},"excerpt":{"rendered":"<p>Blog do Eloilton Cajuhy O deputado Bob\u00f4 anunciou, atrav\u00e9s de suas redes sociais, que, em audi\u00eancia com a secret\u00e1ria de Sa\u00fade do Estado da Bahia, Roberta Santana, nesta sexta-feira (24), ficou decidido que ainda no m\u00eas de mar\u00e7o, a Sesab assinar\u00e1 conv\u00eanio com o munic\u00edpio para a realiza\u00e7\u00e3o de cirurgias eletivas e ortop\u00e9dicas no Hospital [&hellip;]<\/p>\n","protected":false},"author":2,"featured_media":72490,"comment_status":"open","ping_status":"open","sticky":false,"template":"","format":"standard","meta":{"_acf_changed":false,"_monsterinsights_skip_tracking":false,"_monsterinsights_sitenote_active":false,"_monsterinsights_sitenote_note":"","_monsterinsights_sitenote_category":0,"_jetpack_memberships_contains_paid_content":false,"footnotes":"","jetpack_publicize_message":"","jetpack_publicize_feature_enabled":true,"jetpack_social_post_already_shared":false,"jetpack_social_options":{"image_generator_settings":{"template":"highway","default_image_id":0,"font":"","enabled":false},"version":2}},"categories":[3],"tags":[],"class_list":["post-72488","post","type-post","status-publish","format-standard","has-post-thumbnail","hentry","category-politica"],"acf":[],"jetpack_publicize_connections":[],"jetpack_featured_media_url":"https:\/\/i0.wp.com\/blogdoeloiltoncajuhy.com.br\/site\/wp-content\/uploads\/2023\/02\/Bobo-Sesab-25022023-destaque.png?fit=1290%2C794&ssl=1","jetpack_sharing_enabled":true,"publishpress_future_workflow_manual_trigger":{"enabledWorkflows":[]},"_links":{"self":[{"href":"https:\/\/blogdoeloiltoncajuhy.com.br\/site\/wp-json\/wp\/v2\/posts\/72488","targetHints":{"allow":["GET"]}}],"collection":[{"href":"https:\/\/blogdoeloiltoncajuhy.com.br\/site\/wp-json\/wp\/v2\/posts"}],"about":[{"href":"https:\/\/blogdoeloiltoncajuhy.com.br\/site\/wp-json\/wp\/v2\/types\/post"}],"author":[{"embeddable":true,"href":"https:\/\/blogdoeloiltoncajuhy.com.br\/site\/wp-json\/wp\/v2\/users\/2"}],"replies":[{"embeddable":true,"href":"https:\/\/blogdoeloiltoncajuhy.com.br\/site\/wp-json\/wp\/v2\/comments?post=72488"}],"version-history":[{"count":1,"href":"https:\/\/blogdoeloiltoncajuhy.com.br\/site\/wp-json\/wp\/v2\/posts\/72488\/revisions"}],"predecessor-version":[{"id":72491,"href":"https:\/\/blogdoeloiltoncajuhy.com.br\/site\/wp-json\/wp\/v2\/posts\/72488\/revisions\/72491"}],"wp:featuredmedia":[{"embeddable":true,"href":"https:\/\/blogdoeloiltoncajuhy.com.br\/site\/wp-json\/wp\/v2\/media\/72490"}],"wp:attachment":[{"href":"https:\/\/blogdoeloiltoncajuhy.com.br\/site\/wp-json\/wp\/v2\/media?parent=72488"}],"wp:term":[{"taxonomy":"category","embeddable":true,"href":"https:\/\/blogdoeloiltoncajuhy.com.br\/site\/wp-json\/wp\/v2\/categories?post=72488"},{"taxonomy":"post_tag","embeddable":true,"href":"https:\/\/blogdoeloiltoncajuhy.com.br\/site\/wp-json\/wp\/v2\/tags?post=72488"}],"curies":[{"name":"wp","href":"https:\/\/api.w.org\/{rel}","templated":true}]}}