{"id":72477,"date":"2023-02-25T11:12:26","date_gmt":"2023-02-25T14:12:26","guid":{"rendered":"http:\/\/blogdoeloiltoncajuhy.com.br\/site\/?p=72477"},"modified":"2023-02-25T11:12:29","modified_gmt":"2023-02-25T14:12:29","slug":"aneel-mantem-bandeira-tarifaria-verde-para-marco","status":"publish","type":"post","link":"https:\/\/blogdoeloiltoncajuhy.com.br\/site\/aneel-mantem-bandeira-tarifaria-verde-para-marco\/","title":{"rendered":"Aneel mant\u00e9m bandeira tarif\u00e1ria verde para mar\u00e7o"},"content":{"rendered":"\n<p class=\"has-text-align-center has-medium-font-size\"><em>Contas de luz est\u00e3o sem cobran\u00e7a extra desde abril de 2022.<\/em><\/p>\n\n\n\n<p><strong>Por Bahia.ba<\/strong><\/p>\n\n\n\n<figure class=\"wp-block-image aligncenter size-full\"><a href=\"https:\/\/i0.wp.com\/blogdoeloiltoncajuhy.com.br\/site\/wp-content\/uploads\/2023\/02\/Energia-eletrica-luz-Foto_Andre-Correa-Agencia-Senado.png\"><img data-recalc-dims=\"1\" fetchpriority=\"high\" decoding=\"async\" width=\"600\" height=\"420\" src=\"https:\/\/i0.wp.com\/blogdoeloiltoncajuhy.com.br\/site\/wp-content\/uploads\/2023\/02\/Energia-eletrica-luz-Foto_Andre-Correa-Agencia-Senado.png?resize=600%2C420\" alt=\"\" class=\"wp-image-72478\" srcset=\"https:\/\/i0.wp.com\/blogdoeloiltoncajuhy.com.br\/site\/wp-content\/uploads\/2023\/02\/Energia-eletrica-luz-Foto_Andre-Correa-Agencia-Senado.png?w=600&amp;ssl=1 600w, https:\/\/i0.wp.com\/blogdoeloiltoncajuhy.com.br\/site\/wp-content\/uploads\/2023\/02\/Energia-eletrica-luz-Foto_Andre-Correa-Agencia-Senado.png?resize=300%2C210&amp;ssl=1 300w\" sizes=\"(max-width: 600px) 100vw, 600px\" \/><\/a><figcaption class=\"wp-element-caption\"><sub>Foto: Andr\u00e9 Corr\u00eaa\/Ag\u00eancia Senado<\/sub><\/figcaption><\/figure>\n\n\n\n<p>O consumidor n\u00e3o pagar\u00e1 taxa extra sobre a conta de luz em mar\u00e7o. A Ag\u00eancia Nacional de Energia El\u00e9trica (Aneel) manteve a bandeira verde para o pr\u00f3ximo m\u00eas para todos os consumidores conectados ao Sistema Interligado Nacional (SIN).<\/p>\n\n\n\n<p>A conta de luz est\u00e1 sem essas taxas desde o fim da bandeira de escassez h\u00eddrica, que durou de setembro de 2021 at\u00e9 meados de abril de 2022. Segundo a Aneel, na ocasi\u00e3o a bandeira verde foi escolhida devido \u00e0s condi\u00e7\u00f5es favor\u00e1veis de gera\u00e7\u00e3o de energia, com os reservat\u00f3rios das usinas hidrel\u00e9tricas em n\u00edveis satisfat\u00f3rios.<\/p>\n\n\n\n<p>Caso houvesse a institui\u00e7\u00e3o das outras bandeiras, a conta de luz refletiria o reajuste de at\u00e9 64% das bandeiras tarif\u00e1rias aprovado em junho de 2022 pela Aneel. Segundo a ag\u00eancia, os aumentos refletiram a infla\u00e7\u00e3o e o maior custo das usinas termel\u00e9tricas neste ano, decorrente do encarecimento do petr\u00f3leo e do g\u00e1s natural nos \u00faltimos meses.<\/p>\n","protected":false},"excerpt":{"rendered":"<p>Contas de luz est\u00e3o sem cobran\u00e7a extra desde abril de 2022. Por Bahia.ba O consumidor n\u00e3o pagar\u00e1 taxa extra sobre a conta de luz em mar\u00e7o. A Ag\u00eancia Nacional de Energia El\u00e9trica (Aneel) manteve a bandeira verde para o pr\u00f3ximo m\u00eas para todos os consumidores conectados ao Sistema Interligado Nacional (SIN). A conta de luz [&hellip;]<\/p>\n","protected":false},"author":2,"featured_media":72478,"comment_status":"open","ping_status":"open","sticky":false,"template":"","format":"standard","meta":{"_acf_changed":false,"_monsterinsights_skip_tracking":false,"_monsterinsights_sitenote_active":false,"_monsterinsights_sitenote_note":"","_monsterinsights_sitenote_category":0,"_jetpack_memberships_contains_paid_content":false,"footnotes":"","jetpack_publicize_message":"","jetpack_publicize_feature_enabled":true,"jetpack_social_post_already_shared":true,"jetpack_social_options":{"image_generator_settings":{"template":"highway","default_image_id":0,"font":"","enabled":false},"version":2}},"categories":[31],"tags":[],"class_list":["post-72477","post","type-post","status-publish","format-standard","has-post-thumbnail","hentry","category-economia"],"acf":[],"jetpack_publicize_connections":[],"jetpack_featured_media_url":"https:\/\/i0.wp.com\/blogdoeloiltoncajuhy.com.br\/site\/wp-content\/uploads\/2023\/02\/Energia-eletrica-luz-Foto_Andre-Correa-Agencia-Senado.png?fit=600%2C420&ssl=1","jetpack_sharing_enabled":true,"publishpress_future_workflow_manual_trigger":{"enabledWorkflows":[]},"_links":{"self":[{"href":"https:\/\/blogdoeloiltoncajuhy.com.br\/site\/wp-json\/wp\/v2\/posts\/72477","targetHints":{"allow":["GET"]}}],"collection":[{"href":"https:\/\/blogdoeloiltoncajuhy.com.br\/site\/wp-json\/wp\/v2\/posts"}],"about":[{"href":"https:\/\/blogdoeloiltoncajuhy.com.br\/site\/wp-json\/wp\/v2\/types\/post"}],"author":[{"embeddable":true,"href":"https:\/\/blogdoeloiltoncajuhy.com.br\/site\/wp-json\/wp\/v2\/users\/2"}],"replies":[{"embeddable":true,"href":"https:\/\/blogdoeloiltoncajuhy.com.br\/site\/wp-json\/wp\/v2\/comments?post=72477"}],"version-history":[{"count":1,"href":"https:\/\/blogdoeloiltoncajuhy.com.br\/site\/wp-json\/wp\/v2\/posts\/72477\/revisions"}],"predecessor-version":[{"id":72479,"href":"https:\/\/blogdoeloiltoncajuhy.com.br\/site\/wp-json\/wp\/v2\/posts\/72477\/revisions\/72479"}],"wp:featuredmedia":[{"embeddable":true,"href":"https:\/\/blogdoeloiltoncajuhy.com.br\/site\/wp-json\/wp\/v2\/media\/72478"}],"wp:attachment":[{"href":"https:\/\/blogdoeloiltoncajuhy.com.br\/site\/wp-json\/wp\/v2\/media?parent=72477"}],"wp:term":[{"taxonomy":"category","embeddable":true,"href":"https:\/\/blogdoeloiltoncajuhy.com.br\/site\/wp-json\/wp\/v2\/categories?post=72477"},{"taxonomy":"post_tag","embeddable":true,"href":"https:\/\/blogdoeloiltoncajuhy.com.br\/site\/wp-json\/wp\/v2\/tags?post=72477"}],"curies":[{"name":"wp","href":"https:\/\/api.w.org\/{rel}","templated":true}]}}