{"id":72474,"date":"2023-02-25T10:47:48","date_gmt":"2023-02-25T13:47:48","guid":{"rendered":"http:\/\/blogdoeloiltoncajuhy.com.br\/site\/?p=72474"},"modified":"2023-02-25T10:47:52","modified_gmt":"2023-02-25T13:47:52","slug":"busca-por-internet-banda-larga-no-brasil-cresce-cada-vez-mais-nos-ultimos-anos","status":"publish","type":"post","link":"https:\/\/blogdoeloiltoncajuhy.com.br\/site\/busca-por-internet-banda-larga-no-brasil-cresce-cada-vez-mais-nos-ultimos-anos\/","title":{"rendered":"Busca por internet banda larga no Brasil cresce cada vez mais nos \u00faltimos anos"},"content":{"rendered":"\n<p><strong>Por Jean Campos<\/strong><\/p>\n\n\n\n<figure class=\"wp-block-image aligncenter size-full\"><a href=\"https:\/\/i0.wp.com\/blogdoeloiltoncajuhy.com.br\/site\/wp-content\/uploads\/2023\/02\/Internet-banda-larga.jpg\"><img data-recalc-dims=\"1\" fetchpriority=\"high\" decoding=\"async\" width=\"800\" height=\"495\" src=\"https:\/\/i0.wp.com\/blogdoeloiltoncajuhy.com.br\/site\/wp-content\/uploads\/2023\/02\/Internet-banda-larga.jpg?resize=800%2C495\" alt=\"\" class=\"wp-image-72475\" srcset=\"https:\/\/i0.wp.com\/blogdoeloiltoncajuhy.com.br\/site\/wp-content\/uploads\/2023\/02\/Internet-banda-larga.jpg?w=960&amp;ssl=1 960w, https:\/\/i0.wp.com\/blogdoeloiltoncajuhy.com.br\/site\/wp-content\/uploads\/2023\/02\/Internet-banda-larga.jpg?resize=300%2C186&amp;ssl=1 300w, https:\/\/i0.wp.com\/blogdoeloiltoncajuhy.com.br\/site\/wp-content\/uploads\/2023\/02\/Internet-banda-larga.jpg?resize=768%2C475&amp;ssl=1 768w\" sizes=\"(max-width: 800px) 100vw, 800px\" \/><\/a><\/figure>\n\n\n\n<p>Com o passar dos \u00faltimos anos, o consumo de internet banda larga no Brasil tem sido cada vez mais intensificado. Apesar do grande consumo de internet estar ligado aos aparelhos de celulares, que utilizam mais de uma conex\u00e3o m\u00f3vel de internet. O uso de conex\u00e3o em banda larga est\u00e1 cada vez mais presente dentro dos lares de cada brasileiro. Isso porque, a internet se tornou algo indispens\u00e1vel, principalmente durante a pandemia, onde o trabalho em home office passou a ser adotado por v\u00e1rias empresas.<\/p>\n\n\n\n<p>Segundo uma Pesquisa Nacional por Amostra de Domic\u00edlios, cerca de 90% dos lares brasileiros j\u00e1 t\u00eam acesso \u00e0 internet no Brasil. Ou seja, s\u00e3o mais de 65 milh\u00f5es de domic\u00edlios conectados. Devido a isso, muitas empresas fornecedoras de internet banda larga est\u00e3o cada vez mais presentes em praticamente todas as cidades no Brasil.<\/p>\n\n\n\n<p>Ainda segundo a pesquisa, o crescimento na conectividade em \u00e1reas rurais, tamb\u00e9m vem apresentando uma crescente, chegando a cerca de 74,7% dos domic\u00edlios no ano de 2021.<\/p>\n\n\n\n<p>\u201cEm todos os lugares podemos ver que o uso da internet est\u00e1 presente em grande parte das casas das pessoas, seja em um condom\u00ednio ou fazenda. Por isso, \u00e9 sempre muito importante fornecer uma internet de qualidade, porque as pessoas est\u00e3o cada vez mais necessitadas do uso da internet\u201d, disse Tammi Oliveira, supervisora de vendas da Claro.<\/p>\n\n\n\n<p>Al\u00e9m da localidade, a pesquisa destacou a faixa et\u00e1ria dos entrevistados, onde a propor\u00e7\u00e3o de pessoas conectadas a internet tamb\u00e9m aumentou em todas as faixas et\u00e1rias. Para o grupo de 60 anos ou mais, chegou a porcentagem 57,5%. Este foi o maior crescimento proporcional apresentado no levantamento, superando, pela primeira vez, os 50% na faixa et\u00e1ria.<\/p>\n\n\n\n<p>Uma das poss\u00edveis explica\u00e7\u00f5es \u00e9 a pandemia de Covid-19, que teria levado os idosos a acessarem mais a internet em fun\u00e7\u00e3o das medidas de isolamento social. Para a popula\u00e7\u00e3o de 50 a 59 anos, esse percentual tamb\u00e9m subiu significativamente: de 74,4% para 83,3%.<\/p>\n","protected":false},"excerpt":{"rendered":"<p>Por Jean Campos Com o passar dos \u00faltimos anos, o consumo de internet banda larga no Brasil tem sido cada vez mais intensificado. Apesar do grande consumo de internet estar ligado aos aparelhos de celulares, que utilizam mais de uma conex\u00e3o m\u00f3vel de internet. O uso de conex\u00e3o em banda larga est\u00e1 cada vez mais [&hellip;]<\/p>\n","protected":false},"author":2,"featured_media":72475,"comment_status":"open","ping_status":"open","sticky":false,"template":"","format":"standard","meta":{"_acf_changed":false,"_monsterinsights_skip_tracking":false,"_monsterinsights_sitenote_active":false,"_monsterinsights_sitenote_note":"","_monsterinsights_sitenote_category":0,"_jetpack_memberships_contains_paid_content":false,"footnotes":"","jetpack_publicize_message":"","jetpack_publicize_feature_enabled":true,"jetpack_social_post_already_shared":true,"jetpack_social_options":{"image_generator_settings":{"template":"highway","default_image_id":0,"font":"","enabled":false},"version":2}},"categories":[5],"tags":[],"class_list":["post-72474","post","type-post","status-publish","format-standard","has-post-thumbnail","hentry","category-cotidiano"],"acf":[],"jetpack_publicize_connections":[],"jetpack_featured_media_url":"https:\/\/i0.wp.com\/blogdoeloiltoncajuhy.com.br\/site\/wp-content\/uploads\/2023\/02\/Internet-banda-larga.jpg?fit=960%2C594&ssl=1","jetpack_sharing_enabled":true,"publishpress_future_workflow_manual_trigger":{"enabledWorkflows":[]},"_links":{"self":[{"href":"https:\/\/blogdoeloiltoncajuhy.com.br\/site\/wp-json\/wp\/v2\/posts\/72474","targetHints":{"allow":["GET"]}}],"collection":[{"href":"https:\/\/blogdoeloiltoncajuhy.com.br\/site\/wp-json\/wp\/v2\/posts"}],"about":[{"href":"https:\/\/blogdoeloiltoncajuhy.com.br\/site\/wp-json\/wp\/v2\/types\/post"}],"author":[{"embeddable":true,"href":"https:\/\/blogdoeloiltoncajuhy.com.br\/site\/wp-json\/wp\/v2\/users\/2"}],"replies":[{"embeddable":true,"href":"https:\/\/blogdoeloiltoncajuhy.com.br\/site\/wp-json\/wp\/v2\/comments?post=72474"}],"version-history":[{"count":1,"href":"https:\/\/blogdoeloiltoncajuhy.com.br\/site\/wp-json\/wp\/v2\/posts\/72474\/revisions"}],"predecessor-version":[{"id":72476,"href":"https:\/\/blogdoeloiltoncajuhy.com.br\/site\/wp-json\/wp\/v2\/posts\/72474\/revisions\/72476"}],"wp:featuredmedia":[{"embeddable":true,"href":"https:\/\/blogdoeloiltoncajuhy.com.br\/site\/wp-json\/wp\/v2\/media\/72475"}],"wp:attachment":[{"href":"https:\/\/blogdoeloiltoncajuhy.com.br\/site\/wp-json\/wp\/v2\/media?parent=72474"}],"wp:term":[{"taxonomy":"category","embeddable":true,"href":"https:\/\/blogdoeloiltoncajuhy.com.br\/site\/wp-json\/wp\/v2\/categories?post=72474"},{"taxonomy":"post_tag","embeddable":true,"href":"https:\/\/blogdoeloiltoncajuhy.com.br\/site\/wp-json\/wp\/v2\/tags?post=72474"}],"curies":[{"name":"wp","href":"https:\/\/api.w.org\/{rel}","templated":true}]}}