{"id":72470,"date":"2023-02-25T10:23:53","date_gmt":"2023-02-25T13:23:53","guid":{"rendered":"http:\/\/blogdoeloiltoncajuhy.com.br\/site\/?p=72470"},"modified":"2023-02-25T10:24:41","modified_gmt":"2023-02-25T13:24:41","slug":"nordeste-produziu-mais-de-9-mil-mw-medios-de-energia-solar-e-eolicaem-janeiro","status":"publish","type":"post","link":"https:\/\/blogdoeloiltoncajuhy.com.br\/site\/nordeste-produziu-mais-de-9-mil-mw-medios-de-energia-solar-e-eolicaem-janeiro\/","title":{"rendered":"Nordeste produziu mais de 9 mil MW m\u00e9dios de energia solar e e\u00f3lica<br>em janeiro"},"content":{"rendered":"\n<p class=\"has-medium-font-size\"><em>C\u00e2mara de Comercializa\u00e7\u00e3o de Energia El\u00e9trica destaca potencial da regi\u00e3o para alavancar o mercado de hidrog\u00eanio renov\u00e1vel.<\/em><\/p>\n\n\n\n<p><strong>Por F\u00e1bio Souza<\/strong><\/p>\n\n\n\n<figure class=\"wp-block-image aligncenter size-large\"><a href=\"https:\/\/i0.wp.com\/blogdoeloiltoncajuhy.com.br\/site\/wp-content\/uploads\/2023\/02\/Eneregia-solar-Eolica-Pexels-Pixabay.jpg\"><img data-recalc-dims=\"1\" fetchpriority=\"high\" decoding=\"async\" width=\"800\" height=\"534\" src=\"https:\/\/i0.wp.com\/blogdoeloiltoncajuhy.com.br\/site\/wp-content\/uploads\/2023\/02\/Eneregia-solar-Eolica-Pexels-Pixabay.jpg?resize=800%2C534\" alt=\"\" class=\"wp-image-72471\" srcset=\"https:\/\/i0.wp.com\/blogdoeloiltoncajuhy.com.br\/site\/wp-content\/uploads\/2023\/02\/Eneregia-solar-Eolica-Pexels-Pixabay.jpg?resize=1024%2C683&amp;ssl=1 1024w, https:\/\/i0.wp.com\/blogdoeloiltoncajuhy.com.br\/site\/wp-content\/uploads\/2023\/02\/Eneregia-solar-Eolica-Pexels-Pixabay.jpg?resize=300%2C200&amp;ssl=1 300w, https:\/\/i0.wp.com\/blogdoeloiltoncajuhy.com.br\/site\/wp-content\/uploads\/2023\/02\/Eneregia-solar-Eolica-Pexels-Pixabay.jpg?resize=768%2C512&amp;ssl=1 768w, https:\/\/i0.wp.com\/blogdoeloiltoncajuhy.com.br\/site\/wp-content\/uploads\/2023\/02\/Eneregia-solar-Eolica-Pexels-Pixabay.jpg?resize=1536%2C1024&amp;ssl=1 1536w, https:\/\/i0.wp.com\/blogdoeloiltoncajuhy.com.br\/site\/wp-content\/uploads\/2023\/02\/Eneregia-solar-Eolica-Pexels-Pixabay.jpg?w=1773&amp;ssl=1 1773w, https:\/\/i0.wp.com\/blogdoeloiltoncajuhy.com.br\/site\/wp-content\/uploads\/2023\/02\/Eneregia-solar-Eolica-Pexels-Pixabay.jpg?w=1600 1600w\" sizes=\"(max-width: 800px) 100vw, 800px\" \/><\/a><figcaption class=\"wp-element-caption\"><sub>Foto: Pexels Pixabay<\/sub><\/figcaption><\/figure>\n\n\n\n<p>O Nordeste brasileiro produziu mais de 9.200 megawatts m\u00e9dios de energia e\u00f3lica e solar em janeiro, volume equivalente \u00e0 capacidade de gera\u00e7\u00e3o de duas usinas do tamanho de Belo Monte, segundo a C\u00e2mara de Comercializa\u00e7\u00e3o de Energia El\u00e9trica &#8211; CCEE.<\/p>\n\n\n\n<p>A CCEE destaca o potencial da regi\u00e3o como uma das principais vantagens do Brasil para avan\u00e7ar no mercado de hidrog\u00eanio renov\u00e1vel, que tem essas duas fontes como principais mat\u00e9rias-primas para a fabrica\u00e7\u00e3o do insumo.<\/p>\n\n\n\n<p>\u201cTeremos em breve o primeiro leil\u00e3o global, na Alemanha, e estamos prontos para certificar as empresas que tiverem interesse nesta negocia\u00e7\u00e3o que certamente ser\u00e1 um marco para o setor\u201d, afirma Ricardo Gedra, gerente de An\u00e1lise e Informa\u00e7\u00f5es ao Mercado na CCEE.<\/p>\n\n\n\n<p>Em janeiro o Rio Grande do Norte liderou com a gera\u00e7\u00e3o e\u00f3lica, fornecendo \u00e0 rede 2.959 MW m\u00e9dios, seguido pela Bahia (2.477 MWm), Cear\u00e1 (1.009 MWm), Piau\u00ed (891 MWm), Pernambuco (326 MWm), Para\u00edba (231 MWm) e Maranh\u00e3o (181 MWm).<\/p>\n\n\n\n<p>J\u00e1 na gera\u00e7\u00e3o solar fotovoltaica, a Bahia saiu na frente com produ\u00e7\u00e3o de 393 MW m\u00e9dios, seguida por Piau\u00ed (276 MWm), Cear\u00e1 (171 MWm), Para\u00edba (123 MWm), Pernambuco (83 MWm) e Rio Grande do Norte (70 MWm).<\/p>\n","protected":false},"excerpt":{"rendered":"<p>C\u00e2mara de Comercializa\u00e7\u00e3o de Energia El\u00e9trica destaca potencial da regi\u00e3o para alavancar o mercado de hidrog\u00eanio renov\u00e1vel. Por F\u00e1bio Souza O Nordeste brasileiro produziu mais de 9.200 megawatts m\u00e9dios de energia e\u00f3lica e solar em janeiro, volume equivalente \u00e0 capacidade de gera\u00e7\u00e3o de duas usinas do tamanho de Belo Monte, segundo a C\u00e2mara de Comercializa\u00e7\u00e3o [&hellip;]<\/p>\n","protected":false},"author":2,"featured_media":72471,"comment_status":"open","ping_status":"open","sticky":false,"template":"","format":"standard","meta":{"_acf_changed":false,"_monsterinsights_skip_tracking":false,"_monsterinsights_sitenote_active":false,"_monsterinsights_sitenote_note":"","_monsterinsights_sitenote_category":0,"_jetpack_memberships_contains_paid_content":false,"footnotes":"","jetpack_publicize_message":"","jetpack_publicize_feature_enabled":true,"jetpack_social_post_already_shared":true,"jetpack_social_options":{"image_generator_settings":{"template":"highway","default_image_id":0,"font":"","enabled":false},"version":2}},"categories":[1],"tags":[],"class_list":["post-72470","post","type-post","status-publish","format-standard","has-post-thumbnail","hentry","category-noticias"],"acf":[],"jetpack_publicize_connections":[],"jetpack_featured_media_url":"https:\/\/i0.wp.com\/blogdoeloiltoncajuhy.com.br\/site\/wp-content\/uploads\/2023\/02\/Eneregia-solar-Eolica-Pexels-Pixabay.jpg?fit=1773%2C1182&ssl=1","jetpack_sharing_enabled":true,"publishpress_future_workflow_manual_trigger":{"enabledWorkflows":[]},"_links":{"self":[{"href":"https:\/\/blogdoeloiltoncajuhy.com.br\/site\/wp-json\/wp\/v2\/posts\/72470","targetHints":{"allow":["GET"]}}],"collection":[{"href":"https:\/\/blogdoeloiltoncajuhy.com.br\/site\/wp-json\/wp\/v2\/posts"}],"about":[{"href":"https:\/\/blogdoeloiltoncajuhy.com.br\/site\/wp-json\/wp\/v2\/types\/post"}],"author":[{"embeddable":true,"href":"https:\/\/blogdoeloiltoncajuhy.com.br\/site\/wp-json\/wp\/v2\/users\/2"}],"replies":[{"embeddable":true,"href":"https:\/\/blogdoeloiltoncajuhy.com.br\/site\/wp-json\/wp\/v2\/comments?post=72470"}],"version-history":[{"count":2,"href":"https:\/\/blogdoeloiltoncajuhy.com.br\/site\/wp-json\/wp\/v2\/posts\/72470\/revisions"}],"predecessor-version":[{"id":72473,"href":"https:\/\/blogdoeloiltoncajuhy.com.br\/site\/wp-json\/wp\/v2\/posts\/72470\/revisions\/72473"}],"wp:featuredmedia":[{"embeddable":true,"href":"https:\/\/blogdoeloiltoncajuhy.com.br\/site\/wp-json\/wp\/v2\/media\/72471"}],"wp:attachment":[{"href":"https:\/\/blogdoeloiltoncajuhy.com.br\/site\/wp-json\/wp\/v2\/media?parent=72470"}],"wp:term":[{"taxonomy":"category","embeddable":true,"href":"https:\/\/blogdoeloiltoncajuhy.com.br\/site\/wp-json\/wp\/v2\/categories?post=72470"},{"taxonomy":"post_tag","embeddable":true,"href":"https:\/\/blogdoeloiltoncajuhy.com.br\/site\/wp-json\/wp\/v2\/tags?post=72470"}],"curies":[{"name":"wp","href":"https:\/\/api.w.org\/{rel}","templated":true}]}}