{"id":72467,"date":"2023-02-25T09:41:40","date_gmt":"2023-02-25T12:41:40","guid":{"rendered":"http:\/\/blogdoeloiltoncajuhy.com.br\/site\/?p=72467"},"modified":"2023-02-25T09:41:42","modified_gmt":"2023-02-25T12:41:42","slug":"ha-78-anos-morria-o-poeta-mario-de-andrade-um-dos-fundadores-do-modernismo-no-brasil","status":"publish","type":"post","link":"https:\/\/blogdoeloiltoncajuhy.com.br\/site\/ha-78-anos-morria-o-poeta-mario-de-andrade-um-dos-fundadores-do-modernismo-no-brasil\/","title":{"rendered":"H\u00e1 78 anos morria o poeta M\u00e1rio de Andrade, um dos fundadores do modernismo no Brasil"},"content":{"rendered":"\n<p><strong>Por Wikip\u00e9dia<\/strong><\/p>\n\n\n\n<figure class=\"wp-block-image aligncenter size-full\"><a href=\"https:\/\/i0.wp.com\/blogdoeloiltoncajuhy.com.br\/site\/wp-content\/uploads\/2023\/02\/Mario-de-Andrade.png\"><img data-recalc-dims=\"1\" fetchpriority=\"high\" decoding=\"async\" width=\"409\" height=\"556\" src=\"https:\/\/i0.wp.com\/blogdoeloiltoncajuhy.com.br\/site\/wp-content\/uploads\/2023\/02\/Mario-de-Andrade.png?resize=409%2C556\" alt=\"\" class=\"wp-image-72468\" srcset=\"https:\/\/i0.wp.com\/blogdoeloiltoncajuhy.com.br\/site\/wp-content\/uploads\/2023\/02\/Mario-de-Andrade.png?w=409&amp;ssl=1 409w, https:\/\/i0.wp.com\/blogdoeloiltoncajuhy.com.br\/site\/wp-content\/uploads\/2023\/02\/Mario-de-Andrade.png?resize=221%2C300&amp;ssl=1 221w\" sizes=\"(max-width: 409px) 100vw, 409px\" \/><\/a><\/figure>\n\n\n\n<p><strong>M\u00e1rio de Andrade<\/strong> foi poeta, contista, cronista, romancista, music\u00f3logo, historiador de arte, cr\u00edtico e fot\u00f3grafo brasileiro. Um dos fundadores do modernismo no pa\u00eds, ele praticamente criou a poesia brasileira moderna com a publica\u00e7\u00e3o de sua <em>Pauliceia Desvairada<\/em> em 1922. Teve uma influ\u00eancia enorme na literatura brasileira moderna e, como estudioso e ensa\u00edsta, foi pioneiro no campo da etnomusicologia. Sua influ\u00eancia chegou muito al\u00e9m do Brasil.<\/p>\n\n\n\n<p>Andrade foi a figura central do movimento de vanguarda de S\u00e3o Paulo por vinte anos. Treinado como m\u00fasico e mais conhecido como poeta e romancista, Andrade se envolveu pessoalmente em praticamente todas as disciplinas relacionadas ao modernismo paulistano. Suas fotografias e ensaios sobre uma ampla variedade de assuntos, da hist\u00f3ria \u00e0 literatura e \u00e0 m\u00fasica, foram amplamente publicados.<\/p>\n\n\n\n<p>Ele foi a for\u00e7a motriz por tr\u00e1s da Semana de Arte Moderna, o evento de 1922 que reformulou a literatura e as artes visuais no Brasil, e um membro do vanguardista Grupo dos Cinco. As ideias por tr\u00e1s da semana foram exploradas no pref\u00e1cio de sua cole\u00e7\u00e3o de poesia <em>Pauliceia Desvairada<\/em> e nos pr\u00f3prios poemas.<\/p>\n\n\n\n<p>Depois de trabalhar como professor de m\u00fasica e colunista de jornal, publicou seu grande romance, <em>Macuna\u00edma<\/em>, em 1928. Os trabalhos sobre m\u00fasica folcl\u00f3rica brasileira, poesia e outras tem\u00e1ticas foram seguidos de maneira desigual, muitas vezes interrompidos pela mudan\u00e7a na rela\u00e7\u00e3o de Andrade com o governo brasileiro. No final de sua vida, ele se tornou o diretor fundador do Departamento de Cultura de S\u00e3o Paulo, formalizando um papel que exercia h\u00e1 muito tempo como catalisador da entrada da cidade &#8211; e da na\u00e7\u00e3o &#8211; na modernidade art\u00edstica.<\/p>\n\n\n\n<p>M\u00e1rio de Andrade morreu em sua casa em S\u00e3o Paulo de um ataque card\u00edaco em 25 de fevereiro de 1945, aos 51 anos.<\/p>\n","protected":false},"excerpt":{"rendered":"<p>Por Wikip\u00e9dia M\u00e1rio de Andrade foi poeta, contista, cronista, romancista, music\u00f3logo, historiador de arte, cr\u00edtico e fot\u00f3grafo brasileiro. Um dos fundadores do modernismo no pa\u00eds, ele praticamente criou a poesia brasileira moderna com a publica\u00e7\u00e3o de sua Pauliceia Desvairada em 1922. Teve uma influ\u00eancia enorme na literatura brasileira moderna e, como estudioso e ensa\u00edsta, foi [&hellip;]<\/p>\n","protected":false},"author":2,"featured_media":72468,"comment_status":"open","ping_status":"open","sticky":false,"template":"","format":"standard","meta":{"_acf_changed":false,"_monsterinsights_skip_tracking":false,"_monsterinsights_sitenote_active":false,"_monsterinsights_sitenote_note":"","_monsterinsights_sitenote_category":0,"_jetpack_memberships_contains_paid_content":false,"footnotes":"","jetpack_publicize_message":"","jetpack_publicize_feature_enabled":true,"jetpack_social_post_already_shared":true,"jetpack_social_options":{"image_generator_settings":{"template":"highway","default_image_id":0,"font":"","enabled":false},"version":2}},"categories":[8],"tags":[],"class_list":["post-72467","post","type-post","status-publish","format-standard","has-post-thumbnail","hentry","category-cultura"],"acf":[],"jetpack_publicize_connections":[],"jetpack_featured_media_url":"https:\/\/i0.wp.com\/blogdoeloiltoncajuhy.com.br\/site\/wp-content\/uploads\/2023\/02\/Mario-de-Andrade.png?fit=409%2C556&ssl=1","jetpack_sharing_enabled":true,"publishpress_future_workflow_manual_trigger":{"enabledWorkflows":[]},"_links":{"self":[{"href":"https:\/\/blogdoeloiltoncajuhy.com.br\/site\/wp-json\/wp\/v2\/posts\/72467","targetHints":{"allow":["GET"]}}],"collection":[{"href":"https:\/\/blogdoeloiltoncajuhy.com.br\/site\/wp-json\/wp\/v2\/posts"}],"about":[{"href":"https:\/\/blogdoeloiltoncajuhy.com.br\/site\/wp-json\/wp\/v2\/types\/post"}],"author":[{"embeddable":true,"href":"https:\/\/blogdoeloiltoncajuhy.com.br\/site\/wp-json\/wp\/v2\/users\/2"}],"replies":[{"embeddable":true,"href":"https:\/\/blogdoeloiltoncajuhy.com.br\/site\/wp-json\/wp\/v2\/comments?post=72467"}],"version-history":[{"count":1,"href":"https:\/\/blogdoeloiltoncajuhy.com.br\/site\/wp-json\/wp\/v2\/posts\/72467\/revisions"}],"predecessor-version":[{"id":72469,"href":"https:\/\/blogdoeloiltoncajuhy.com.br\/site\/wp-json\/wp\/v2\/posts\/72467\/revisions\/72469"}],"wp:featuredmedia":[{"embeddable":true,"href":"https:\/\/blogdoeloiltoncajuhy.com.br\/site\/wp-json\/wp\/v2\/media\/72468"}],"wp:attachment":[{"href":"https:\/\/blogdoeloiltoncajuhy.com.br\/site\/wp-json\/wp\/v2\/media?parent=72467"}],"wp:term":[{"taxonomy":"category","embeddable":true,"href":"https:\/\/blogdoeloiltoncajuhy.com.br\/site\/wp-json\/wp\/v2\/categories?post=72467"},{"taxonomy":"post_tag","embeddable":true,"href":"https:\/\/blogdoeloiltoncajuhy.com.br\/site\/wp-json\/wp\/v2\/tags?post=72467"}],"curies":[{"name":"wp","href":"https:\/\/api.w.org\/{rel}","templated":true}]}}