{"id":72331,"date":"2023-02-18T09:15:28","date_gmt":"2023-02-18T12:15:28","guid":{"rendered":"http:\/\/blogdoeloiltoncajuhy.com.br\/site\/?p=72331"},"modified":"2023-02-18T09:28:17","modified_gmt":"2023-02-18T12:28:17","slug":"representantes-da-ugt-ba-se-reunem-com-ministro-da-previdencia-e-pedem-retorno-do-atendimento-presencial-nas-agencias-do-inss-no-piemonte-norte-do-itapicuru","status":"publish","type":"post","link":"https:\/\/blogdoeloiltoncajuhy.com.br\/site\/representantes-da-ugt-ba-se-reunem-com-ministro-da-previdencia-e-pedem-retorno-do-atendimento-presencial-nas-agencias-do-inss-no-piemonte-norte-do-itapicuru\/","title":{"rendered":"Representantes da UGT-BA se re\u00fanem com Ministro da Previd\u00eancia e pedem retorno do atendimento presencial nas ag\u00eancias do INSS no Piemonte Norte do Itapicuru"},"content":{"rendered":"\n<p><strong>Ascom Sismusb<\/strong><\/p>\n\n\n\n<figure class=\"wp-block-image aligncenter size-large is-resized\"><a href=\"https:\/\/i0.wp.com\/blogdoeloiltoncajuhy.com.br\/site\/wp-content\/uploads\/2023\/02\/Sismusb_Reuniao-UGT-ministro-previdencia.jpeg\"><img data-recalc-dims=\"1\" fetchpriority=\"high\" decoding=\"async\" src=\"https:\/\/i0.wp.com\/blogdoeloiltoncajuhy.com.br\/site\/wp-content\/uploads\/2023\/02\/Sismusb_Reuniao-UGT-ministro-previdencia.jpeg?resize=512%2C512\" alt=\"\" class=\"wp-image-72332\" width=\"512\" height=\"512\" srcset=\"https:\/\/i0.wp.com\/blogdoeloiltoncajuhy.com.br\/site\/wp-content\/uploads\/2023\/02\/Sismusb_Reuniao-UGT-ministro-previdencia.jpeg?resize=1024%2C1024&amp;ssl=1 1024w, https:\/\/i0.wp.com\/blogdoeloiltoncajuhy.com.br\/site\/wp-content\/uploads\/2023\/02\/Sismusb_Reuniao-UGT-ministro-previdencia.jpeg?resize=300%2C300&amp;ssl=1 300w, https:\/\/i0.wp.com\/blogdoeloiltoncajuhy.com.br\/site\/wp-content\/uploads\/2023\/02\/Sismusb_Reuniao-UGT-ministro-previdencia.jpeg?resize=150%2C150&amp;ssl=1 150w, https:\/\/i0.wp.com\/blogdoeloiltoncajuhy.com.br\/site\/wp-content\/uploads\/2023\/02\/Sismusb_Reuniao-UGT-ministro-previdencia.jpeg?resize=768%2C768&amp;ssl=1 768w, https:\/\/i0.wp.com\/blogdoeloiltoncajuhy.com.br\/site\/wp-content\/uploads\/2023\/02\/Sismusb_Reuniao-UGT-ministro-previdencia.jpeg?resize=1536%2C1536&amp;ssl=1 1536w, https:\/\/i0.wp.com\/blogdoeloiltoncajuhy.com.br\/site\/wp-content\/uploads\/2023\/02\/Sismusb_Reuniao-UGT-ministro-previdencia.jpeg?w=1600&amp;ssl=1 1600w\" sizes=\"(max-width: 512px) 100vw, 512px\" \/><\/a><\/figure>\n\n\n\n<p>Atendimento nas ag\u00eancias do INSS da regi\u00e3o norte da Bahia, o fim das filas de espera e a contrata\u00e7\u00e3o de mais servidores p\u00fablicos foram algumas das pautas defendidas pelo advogado L\u00facio S\u00e1 (Vice-Presidente da UGT-BA) e pelo dirigente sindical Raimundo Nonato (Sismusb) em reuni\u00e3o com o Ministro da Previd\u00eancia Social, Carlos Lupi, e lideran\u00e7as sindicais de todo o pa\u00eds.<\/p>\n\n\n\n<p>Na oportunidade, foram apresentadas as demandas da regi\u00e3o norte da Bahia, principalmente no que diz respeito aos atendimentos presenciais nas ag\u00eancias do INSS espalhadas pelo interior baiano. Com um concurso em andamento desde o ano passado, tamb\u00e9m salientaram a necessidade de convocar todos os candidatos aprovados em cadastro de reserva, cerca de 2.385 futuros servidores, que de acordo com L\u00facio S\u00e1, &#8220;poder\u00e3o dar mais dignidade aos cidad\u00e3os que dependem dos servi\u00e7os da previd\u00eancia social&#8221;.<\/p>\n\n\n\n<p>Em sua fala, o Ministro Carlos Lupi concordou que al\u00e9m dos canais digitais, deve fortalecer o atendimento presencial nas ag\u00eancias do INSS. Para isso, assegurou que pretende recompor o quadro de servidores da autarquia, representando mais um refor\u00e7o a quem procura as ag\u00eancias do INSS em busca dos seus direitos.<\/p>\n\n\n\n<p>A reuni\u00e3o foi transmitida ao vivo pelo YouTube, no canal da UGT, e pode ser conferida na \u00edntegra atrav\u00e9s do link <a href=\"https:\/\/www.youtube.com\/live\/GoPTtbV1kMc?f\" target=\"_blank\" rel=\"noreferrer noopener\">https:\/\/www.youtube.com\/live\/GoPTtbV1kMc?f<\/a><\/p>\n","protected":false},"excerpt":{"rendered":"<p>Ascom Sismusb Atendimento nas ag\u00eancias do INSS da regi\u00e3o norte da Bahia, o fim das filas de espera e a contrata\u00e7\u00e3o de mais servidores p\u00fablicos foram algumas das pautas defendidas pelo advogado L\u00facio S\u00e1 (Vice-Presidente da UGT-BA) e pelo dirigente sindical Raimundo Nonato (Sismusb) em reuni\u00e3o com o Ministro da Previd\u00eancia Social, Carlos Lupi, e [&hellip;]<\/p>\n","protected":false},"author":2,"featured_media":72332,"comment_status":"open","ping_status":"open","sticky":false,"template":"","format":"standard","meta":{"_acf_changed":false,"_monsterinsights_skip_tracking":false,"_monsterinsights_sitenote_active":false,"_monsterinsights_sitenote_note":"","_monsterinsights_sitenote_category":0,"_jetpack_memberships_contains_paid_content":false,"footnotes":"","jetpack_publicize_message":"","jetpack_publicize_feature_enabled":true,"jetpack_social_post_already_shared":true,"jetpack_social_options":{"image_generator_settings":{"template":"highway","default_image_id":0,"font":"","enabled":false},"version":2}},"categories":[4],"tags":[],"class_list":["post-72331","post","type-post","status-publish","format-standard","has-post-thumbnail","hentry","category-local"],"acf":[],"jetpack_publicize_connections":[],"jetpack_featured_media_url":"https:\/\/i0.wp.com\/blogdoeloiltoncajuhy.com.br\/site\/wp-content\/uploads\/2023\/02\/Sismusb_Reuniao-UGT-ministro-previdencia.jpeg?fit=1600%2C1600&ssl=1","jetpack_sharing_enabled":true,"publishpress_future_workflow_manual_trigger":{"enabledWorkflows":[]},"_links":{"self":[{"href":"https:\/\/blogdoeloiltoncajuhy.com.br\/site\/wp-json\/wp\/v2\/posts\/72331","targetHints":{"allow":["GET"]}}],"collection":[{"href":"https:\/\/blogdoeloiltoncajuhy.com.br\/site\/wp-json\/wp\/v2\/posts"}],"about":[{"href":"https:\/\/blogdoeloiltoncajuhy.com.br\/site\/wp-json\/wp\/v2\/types\/post"}],"author":[{"embeddable":true,"href":"https:\/\/blogdoeloiltoncajuhy.com.br\/site\/wp-json\/wp\/v2\/users\/2"}],"replies":[{"embeddable":true,"href":"https:\/\/blogdoeloiltoncajuhy.com.br\/site\/wp-json\/wp\/v2\/comments?post=72331"}],"version-history":[{"count":1,"href":"https:\/\/blogdoeloiltoncajuhy.com.br\/site\/wp-json\/wp\/v2\/posts\/72331\/revisions"}],"predecessor-version":[{"id":72333,"href":"https:\/\/blogdoeloiltoncajuhy.com.br\/site\/wp-json\/wp\/v2\/posts\/72331\/revisions\/72333"}],"wp:featuredmedia":[{"embeddable":true,"href":"https:\/\/blogdoeloiltoncajuhy.com.br\/site\/wp-json\/wp\/v2\/media\/72332"}],"wp:attachment":[{"href":"https:\/\/blogdoeloiltoncajuhy.com.br\/site\/wp-json\/wp\/v2\/media?parent=72331"}],"wp:term":[{"taxonomy":"category","embeddable":true,"href":"https:\/\/blogdoeloiltoncajuhy.com.br\/site\/wp-json\/wp\/v2\/categories?post=72331"},{"taxonomy":"post_tag","embeddable":true,"href":"https:\/\/blogdoeloiltoncajuhy.com.br\/site\/wp-json\/wp\/v2\/tags?post=72331"}],"curies":[{"name":"wp","href":"https:\/\/api.w.org\/{rel}","templated":true}]}}