{"id":72324,"date":"2023-02-18T02:00:00","date_gmt":"2023-02-18T05:00:00","guid":{"rendered":"http:\/\/blogdoeloiltoncajuhy.com.br\/site\/?p=72324"},"modified":"2023-02-17T20:11:41","modified_gmt":"2023-02-17T23:11:41","slug":"dino-celebra-recadastramento-de-quase-70-mil-armas-e-reforca-brasil-nao-e-faroeste-de-filme","status":"publish","type":"post","link":"https:\/\/blogdoeloiltoncajuhy.com.br\/site\/dino-celebra-recadastramento-de-quase-70-mil-armas-e-reforca-brasil-nao-e-faroeste-de-filme\/","title":{"rendered":"Dino celebra recadastramento de quase 70 mil armas e refor\u00e7a: &#8220;Brasil n\u00e3o \u00e9 faroeste de filme&#8221;"},"content":{"rendered":"\n<p class=\"has-medium-font-size\"><em>Ministro da Justi\u00e7a e Seguran\u00e7a P\u00fablica apresenta resultados da nova pol\u00edtica em rela\u00e7\u00e3o \u00e0s armas e faz balan\u00e7o de a\u00e7\u00f5es na Terra Yanomami e em torno do 8 de janeiro.<\/em><\/p>\n\n\n\n<p><strong>Secretaria de Comunica\u00e7\u00e3o Social da Presid\u00eancia da Rep\u00fablica<\/strong><\/p>\n\n\n\n<figure class=\"wp-block-image aligncenter size-full\"><a href=\"https:\/\/i0.wp.com\/blogdoeloiltoncajuhy.com.br\/site\/wp-content\/uploads\/2023\/02\/Ministro-Flavio-Dino-Foto_Tom-Costa-MJSP.jpg\"><img data-recalc-dims=\"1\" fetchpriority=\"high\" decoding=\"async\" width=\"768\" height=\"398\" src=\"https:\/\/i0.wp.com\/blogdoeloiltoncajuhy.com.br\/site\/wp-content\/uploads\/2023\/02\/Ministro-Flavio-Dino-Foto_Tom-Costa-MJSP.jpg?resize=768%2C398\" alt=\"\" class=\"wp-image-72325\" srcset=\"https:\/\/i0.wp.com\/blogdoeloiltoncajuhy.com.br\/site\/wp-content\/uploads\/2023\/02\/Ministro-Flavio-Dino-Foto_Tom-Costa-MJSP.jpg?w=768&amp;ssl=1 768w, https:\/\/i0.wp.com\/blogdoeloiltoncajuhy.com.br\/site\/wp-content\/uploads\/2023\/02\/Ministro-Flavio-Dino-Foto_Tom-Costa-MJSP.jpg?resize=300%2C155&amp;ssl=1 300w\" sizes=\"(max-width: 768px) 100vw, 768px\" \/><\/a><figcaption class=\"wp-element-caption\"><sub>Recadastramento \u00e9 obrigat\u00f3rio e ter\u00e1 dura\u00e7\u00e3o at\u00e9 o fim de mar\u00e7o &#8211; Foto: Tom Costa (Minist\u00e9rio da Justi\u00e7a e Seguran\u00e7a P\u00fablica)<\/sub><\/figcaption><\/figure>\n\n\n\n<p>A Pol\u00edcia Federal recebeu quase 70 mil pedidos de recadastramento de armas desde que o decreto de 1\u00ba de janeiro, assinado pelo presidente da Rep\u00fablica, Luiz In\u00e1cio Lula da Silva, determinou uma nova postura em rela\u00e7\u00e3o ao tema no pa\u00eds. Ao todo, 66.488 armas de uso permitido e outras 2.474 armas de uso restrito passaram a constar em novo registro nacional, sob controle da Pol\u00edcia Federal. Os dados foram apresentados pelo ministro da Justi\u00e7a e Seguran\u00e7a P\u00fablica, Fl\u00e1vio Dino, na quinta-feira (16\/2).<\/p>\n\n\n\n<p>De acordo com Dino, o decreto, que j\u00e1 foi julgado constitucionalmente v\u00e1lido pelo Supremo Tribunal Federal, tem o objetivo de estabelecer um &#8220;controle respons\u00e1vel&#8221; para a posse de armamentos no Brasil. O STF acatou pedido da Advocacia-Geral da Uni\u00e3o (AGU) e suspendeu na quarta, em decis\u00e3o cautelar, todos os processos que questionavam a validade do normativo.<\/p>\n\n\n\n<p>Segundo Fl\u00e1vio Dino, &#8220;acabou o liberou geral&#8221; de armas. &#8220;O Brasil n\u00e3o \u00e9 faroeste de filme&#8221;, disse o ministro, que reafirmou que a perspectiva agora \u00e9 da constru\u00e7\u00e3o de um pa\u00eds democr\u00e1tico e de paz. Com um m\u00eas e meio de vig\u00eancia, o decreto j\u00e1 produziu efeitos positivos, segundo o ministro, n\u00e3o apenas na legaliza\u00e7\u00e3o das armas, mas tamb\u00e9m na redu\u00e7\u00e3o de novas aquisi\u00e7\u00f5es.<\/p>\n\n\n\n<p>&#8220;Observamos uma queda substantiva. Alguns n\u00fameros j\u00e1 foram divulgados, mas temos novos n\u00fameros sobre requerimentos de registros de armas em um n\u00famero consolidado sobre janeiro. Em 2022, houve pedidos de registros de 9.719 armas. Este n\u00famero, em janeiro de 2023, caiu para 3.888&#8221;, relatou Fl\u00e1vio Dino.<\/p>\n\n\n\n<p>O recadastramento \u00e9 obrigat\u00f3rio e ter\u00e1 dura\u00e7\u00e3o at\u00e9 o fim de mar\u00e7o. Ap\u00f3s o per\u00edodo, o Minist\u00e9rio da Justi\u00e7a e Seguran\u00e7a P\u00fablica pretende instalar uma consulta p\u00fablica, ouvindo pessoas f\u00edsicas e jur\u00eddicas interessadas, desde a Advocacia-Geral da Uni\u00e3o, a ind\u00fastria armamentista, confedera\u00e7\u00f5es de tiros, para a constru\u00e7\u00e3o de uma legisla\u00e7\u00e3o mais definitiva a partir de uma perspectiva democr\u00e1tica e participativa.<\/p>\n\n\n\n<p><strong>8 DE JANEIRO<\/strong> \u2014 Os ataques antidemocr\u00e1ticos de 8 de janeiro seguem na pauta priorit\u00e1ria do minist\u00e9rio e de \u00f3rg\u00e3os de seguran\u00e7a p\u00fablica. Segundo Fl\u00e1vio Dino, existem 85 inqu\u00e9ritos policias abertos para investigar os atos terroristas, sendo sete no Distrito Federal e 78 coordenados em outros estados.<\/p>\n\n\n\n<p>Dino afirma que dos quase 1,5 mil pedidos de pris\u00e3o efetuados, 36 j\u00e1 foram deferidas com requerimento da Pol\u00edcia Federal em pris\u00f5es preventivas. Desse total, 24 pris\u00f5es foram cumpridas e as outras 12 t\u00eam mandados expedidos.<\/p>\n\n\n\n<p>O ministro ressalta que n\u00e3o h\u00e1 prazo para encerrar as investiga\u00e7\u00f5es e nem o cumprimento das san\u00e7\u00f5es. &#8220;O assunto do 8 de janeiro vai se estender processualmente por meses e at\u00e9 anos. Uma coisa \u00e9 a pauta pol\u00edtica e outra \u00e9 a judicial&#8221;, disse Dino.<\/p>\n\n\n\n<p>Assim, os n\u00fameros referentes a opera\u00e7\u00f5es relacionadas aos ataques \u00e0s sedes dos Tr\u00eas Poderes ser\u00e3o atualizados constantemente. Cerca de 850 a\u00e7\u00f5es penais foram propostas ao Supremo Tribunal Federal, revelou Dino, ap\u00f3s reuni\u00e3o com o Procurador-Geral da Rep\u00fablica, Augusto Aras.<\/p>\n\n\n\n<p><strong>YANOMAMI<\/strong> \u2014 Fl\u00e1vio Dino tamb\u00e9m abordou um panorama das opera\u00e7\u00f5es conduzidas em torno da crise do Povo Yanomami em Roraima. A Pol\u00edcia Federal e a For\u00e7a Nacional continuam atuando na regi\u00e3o.<\/p>\n\n\n\n<p>&#8220;A novidade que temos \u00e9 que na pr\u00f3xima quarta eu e o ministro Jos\u00e9 Mucio, da Defesa, vamos fazer uma reuni\u00e3o para o planejamento das pr\u00f3ximas etapas. Provavelmente, haver\u00e1 um novo fechamento do espa\u00e7o a\u00e9reo sobre o territ\u00f3rio Yanomami para agilizar a sa\u00edda de garimpeiros que ainda permanecem em pequeno n\u00famero&#8221;, disse Dino.<\/p>\n\n\n\n<p>Enquanto as pr\u00f3ximas etapas est\u00e3o sendo determinadas pelos minist\u00e9rios e For\u00e7as Armadas, o trabalho de apreens\u00f5es \u00e9 feito diariamente, com foco em embarca\u00e7\u00f5es, equipamentos de extra\u00e7\u00e3o de min\u00e9rios, combust\u00edveis, aeronaves e ferramentas usadas nas a\u00e7\u00f5es ilegais de garimpeiros.<\/p>\n","protected":false},"excerpt":{"rendered":"<p>Ministro da Justi\u00e7a e Seguran\u00e7a P\u00fablica apresenta resultados da nova pol\u00edtica em rela\u00e7\u00e3o \u00e0s armas e faz balan\u00e7o de a\u00e7\u00f5es na Terra Yanomami e em torno do 8 de janeiro. Secretaria de Comunica\u00e7\u00e3o Social da Presid\u00eancia da Rep\u00fablica A Pol\u00edcia Federal recebeu quase 70 mil pedidos de recadastramento de armas desde que o decreto de [&hellip;]<\/p>\n","protected":false},"author":2,"featured_media":72325,"comment_status":"open","ping_status":"open","sticky":false,"template":"","format":"standard","meta":{"_acf_changed":false,"_monsterinsights_skip_tracking":false,"_monsterinsights_sitenote_active":false,"_monsterinsights_sitenote_note":"","_monsterinsights_sitenote_category":0,"_jetpack_memberships_contains_paid_content":false,"footnotes":"","jetpack_publicize_message":"","jetpack_publicize_feature_enabled":true,"jetpack_social_post_already_shared":true,"jetpack_social_options":{"image_generator_settings":{"template":"highway","default_image_id":0,"font":"","enabled":false},"version":2}},"categories":[1],"tags":[],"class_list":["post-72324","post","type-post","status-publish","format-standard","has-post-thumbnail","hentry","category-noticias"],"acf":[],"jetpack_publicize_connections":[],"jetpack_featured_media_url":"https:\/\/i0.wp.com\/blogdoeloiltoncajuhy.com.br\/site\/wp-content\/uploads\/2023\/02\/Ministro-Flavio-Dino-Foto_Tom-Costa-MJSP.jpg?fit=768%2C398&ssl=1","jetpack_sharing_enabled":true,"publishpress_future_workflow_manual_trigger":{"enabledWorkflows":[]},"_links":{"self":[{"href":"https:\/\/blogdoeloiltoncajuhy.com.br\/site\/wp-json\/wp\/v2\/posts\/72324","targetHints":{"allow":["GET"]}}],"collection":[{"href":"https:\/\/blogdoeloiltoncajuhy.com.br\/site\/wp-json\/wp\/v2\/posts"}],"about":[{"href":"https:\/\/blogdoeloiltoncajuhy.com.br\/site\/wp-json\/wp\/v2\/types\/post"}],"author":[{"embeddable":true,"href":"https:\/\/blogdoeloiltoncajuhy.com.br\/site\/wp-json\/wp\/v2\/users\/2"}],"replies":[{"embeddable":true,"href":"https:\/\/blogdoeloiltoncajuhy.com.br\/site\/wp-json\/wp\/v2\/comments?post=72324"}],"version-history":[{"count":1,"href":"https:\/\/blogdoeloiltoncajuhy.com.br\/site\/wp-json\/wp\/v2\/posts\/72324\/revisions"}],"predecessor-version":[{"id":72326,"href":"https:\/\/blogdoeloiltoncajuhy.com.br\/site\/wp-json\/wp\/v2\/posts\/72324\/revisions\/72326"}],"wp:featuredmedia":[{"embeddable":true,"href":"https:\/\/blogdoeloiltoncajuhy.com.br\/site\/wp-json\/wp\/v2\/media\/72325"}],"wp:attachment":[{"href":"https:\/\/blogdoeloiltoncajuhy.com.br\/site\/wp-json\/wp\/v2\/media?parent=72324"}],"wp:term":[{"taxonomy":"category","embeddable":true,"href":"https:\/\/blogdoeloiltoncajuhy.com.br\/site\/wp-json\/wp\/v2\/categories?post=72324"},{"taxonomy":"post_tag","embeddable":true,"href":"https:\/\/blogdoeloiltoncajuhy.com.br\/site\/wp-json\/wp\/v2\/tags?post=72324"}],"curies":[{"name":"wp","href":"https:\/\/api.w.org\/{rel}","templated":true}]}}