{"id":72321,"date":"2023-02-18T02:00:00","date_gmt":"2023-02-18T05:00:00","guid":{"rendered":"http:\/\/blogdoeloiltoncajuhy.com.br\/site\/?p=72321"},"modified":"2023-02-17T20:03:37","modified_gmt":"2023-02-17T23:03:37","slug":"dia-nacional-de-combate-ao-alcoolismo-consumo-abusivo-pode-potencializar-depressao-e-ansiedade","status":"publish","type":"post","link":"https:\/\/blogdoeloiltoncajuhy.com.br\/site\/dia-nacional-de-combate-ao-alcoolismo-consumo-abusivo-pode-potencializar-depressao-e-ansiedade\/","title":{"rendered":"Dia Nacional de Combate ao Alcoolismo: Consumo abusivo pode potencializar depress\u00e3o e ansiedade"},"content":{"rendered":"\n<p class=\"has-medium-font-size\"><em>Segundo psic\u00f3loga, h\u00e1 uma grande necessidade de fortalecer as a\u00e7\u00f5es de cuidado na sa\u00fade mental e desmistifica\u00e7\u00e3o do preconceito que impedem as pessoas de buscarem ajuda.<\/em><\/p>\n\n\n\n<p><strong>Por Comunicativa<\/strong><\/p>\n\n\n\n<figure class=\"wp-block-image aligncenter size-full\"><a href=\"https:\/\/i0.wp.com\/blogdoeloiltoncajuhy.com.br\/site\/wp-content\/uploads\/2023\/02\/Alcoolismo-Alcool.jpg\"><img data-recalc-dims=\"1\" fetchpriority=\"high\" decoding=\"async\" width=\"800\" height=\"450\" src=\"https:\/\/i0.wp.com\/blogdoeloiltoncajuhy.com.br\/site\/wp-content\/uploads\/2023\/02\/Alcoolismo-Alcool.jpg?resize=800%2C450\" alt=\"\" class=\"wp-image-72322\" srcset=\"https:\/\/i0.wp.com\/blogdoeloiltoncajuhy.com.br\/site\/wp-content\/uploads\/2023\/02\/Alcoolismo-Alcool.jpg?w=859&amp;ssl=1 859w, https:\/\/i0.wp.com\/blogdoeloiltoncajuhy.com.br\/site\/wp-content\/uploads\/2023\/02\/Alcoolismo-Alcool.jpg?resize=300%2C169&amp;ssl=1 300w, https:\/\/i0.wp.com\/blogdoeloiltoncajuhy.com.br\/site\/wp-content\/uploads\/2023\/02\/Alcoolismo-Alcool.jpg?resize=768%2C432&amp;ssl=1 768w\" sizes=\"(max-width: 800px) 100vw, 800px\" \/><\/a><figcaption class=\"wp-element-caption\"><sub>Divulga\u00e7\u00e3o<\/sub><\/figcaption><\/figure>\n\n\n\n<p>Alcoolismo ou depend\u00eancia de \u00e1lcool \u00e9 uma doen\u00e7a cr\u00f4nica e multifatorial; e \u00e9 um dos transtornos mentais mais comuns relacionados ao consumo de bebida alco\u00f3lica. Segundo a Organiza\u00e7\u00e3o Mundial da Sa\u00fade (OMS), o problema envolve um conjunto de fen\u00f4menos comportamentais, cognitivos e fisiol\u00f3gicos que se desenvolvem ap\u00f3s o uso repetido de \u00e1lcool. Para chamar aten\u00e7\u00e3o a esse tema de sa\u00fade p\u00fablica, <strong>o dia 18 de fevereiro \u00e9 marcado pela conscientiza\u00e7\u00e3o sobre os danos e doen\u00e7as que o consumo excessivo de bebidas alco\u00f3licas pode causar<\/strong>.<\/p>\n\n\n\n<p>A Pesquisa \u00c1lcool e a Sa\u00fade dos Brasileiros: Panorama 2022, produzido pelo Centro de Informa\u00e7\u00f5es sobre Sa\u00fade e \u00c1lcool (CISA), aponta que nos \u00faltimos dois anos, por conta da pandemia provocada pela Covid-19, os \u00f3bitos totalmente atribu\u00edveis ao \u00e1lcool sofreram um aumento de 24% entre 2019 e 2020. Os dados sugerem que houve efeitos da pandemia no consumo nocivo de \u00e1lcool e suas consequ\u00eancias \u00e0 sa\u00fade.<\/p>\n\n\n\n<p>\u201c\u00c9 muito comum as pessoas fazerem uso do \u00e1lcool como uma esp\u00e9cie de rem\u00e9dio, como uma estrat\u00e9gia para al\u00edvio da tristeza e ansiedade. Na pandemia isso foi intensificado e, de fato, por ser uma droga depressora do sistema nervoso central, pode trazer um al\u00edvio imediato\u201d, afirma a psic\u00f3loga, especialista em Sa\u00fade Mental e Subst\u00e2ncias Psicoativas e professora do curso de Psicologia do Centro Universit\u00e1rio UniFG, Miri\u00e3 Lima.<\/p>\n\n\n\n<p>Al\u00e9m da pandemia, estudos tamb\u00e9m apresentam fatores referentes \u00e0 hereditariedade no abuso de \u00e1lcool, bem como os fatores f\u00edsicos, de desenvolvimento, psicossociais e comportamentais relacionados ao uso da bebida por jovens.<\/p>\n\n\n\n<p>Segundo a psic\u00f3loga, \u00e9 de suma import\u00e2ncia que todos fiquem atentos aos sinais mais evidentes do consumo exagerado de \u00e1lcool, que est\u00e3o descritos na Classifica\u00e7\u00e3o Internacional de Doen\u00e7as (CID-10): desejo forte ou senso de compuls\u00e3o para consumir a subst\u00e2ncia; dificuldade em controlar o comportamento de consumir o \u00e1lcool; estado de abstin\u00eancia diante da falta da subst\u00e2ncia; aumento de doses; evid\u00eancia de toler\u00e2ncia; abandono progressivo de prazeres alternativos em favor do uso do \u00e1lcool; persist\u00eancia do uso mesmo diante de preju\u00edzos vivenciados tanto na sa\u00fade, como nas rela\u00e7\u00f5es familiares e no trabalho.<\/p>\n\n\n\n<p>\u201cO uso abusivo e cont\u00ednuo \u00e9 muito prejudicial e pode trazer maiores comprometimentos para sa\u00fade mental, potencializando a depress\u00e3o, ansiedade e at\u00e9 mesmo aumentar o risco de suic\u00eddio. A sa\u00fade mental requer cuidados para al\u00e9m de um al\u00edvio imediato. Isso mostra a necessidade de fortalecer as a\u00e7\u00f5es de cuidado na sa\u00fade mental e desmistifica\u00e7\u00e3o do preconceito que impedem as pessoas de buscarem ajuda\u201d, pontua a especialista.<\/p>\n\n\n\n<p>Lima chama a aten\u00e7\u00e3o para o fato de que o consumo de \u00e1lcool tem se iniciado cada vez mais cedo, o que contribui para a gravidade do problema de sa\u00fade p\u00fablica. \u201cVale ressaltar que os estudantes universit\u00e1rios est\u00e3o vulner\u00e1veis ao aumento do consumo de \u00e1lcool. Diante dessa realidade, o tema precisa ser mais discutido nos espa\u00e7os universit\u00e1rios e nas pol\u00edticas p\u00fablicas visando a implementa\u00e7\u00e3o de programas de preven\u00e7\u00e3o, guiados por evid\u00eancias cient\u00edficas nos diversos contextos. Precisamos unir esfor\u00e7os para a busca de modelos de prote\u00e7\u00e3o e produ\u00e7\u00e3o de sa\u00fade, reconhecimento do sujeito que faz uso enquanto pessoa, e na desmistifica\u00e7\u00e3o dos estigmas associados ao consumo\u201d, finaliza a professora da UniFG.<\/p>\n","protected":false},"excerpt":{"rendered":"<p>Segundo psic\u00f3loga, h\u00e1 uma grande necessidade de fortalecer as a\u00e7\u00f5es de cuidado na sa\u00fade mental e desmistifica\u00e7\u00e3o do preconceito que impedem as pessoas de buscarem ajuda. Por Comunicativa Alcoolismo ou depend\u00eancia de \u00e1lcool \u00e9 uma doen\u00e7a cr\u00f4nica e multifatorial; e \u00e9 um dos transtornos mentais mais comuns relacionados ao consumo de bebida alco\u00f3lica. Segundo a [&hellip;]<\/p>\n","protected":false},"author":2,"featured_media":72322,"comment_status":"open","ping_status":"open","sticky":false,"template":"","format":"standard","meta":{"_acf_changed":false,"_monsterinsights_skip_tracking":false,"_monsterinsights_sitenote_active":false,"_monsterinsights_sitenote_note":"","_monsterinsights_sitenote_category":0,"_jetpack_memberships_contains_paid_content":false,"footnotes":"","jetpack_publicize_message":"","jetpack_publicize_feature_enabled":true,"jetpack_social_post_already_shared":true,"jetpack_social_options":{"image_generator_settings":{"template":"highway","default_image_id":0,"font":"","enabled":false},"version":2}},"categories":[7],"tags":[],"class_list":["post-72321","post","type-post","status-publish","format-standard","has-post-thumbnail","hentry","category-saude"],"acf":[],"jetpack_publicize_connections":[],"jetpack_featured_media_url":"https:\/\/i0.wp.com\/blogdoeloiltoncajuhy.com.br\/site\/wp-content\/uploads\/2023\/02\/Alcoolismo-Alcool.jpg?fit=859%2C483&ssl=1","jetpack_sharing_enabled":true,"publishpress_future_workflow_manual_trigger":{"enabledWorkflows":[]},"_links":{"self":[{"href":"https:\/\/blogdoeloiltoncajuhy.com.br\/site\/wp-json\/wp\/v2\/posts\/72321","targetHints":{"allow":["GET"]}}],"collection":[{"href":"https:\/\/blogdoeloiltoncajuhy.com.br\/site\/wp-json\/wp\/v2\/posts"}],"about":[{"href":"https:\/\/blogdoeloiltoncajuhy.com.br\/site\/wp-json\/wp\/v2\/types\/post"}],"author":[{"embeddable":true,"href":"https:\/\/blogdoeloiltoncajuhy.com.br\/site\/wp-json\/wp\/v2\/users\/2"}],"replies":[{"embeddable":true,"href":"https:\/\/blogdoeloiltoncajuhy.com.br\/site\/wp-json\/wp\/v2\/comments?post=72321"}],"version-history":[{"count":1,"href":"https:\/\/blogdoeloiltoncajuhy.com.br\/site\/wp-json\/wp\/v2\/posts\/72321\/revisions"}],"predecessor-version":[{"id":72323,"href":"https:\/\/blogdoeloiltoncajuhy.com.br\/site\/wp-json\/wp\/v2\/posts\/72321\/revisions\/72323"}],"wp:featuredmedia":[{"embeddable":true,"href":"https:\/\/blogdoeloiltoncajuhy.com.br\/site\/wp-json\/wp\/v2\/media\/72322"}],"wp:attachment":[{"href":"https:\/\/blogdoeloiltoncajuhy.com.br\/site\/wp-json\/wp\/v2\/media?parent=72321"}],"wp:term":[{"taxonomy":"category","embeddable":true,"href":"https:\/\/blogdoeloiltoncajuhy.com.br\/site\/wp-json\/wp\/v2\/categories?post=72321"},{"taxonomy":"post_tag","embeddable":true,"href":"https:\/\/blogdoeloiltoncajuhy.com.br\/site\/wp-json\/wp\/v2\/tags?post=72321"}],"curies":[{"name":"wp","href":"https:\/\/api.w.org\/{rel}","templated":true}]}}