{"id":71758,"date":"2023-01-19T19:57:50","date_gmt":"2023-01-19T22:57:50","guid":{"rendered":"http:\/\/blogdoeloiltoncajuhy.com.br\/site\/?p=71758"},"modified":"2023-01-19T19:57:53","modified_gmt":"2023-01-19T22:57:53","slug":"bahia-registra-640-casos-de-covid-19-e-mais-10-obitos","status":"publish","type":"post","link":"https:\/\/blogdoeloiltoncajuhy.com.br\/site\/bahia-registra-640-casos-de-covid-19-e-mais-10-obitos\/","title":{"rendered":"Bahia registra 640 casos de Covid-19 e mais 10 \u00f3bitos"},"content":{"rendered":"\n<p><strong>Ascom\/Sesab<\/strong><\/p>\n\n\n\n<figure class=\"wp-block-image aligncenter size-full is-resized\"><a href=\"https:\/\/i0.wp.com\/blogdoeloiltoncajuhy.com.br\/site\/wp-content\/uploads\/2022\/04\/Corona_Mascara_18042022.png\"><img data-recalc-dims=\"1\" fetchpriority=\"high\" decoding=\"async\" src=\"https:\/\/i0.wp.com\/blogdoeloiltoncajuhy.com.br\/site\/wp-content\/uploads\/2022\/04\/Corona_Mascara_18042022.png?resize=608%2C407\" alt=\"\" class=\"wp-image-64301\" width=\"608\" height=\"407\" srcset=\"https:\/\/i0.wp.com\/blogdoeloiltoncajuhy.com.br\/site\/wp-content\/uploads\/2022\/04\/Corona_Mascara_18042022.png?w=810&amp;ssl=1 810w, https:\/\/i0.wp.com\/blogdoeloiltoncajuhy.com.br\/site\/wp-content\/uploads\/2022\/04\/Corona_Mascara_18042022.png?resize=300%2C201&amp;ssl=1 300w, https:\/\/i0.wp.com\/blogdoeloiltoncajuhy.com.br\/site\/wp-content\/uploads\/2022\/04\/Corona_Mascara_18042022.png?resize=768%2C515&amp;ssl=1 768w\" sizes=\"(max-width: 608px) 100vw, 608px\" \/><\/a><\/figure>\n\n\n\n<p>Na Bahia, nas \u00faltimas 24 horas, foram registrados\u00a0640\u00a0casos de Covid-19, 766 recuperados e 10 \u00f3bitos. Dos\u00a01.782.592\u00a0casos confirmados desde o in\u00edcio da pandemia,\u00a01.749.850\u00a0j\u00e1 s\u00e3o considerados recuperados,\u00a01.396\u00a0encontram-se ativos e\u00a031.346\u00a0tiveram \u00f3bito confirmado.<\/p>\n\n\n\n<p>O\u00a0<a rel=\"noreferrer noopener\" href=\"http:\/\/www.saude.ba.gov.br\/wp-content\/uploads\/2023\/01\/Boletim-Infografico-19-01-2023.pdf\" target=\"_blank\">boletim epidemiol\u00f3gico<\/a>\u00a0desta quinta-feira (19) contabiliza ainda 2.082.829 casos descartados e 374.030 em investiga\u00e7\u00e3o. Estes dados representam notifica\u00e7\u00f5es oficiais compiladas at\u00e9 \u00e0s 17h desta quinta-feira.<\/p>\n\n\n\n<p>Na Bahia\u00a071.737\u00a0profissionais da sa\u00fade foram confirmados para Covid-19. Para acessar o boletim completo,\u00a0<a rel=\"noreferrer noopener\" href=\"http:\/\/www.saude.ba.gov.br\/wp-content\/uploads\/2023\/01\/BOLETIM_ELETRONICO_BAHIAN_995___19012023.pdf\" target=\"_blank\">clique aqui<\/a>\u00a0ou acesse o\u00a0<a rel=\"noreferrer noopener\" href=\"https:\/\/bi.saude.ba.gov.br\/transparencia\/\" target=\"_blank\">Business Intelligence<\/a>.<\/p>\n","protected":false},"excerpt":{"rendered":"<p>Ascom\/Sesab Na Bahia, nas \u00faltimas 24 horas, foram registrados\u00a0640\u00a0casos de Covid-19, 766 recuperados e 10 \u00f3bitos. Dos\u00a01.782.592\u00a0casos confirmados desde o in\u00edcio da pandemia,\u00a01.749.850\u00a0j\u00e1 s\u00e3o considerados recuperados,\u00a01.396\u00a0encontram-se ativos e\u00a031.346\u00a0tiveram \u00f3bito confirmado. O\u00a0boletim epidemiol\u00f3gico\u00a0desta quinta-feira (19) contabiliza ainda 2.082.829 casos descartados e 374.030 em investiga\u00e7\u00e3o. Estes dados representam notifica\u00e7\u00f5es oficiais compiladas at\u00e9 \u00e0s 17h desta quinta-feira. Na [&hellip;]<\/p>\n","protected":false},"author":2,"featured_media":62868,"comment_status":"open","ping_status":"open","sticky":false,"template":"","format":"standard","meta":{"_acf_changed":false,"_monsterinsights_skip_tracking":false,"_monsterinsights_sitenote_active":false,"_monsterinsights_sitenote_note":"","_monsterinsights_sitenote_category":0,"_jetpack_memberships_contains_paid_content":false,"footnotes":"","jetpack_publicize_message":"","jetpack_publicize_feature_enabled":true,"jetpack_social_post_already_shared":true,"jetpack_social_options":{"image_generator_settings":{"template":"highway","default_image_id":0,"font":"","enabled":false},"version":2}},"categories":[7],"tags":[],"class_list":["post-71758","post","type-post","status-publish","format-standard","has-post-thumbnail","hentry","category-saude"],"acf":[],"jetpack_publicize_connections":[],"jetpack_featured_media_url":"https:\/\/i0.wp.com\/blogdoeloiltoncajuhy.com.br\/site\/wp-content\/uploads\/2022\/02\/CORONAVIRUS-15022022.jpg?fit=825%2C470&ssl=1","jetpack_sharing_enabled":true,"publishpress_future_workflow_manual_trigger":{"enabledWorkflows":[]},"_links":{"self":[{"href":"https:\/\/blogdoeloiltoncajuhy.com.br\/site\/wp-json\/wp\/v2\/posts\/71758","targetHints":{"allow":["GET"]}}],"collection":[{"href":"https:\/\/blogdoeloiltoncajuhy.com.br\/site\/wp-json\/wp\/v2\/posts"}],"about":[{"href":"https:\/\/blogdoeloiltoncajuhy.com.br\/site\/wp-json\/wp\/v2\/types\/post"}],"author":[{"embeddable":true,"href":"https:\/\/blogdoeloiltoncajuhy.com.br\/site\/wp-json\/wp\/v2\/users\/2"}],"replies":[{"embeddable":true,"href":"https:\/\/blogdoeloiltoncajuhy.com.br\/site\/wp-json\/wp\/v2\/comments?post=71758"}],"version-history":[{"count":1,"href":"https:\/\/blogdoeloiltoncajuhy.com.br\/site\/wp-json\/wp\/v2\/posts\/71758\/revisions"}],"predecessor-version":[{"id":71759,"href":"https:\/\/blogdoeloiltoncajuhy.com.br\/site\/wp-json\/wp\/v2\/posts\/71758\/revisions\/71759"}],"wp:featuredmedia":[{"embeddable":true,"href":"https:\/\/blogdoeloiltoncajuhy.com.br\/site\/wp-json\/wp\/v2\/media\/62868"}],"wp:attachment":[{"href":"https:\/\/blogdoeloiltoncajuhy.com.br\/site\/wp-json\/wp\/v2\/media?parent=71758"}],"wp:term":[{"taxonomy":"category","embeddable":true,"href":"https:\/\/blogdoeloiltoncajuhy.com.br\/site\/wp-json\/wp\/v2\/categories?post=71758"},{"taxonomy":"post_tag","embeddable":true,"href":"https:\/\/blogdoeloiltoncajuhy.com.br\/site\/wp-json\/wp\/v2\/tags?post=71758"}],"curies":[{"name":"wp","href":"https:\/\/api.w.org\/{rel}","templated":true}]}}