{"id":71750,"date":"2023-01-19T16:02:40","date_gmt":"2023-01-19T19:02:40","guid":{"rendered":"http:\/\/blogdoeloiltoncajuhy.com.br\/site\/?p=71750"},"modified":"2023-01-19T16:02:44","modified_gmt":"2023-01-19T19:02:44","slug":"luiz-caldas-60-anos-e-as-suas-musicas-mais-tocadas-no-brasil","status":"publish","type":"post","link":"https:\/\/blogdoeloiltoncajuhy.com.br\/site\/luiz-caldas-60-anos-e-as-suas-musicas-mais-tocadas-no-brasil\/","title":{"rendered":"Luiz Caldas: 60 anos e as suas m\u00fasicas mais tocadas no Brasil"},"content":{"rendered":"\n<p class=\"has-medium-font-size\"><em>Ecad fez levantamento sobre as obras musicais do artista, com destaque para \u201cHaja amor\u201d, \u201cFricote\u201d e \u201cO que que essa nega quer\u201d.<\/em><\/p>\n\n\n\n<p><strong>Imprensa Ecad<\/strong><\/p>\n\n\n\n<figure class=\"wp-block-image aligncenter size-full\"><a href=\"https:\/\/i0.wp.com\/blogdoeloiltoncajuhy.com.br\/site\/wp-content\/uploads\/2023\/01\/Luiz-Caldas-festeja-60-anos-%E2%80%94-Foto-Rafael-Martins.webp\"><img data-recalc-dims=\"1\" fetchpriority=\"high\" decoding=\"async\" width=\"800\" height=\"533\" src=\"https:\/\/i0.wp.com\/blogdoeloiltoncajuhy.com.br\/site\/wp-content\/uploads\/2023\/01\/Luiz-Caldas-festeja-60-anos-%E2%80%94-Foto-Rafael-Martins.webp?resize=800%2C533\" alt=\"\" class=\"wp-image-71751\" srcset=\"https:\/\/i0.wp.com\/blogdoeloiltoncajuhy.com.br\/site\/wp-content\/uploads\/2023\/01\/Luiz-Caldas-festeja-60-anos-%E2%80%94-Foto-Rafael-Martins.webp?w=1008&amp;ssl=1 1008w, https:\/\/i0.wp.com\/blogdoeloiltoncajuhy.com.br\/site\/wp-content\/uploads\/2023\/01\/Luiz-Caldas-festeja-60-anos-%E2%80%94-Foto-Rafael-Martins.webp?resize=300%2C200&amp;ssl=1 300w, https:\/\/i0.wp.com\/blogdoeloiltoncajuhy.com.br\/site\/wp-content\/uploads\/2023\/01\/Luiz-Caldas-festeja-60-anos-%E2%80%94-Foto-Rafael-Martins.webp?resize=768%2C512&amp;ssl=1 768w\" sizes=\"(max-width: 800px) 100vw, 800px\" \/><\/a><figcaption class=\"wp-element-caption\"><sub>Luiz Caldas festeja 60 anos se reinventando \u2014 Foto: Rafael Martins<\/sub><\/figcaption><\/figure>\n\n\n\n<p>Considerado o pai da ax\u00e9 music, o cantor, compositor e produtor musical baiano Luiz Caldas completa 60 anos de idade nesta quinta-feira, dia 19, com diversos hits de sua autoria popularizados em trios el\u00e9tricos. Em um estudo especial sobre as obras musicais do artista, o Ecad (Escrit\u00f3rio Central de Arrecada\u00e7\u00e3o e Distribui\u00e7\u00e3o) apresenta um levantamento sobre o que os f\u00e3s mais ouviram do seu trabalho nos \u00faltimos tempos no Brasil.<\/p>\n\n\n\n<p>\u201cHaja amor\u201d, uma parceria com Chocolate da Bahia, foi a m\u00fasica de Luiz Caldas mais tocada nos \u00faltimos 10 anos no pa\u00eds. J\u00e1 no ranking das mais regravadas de autoria do cantor, \u201cFricote\u201d e \u201cO que que essa nega quer\u201d ficaram empatadas na lideran\u00e7a.<\/p>\n\n\n\n<p>Luiz Caldas tem 795 obras musicais e 241 grava\u00e7\u00f5es cadastradas no banco de dados da gest\u00e3o coletiva da m\u00fasica, formada pelo Ecad e pelas sete associa\u00e7\u00f5es de m\u00fasica Abramus, Amar, Assim, Sbacem, Sicam, Socinpro e UBC. Nos \u00faltimos 10 anos, mais de 75% de rendimentos em direitos autorais do cantor foram provenientes dos segmentos de Shows, Carnaval e TVs.<\/p>\n\n\n\n<figure class=\"wp-block-image aligncenter size-full\"><a href=\"https:\/\/i0.wp.com\/blogdoeloiltoncajuhy.com.br\/site\/wp-content\/uploads\/2023\/01\/Luiz-Caldas-%E2%80%94-Foto-Redes-Sociais.webp\"><img data-recalc-dims=\"1\" decoding=\"async\" width=\"800\" height=\"626\" src=\"https:\/\/i0.wp.com\/blogdoeloiltoncajuhy.com.br\/site\/wp-content\/uploads\/2023\/01\/Luiz-Caldas-%E2%80%94-Foto-Redes-Sociais.webp?resize=800%2C626\" alt=\"\" class=\"wp-image-71752\" srcset=\"https:\/\/i0.wp.com\/blogdoeloiltoncajuhy.com.br\/site\/wp-content\/uploads\/2023\/01\/Luiz-Caldas-%E2%80%94-Foto-Redes-Sociais.webp?w=1008&amp;ssl=1 1008w, https:\/\/i0.wp.com\/blogdoeloiltoncajuhy.com.br\/site\/wp-content\/uploads\/2023\/01\/Luiz-Caldas-%E2%80%94-Foto-Redes-Sociais.webp?resize=300%2C235&amp;ssl=1 300w, https:\/\/i0.wp.com\/blogdoeloiltoncajuhy.com.br\/site\/wp-content\/uploads\/2023\/01\/Luiz-Caldas-%E2%80%94-Foto-Redes-Sociais.webp?resize=768%2C601&amp;ssl=1 768w\" sizes=\"(max-width: 800px) 100vw, 800px\" \/><\/a><figcaption class=\"wp-element-caption\"><sub>Luiz Caldas \u2014 Foto: Redes Sociais<\/sub><\/figcaption><\/figure>\n\n\n\n<p class=\"has-black-color has-text-color\"><strong>Ranking das m\u00fasicas de autoria de Luiz Caldas mais tocadas no Brasil nos \u00faltimos 10 anos nos principais segmentos de execu\u00e7\u00e3o p\u00fablica<\/strong> (R\u00e1dio, Shows, Sonoriza\u00e7\u00e3o Ambiental, M\u00fasica ao vivo, Casas de Festas e Divers\u00e3o, Carnaval, Festa Junina)<\/p>\n\n\n\n<figure class=\"wp-block-table\"><table><tbody><tr><td><strong>Posi\u00e7\u00e3o<\/strong><\/td><td><strong>M\u00fasica<\/strong><\/td><td><strong>Autores<\/strong><\/td><\/tr><tr><td>1<\/td><td>Haja amor<\/td><td>Luiz Caldas \/ Chocolate da Bahia<\/td><\/tr><tr><td>2<\/td><td>Fricote<\/td><td>Paulinho de Camafeu \/ Luiz Caldas<\/td><\/tr><tr><td>3<\/td><td>O que que essa nega quer<\/td><td>Luiz Caldas \/ Ubajara Carvalho<\/td><\/tr><tr><td>4<\/td><td>Ajay\u00f4<\/td><td>Luiz Caldas \/ Jorge Drag\u00e3o<\/td><\/tr><tr><td>5<\/td><td>Magia<\/td><td>Luiz Caldas<\/td><\/tr><tr><td>6<\/td><td>Mademoiselle<\/td><td>Luiz Caldas<\/td><\/tr><tr><td>7<\/td><td>Vis\u00e3o do ciclope<\/td><td>Jeferson Robson \/ Luiz Caldas \/ Carlinhos Brown<\/td><\/tr><tr><td>Od\u00e9 e Ad\u00e3o<\/td><td>Luiz Caldas<\/td><\/tr><tr><td>8<\/td><td>\u00c9 t\u00e3o bom<\/td><td>Luiz Caldas<\/td><\/tr><tr><td>9<\/td><td>Tenho o ouro<\/td><td>Luiz Caldas \/ Durval Caldas<\/td><\/tr><tr><td>10<\/td><td>Minha princesa<\/td><td>Luiz Caldas<\/td><\/tr><tr><td>11<\/td><td>Calabou\u00e7o<\/td><td>Luiz Caldas<\/td><\/tr><tr><td>12<\/td><td>Beverly Hills<\/td><td>Luiz Caldas \/ Durval Caldas<\/td><\/tr><tr><td>13<\/td><td>Deixa pra l\u00e1<\/td><td>Paulinho Caldas \/ Luiz Caldas<\/td><\/tr><tr><td>14<\/td><td>L\u00e1 vem o guarda<\/td><td>Luiz Caldas \/ Jorge Mattos<\/td><\/tr><tr><td>15<\/td><td>Amazonas<\/td><td>Luiz Caldas \/ Ger\u00f4nimo \/ Jorge Mattos<\/td><\/tr><tr><td>Eu vou j\u00e1<\/td><td>Luiz Caldas<\/td><\/tr><tr><td>16<\/td><td>Reggae do camale\u00e3o<\/td><td>Luiz Caldas<\/td><\/tr><tr><td>17<\/td><td>Atual realidade<\/td><td>Luiz Caldas<\/td><\/tr><tr><td>18<\/td><td>Movimento (bagulho doido)<\/td><td>Luiz Caldas \/ Sandra Cristina Frederico de Sa \/ Cesar Resec<\/td><\/tr><tr><td>19<\/td><td>Tamara<\/td><td>Luiz Caldas \/ Durval Caldas<\/td><\/tr><tr><td>20<\/td><td>O beijo<\/td><td>Luiz Caldas<\/td><\/tr><\/tbody><\/table><\/figure>\n\n\n\n<p class=\"has-black-color has-text-color\"><strong>Ranking das m\u00fasicas de autoria de Luiz Caldas mais regravadas<\/strong><\/p>\n\n\n\n<figure class=\"wp-block-table\"><table><tbody><tr><td><strong>Posi\u00e7\u00e3o<\/strong><\/td><td><strong>M\u00fasica<\/strong><\/td><td><strong>Autores<\/strong><\/td><\/tr><tr><td>1<\/td><td>O que que essa nega quer<\/td><td>Luiz Caldas \/ Ubajara Carvalho<\/td><\/tr><tr><td>Fricote<\/td><td>Paulinho De Camafeu \/ Luiz Caldas<\/td><\/tr><tr><td>2<\/td><td>Haja amor<\/td><td>Luiz Caldas \/ Chocolate Da Bahia<\/td><\/tr><tr><td>3<\/td><td>Ajay\u00f4<\/td><td>Luiz Caldas \/ Jorge Drag\u00e3o<\/td><\/tr><tr><td>4<\/td><td>\u00c9 t\u00e3o bom<\/td><td>Luiz Caldas<\/td><\/tr><tr><td>5<\/td><td>Mademoiselle<\/td><td>Luiz Caldas<\/td><\/tr><tr><td>6<\/td><td>Magia<\/td><td>Luiz Caldas<\/td><\/tr><tr><td>7<\/td><td>Amazonas<\/td><td>Luiz Caldas \/ Geronimo \/ Jorge Mattos<\/td><\/tr><tr><td>8<\/td><td>Od\u00e9 e Ad\u00e3o<\/td><td>Luiz Caldas<\/td><\/tr><tr><td>9<\/td><td>Beverly Hills<\/td><td>Luiz Caldas \/ Durval Caldas<\/td><\/tr><tr><td>10<\/td><td>Ax\u00e9 pra lua<\/td><td>Luiz Caldas \/ Antonio Telmo Carneiro Do Rio<\/td><\/tr><tr><td>Abra a\u00ed<\/td><td>Luiz Caldas \/ Durval Caldas<\/td><\/tr><\/tbody><\/table><\/figure>\n","protected":false},"excerpt":{"rendered":"<p>Ecad fez levantamento sobre as obras musicais do artista, com destaque para \u201cHaja amor\u201d, \u201cFricote\u201d e \u201cO que que essa nega quer\u201d. Imprensa Ecad Considerado o pai da ax\u00e9 music, o cantor, compositor e produtor musical baiano Luiz Caldas completa 60 anos de idade nesta quinta-feira, dia 19, com diversos hits de sua autoria popularizados [&hellip;]<\/p>\n","protected":false},"author":2,"featured_media":71752,"comment_status":"open","ping_status":"open","sticky":false,"template":"","format":"standard","meta":{"_acf_changed":false,"_monsterinsights_skip_tracking":false,"_monsterinsights_sitenote_active":false,"_monsterinsights_sitenote_note":"","_monsterinsights_sitenote_category":0,"_jetpack_memberships_contains_paid_content":false,"footnotes":"","jetpack_publicize_message":"","jetpack_publicize_feature_enabled":true,"jetpack_social_post_already_shared":true,"jetpack_social_options":{"image_generator_settings":{"template":"highway","default_image_id":0,"font":"","enabled":false},"version":2}},"categories":[12],"tags":[],"class_list":["post-71750","post","type-post","status-publish","format-standard","has-post-thumbnail","hentry","category-gente-que-faz-a-nossa-historia"],"acf":[],"jetpack_publicize_connections":[],"jetpack_featured_media_url":"https:\/\/i0.wp.com\/blogdoeloiltoncajuhy.com.br\/site\/wp-content\/uploads\/2023\/01\/Luiz-Caldas-%E2%80%94-Foto-Redes-Sociais.webp?fit=1008%2C789&ssl=1","jetpack_sharing_enabled":true,"publishpress_future_workflow_manual_trigger":{"enabledWorkflows":[]},"_links":{"self":[{"href":"https:\/\/blogdoeloiltoncajuhy.com.br\/site\/wp-json\/wp\/v2\/posts\/71750","targetHints":{"allow":["GET"]}}],"collection":[{"href":"https:\/\/blogdoeloiltoncajuhy.com.br\/site\/wp-json\/wp\/v2\/posts"}],"about":[{"href":"https:\/\/blogdoeloiltoncajuhy.com.br\/site\/wp-json\/wp\/v2\/types\/post"}],"author":[{"embeddable":true,"href":"https:\/\/blogdoeloiltoncajuhy.com.br\/site\/wp-json\/wp\/v2\/users\/2"}],"replies":[{"embeddable":true,"href":"https:\/\/blogdoeloiltoncajuhy.com.br\/site\/wp-json\/wp\/v2\/comments?post=71750"}],"version-history":[{"count":1,"href":"https:\/\/blogdoeloiltoncajuhy.com.br\/site\/wp-json\/wp\/v2\/posts\/71750\/revisions"}],"predecessor-version":[{"id":71753,"href":"https:\/\/blogdoeloiltoncajuhy.com.br\/site\/wp-json\/wp\/v2\/posts\/71750\/revisions\/71753"}],"wp:featuredmedia":[{"embeddable":true,"href":"https:\/\/blogdoeloiltoncajuhy.com.br\/site\/wp-json\/wp\/v2\/media\/71752"}],"wp:attachment":[{"href":"https:\/\/blogdoeloiltoncajuhy.com.br\/site\/wp-json\/wp\/v2\/media?parent=71750"}],"wp:term":[{"taxonomy":"category","embeddable":true,"href":"https:\/\/blogdoeloiltoncajuhy.com.br\/site\/wp-json\/wp\/v2\/categories?post=71750"},{"taxonomy":"post_tag","embeddable":true,"href":"https:\/\/blogdoeloiltoncajuhy.com.br\/site\/wp-json\/wp\/v2\/tags?post=71750"}],"curies":[{"name":"wp","href":"https:\/\/api.w.org\/{rel}","templated":true}]}}