{"id":71747,"date":"2023-01-19T12:41:56","date_gmt":"2023-01-19T15:41:56","guid":{"rendered":"http:\/\/blogdoeloiltoncajuhy.com.br\/site\/?p=71747"},"modified":"2023-01-19T12:41:59","modified_gmt":"2023-01-19T15:41:59","slug":"nota-de-pesar-do-partido-dos-trabalhadores-pt-de-senhor-do-bonfim-5","status":"publish","type":"post","link":"https:\/\/blogdoeloiltoncajuhy.com.br\/site\/nota-de-pesar-do-partido-dos-trabalhadores-pt-de-senhor-do-bonfim-5\/","title":{"rendered":"Nota de Pesar do Partido dos Trabalhadores (PT) de Senhor do Bonfim"},"content":{"rendered":"\n<p><strong>O Partido dos Trabalhadores de Senhor do Bonfim est\u00e1 de Luto!<\/strong><\/p>\n\n\n\n<p><strong>Orlandino Rocha Passos<br>*16\/04\/1963<br>*18\/01\/2023<\/strong><\/p>\n\n\n\n<figure class=\"wp-block-image aligncenter size-large is-resized\"><a href=\"https:\/\/i0.wp.com\/blogdoeloiltoncajuhy.com.br\/site\/wp-content\/uploads\/2023\/01\/Orlandino-03.jpg\"><img data-recalc-dims=\"1\" fetchpriority=\"high\" decoding=\"async\" src=\"https:\/\/i0.wp.com\/blogdoeloiltoncajuhy.com.br\/site\/wp-content\/uploads\/2023\/01\/Orlandino-03.jpg?resize=576%2C768\" alt=\"\" class=\"wp-image-71748\" width=\"576\" height=\"768\" srcset=\"https:\/\/i0.wp.com\/blogdoeloiltoncajuhy.com.br\/site\/wp-content\/uploads\/2023\/01\/Orlandino-03.jpg?resize=768%2C1024&amp;ssl=1 768w, https:\/\/i0.wp.com\/blogdoeloiltoncajuhy.com.br\/site\/wp-content\/uploads\/2023\/01\/Orlandino-03.jpg?resize=225%2C300&amp;ssl=1 225w, https:\/\/i0.wp.com\/blogdoeloiltoncajuhy.com.br\/site\/wp-content\/uploads\/2023\/01\/Orlandino-03.jpg?resize=1152%2C1536&amp;ssl=1 1152w, https:\/\/i0.wp.com\/blogdoeloiltoncajuhy.com.br\/site\/wp-content\/uploads\/2023\/01\/Orlandino-03.jpg?w=1536&amp;ssl=1 1536w\" sizes=\"(max-width: 576px) 100vw, 576px\" \/><\/a><\/figure>\n\n\n\n<p>\u00c9 com profundo pesar, que o Partido dos Trabalhadores de Sr. do Bonfim se despede, neste Plano Terrestre, do companheiro e amigo, Orlandino Rocha Passos.<\/p>\n\n\n\n<p>Convicto defensor das mais nobres ideias e a\u00e7\u00f5es em favor da Justi\u00e7a Social, o companheiro nos deixa um legado para a presente e futuras gera\u00e7\u00f5es. A classe trabalhadora sente-se honrada pela sua participa\u00e7\u00e3o ativa em todos os movimentos pela consolida\u00e7\u00e3o de uma sociedade equ\u00e2nime e inclusiva.<\/p>\n\n\n\n<p>A sua personalidade forte e combativa marcou a sua hist\u00f3ria e, ao mesmo tempo, conquistou a admira\u00e7\u00e3o e o respeito de todas e todos que s\u00e3o comprometidos com o processo democr\u00e1tico. Militante hist\u00f3rico e essencial dentro e fora do nosso partido (PT). Far\u00e1 muita falta com seu entusiasmo, sua experi\u00eancia e suas convic\u00e7\u00f5es!<\/p>\n\n\n\n<p>Orlandino se fez presente e cumpriu o seu papel na luta permanente pela constru\u00e7\u00e3o de uma nova e mais justa sociedade. Companheiro forte! Parceiro da resist\u00eancia e da luta sem jamais perder a ternura!<\/p>\n\n\n\n<p>Exemplo de lutador revolucion\u00e1rio, o militante e aguerrido companheiro, parte agora para continuar a sua evolu\u00e7\u00e3o na P\u00e1tria Espiritual. Muito obrigado pela sua presen\u00e7a entre n\u00f3s e por todas as constru\u00e7\u00f5es para e com o PT!<\/p>\n\n\n\n<p>Nosso abra\u00e7o fraterno aos familiares, companheiros e amigos. Orlandino Rocha Passos, presente hoje e sempre!<\/p>\n\n\n\n<p class=\"has-text-align-center has-black-color has-text-color\"><strong>Cristiane Maia<\/strong><br><em>Presidente do Partido dos Trabalhadores de Senhor do Bonfim<\/em><\/p>\n","protected":false},"excerpt":{"rendered":"<p>O Partido dos Trabalhadores de Senhor do Bonfim est\u00e1 de Luto! Orlandino Rocha Passos*16\/04\/1963*18\/01\/2023 \u00c9 com profundo pesar, que o Partido dos Trabalhadores de Sr. do Bonfim se despede, neste Plano Terrestre, do companheiro e amigo, Orlandino Rocha Passos. Convicto defensor das mais nobres ideias e a\u00e7\u00f5es em favor da Justi\u00e7a Social, o companheiro nos [&hellip;]<\/p>\n","protected":false},"author":2,"featured_media":62017,"comment_status":"open","ping_status":"open","sticky":false,"template":"","format":"standard","meta":{"_acf_changed":false,"_monsterinsights_skip_tracking":false,"_monsterinsights_sitenote_active":false,"_monsterinsights_sitenote_note":"","_monsterinsights_sitenote_category":0,"_jetpack_memberships_contains_paid_content":false,"footnotes":"","jetpack_publicize_message":"","jetpack_publicize_feature_enabled":true,"jetpack_social_post_already_shared":true,"jetpack_social_options":{"image_generator_settings":{"template":"highway","default_image_id":0,"font":"","enabled":false},"version":2}},"categories":[3],"tags":[],"class_list":["post-71747","post","type-post","status-publish","format-standard","has-post-thumbnail","hentry","category-politica"],"acf":[],"jetpack_publicize_connections":[],"jetpack_featured_media_url":"https:\/\/i0.wp.com\/blogdoeloiltoncajuhy.com.br\/site\/wp-content\/uploads\/2022\/01\/Luto-02012022.jpg?fit=640%2C442&ssl=1","jetpack_sharing_enabled":true,"publishpress_future_workflow_manual_trigger":{"enabledWorkflows":[]},"_links":{"self":[{"href":"https:\/\/blogdoeloiltoncajuhy.com.br\/site\/wp-json\/wp\/v2\/posts\/71747","targetHints":{"allow":["GET"]}}],"collection":[{"href":"https:\/\/blogdoeloiltoncajuhy.com.br\/site\/wp-json\/wp\/v2\/posts"}],"about":[{"href":"https:\/\/blogdoeloiltoncajuhy.com.br\/site\/wp-json\/wp\/v2\/types\/post"}],"author":[{"embeddable":true,"href":"https:\/\/blogdoeloiltoncajuhy.com.br\/site\/wp-json\/wp\/v2\/users\/2"}],"replies":[{"embeddable":true,"href":"https:\/\/blogdoeloiltoncajuhy.com.br\/site\/wp-json\/wp\/v2\/comments?post=71747"}],"version-history":[{"count":1,"href":"https:\/\/blogdoeloiltoncajuhy.com.br\/site\/wp-json\/wp\/v2\/posts\/71747\/revisions"}],"predecessor-version":[{"id":71749,"href":"https:\/\/blogdoeloiltoncajuhy.com.br\/site\/wp-json\/wp\/v2\/posts\/71747\/revisions\/71749"}],"wp:featuredmedia":[{"embeddable":true,"href":"https:\/\/blogdoeloiltoncajuhy.com.br\/site\/wp-json\/wp\/v2\/media\/62017"}],"wp:attachment":[{"href":"https:\/\/blogdoeloiltoncajuhy.com.br\/site\/wp-json\/wp\/v2\/media?parent=71747"}],"wp:term":[{"taxonomy":"category","embeddable":true,"href":"https:\/\/blogdoeloiltoncajuhy.com.br\/site\/wp-json\/wp\/v2\/categories?post=71747"},{"taxonomy":"post_tag","embeddable":true,"href":"https:\/\/blogdoeloiltoncajuhy.com.br\/site\/wp-json\/wp\/v2\/tags?post=71747"}],"curies":[{"name":"wp","href":"https:\/\/api.w.org\/{rel}","templated":true}]}}