{"id":71736,"date":"2023-01-19T08:53:17","date_gmt":"2023-01-19T11:53:17","guid":{"rendered":"http:\/\/blogdoeloiltoncajuhy.com.br\/site\/?p=71736"},"modified":"2023-01-30T07:03:53","modified_gmt":"2023-01-30T10:03:53","slug":"luto-morre-o-professor-orlandino-rocha-aos-59-anos","status":"publish","type":"post","link":"https:\/\/blogdoeloiltoncajuhy.com.br\/site\/luto-morre-o-professor-orlandino-rocha-aos-59-anos\/","title":{"rendered":"Luto: Morre o professor Orlandino Rocha, aos 59 anos"},"content":{"rendered":"\n<p><strong>Blog do Eloilton Cajuhy<\/strong><\/p>\n\n\n\n<figure class=\"wp-block-image aligncenter size-full is-resized\"><a href=\"https:\/\/i0.wp.com\/blogdoeloiltoncajuhy.com.br\/site\/wp-content\/uploads\/2023\/01\/Orlandino-01.jpg\"><img data-recalc-dims=\"1\" fetchpriority=\"high\" decoding=\"async\" src=\"https:\/\/i0.wp.com\/blogdoeloiltoncajuhy.com.br\/site\/wp-content\/uploads\/2023\/01\/Orlandino-01.jpg?resize=539%2C539\" alt=\"\" class=\"wp-image-71737\" width=\"539\" height=\"539\" srcset=\"https:\/\/i0.wp.com\/blogdoeloiltoncajuhy.com.br\/site\/wp-content\/uploads\/2023\/01\/Orlandino-01.jpg?w=719&amp;ssl=1 719w, https:\/\/i0.wp.com\/blogdoeloiltoncajuhy.com.br\/site\/wp-content\/uploads\/2023\/01\/Orlandino-01.jpg?resize=300%2C300&amp;ssl=1 300w, https:\/\/i0.wp.com\/blogdoeloiltoncajuhy.com.br\/site\/wp-content\/uploads\/2023\/01\/Orlandino-01.jpg?resize=150%2C150&amp;ssl=1 150w\" sizes=\"(max-width: 539px) 100vw, 539px\" \/><\/a><figcaption class=\"wp-element-caption\"><sub>Foto: Redes Sociais<\/sub><\/figcaption><\/figure>\n\n\n\n<p>Faleceu por volta das 23h desta quarta-feira (18), o professor <strong>Orlandino Rocha Passos<\/strong>, 59 anos, figura bastante conhecida em Senhor do Bonfim. Orlandino lutava contra um c\u00e2ncer no intestino.<\/p>\n\n\n\n<p>No campo pol\u00edtico, ele se destacou como um dos fundadores do Partido dos Trabalhadores (PT) em nosso munic\u00edpio, al\u00e9m de exercer uma atividade sindical intensa, participando de v\u00e1rias lutas em prol de direitos trabalhistas.<\/p>\n\n\n\n<p>Orlandino Rocha era um idealista e tinha postura ideol\u00f3gica convicta. Participou ativamente de v\u00e1rias a\u00e7\u00f5es e movimentos em favor de conquistas importantes para Senhor do Bonfim, especialmente para a classe trabalhadora. Deixa um legado de luta incans\u00e1vel por melhorias para todos.<\/p>\n\n\n\n<p>No seu curr\u00edculo, uma extensa ficha de servi\u00e7os prestados. Professor na cidade de Sa\u00fade, em Senhor do Bonfim, pelo munic\u00edpio e Universidade do Estado da Bahia (Uneb); estudou Gest\u00e3o P\u00fablica Municipal na Uneb, se formando em 2010; foi Aluno-Pesquisador na Prefeitura Municipal de Senhor do Bonfim; estudou Gest\u00e3o e Processos Educativos na Uneb em 2004.<\/p>\n\n\n\n<p>O corpo de Orlandino, ap\u00f3s ser velado no Memorial Pafac, no Bairro Itamaraty, foi sepultado no Cemit\u00e9rio Jardim da Saudade, Alto do Cigano, nesta cidade.<\/p>\n\n\n\n<figure class=\"wp-block-image aligncenter size-full is-resized\"><a href=\"https:\/\/i0.wp.com\/blogdoeloiltoncajuhy.com.br\/site\/wp-content\/uploads\/2023\/01\/Orlandino-02.jpg\"><img data-recalc-dims=\"1\" decoding=\"async\" src=\"https:\/\/i0.wp.com\/blogdoeloiltoncajuhy.com.br\/site\/wp-content\/uploads\/2023\/01\/Orlandino-02.jpg?resize=528%2C703\" alt=\"\" class=\"wp-image-71738\" width=\"528\" height=\"703\" srcset=\"https:\/\/i0.wp.com\/blogdoeloiltoncajuhy.com.br\/site\/wp-content\/uploads\/2023\/01\/Orlandino-02.jpg?w=750&amp;ssl=1 750w, https:\/\/i0.wp.com\/blogdoeloiltoncajuhy.com.br\/site\/wp-content\/uploads\/2023\/01\/Orlandino-02.jpg?resize=225%2C300&amp;ssl=1 225w\" sizes=\"(max-width: 528px) 100vw, 528px\" \/><\/a><figcaption class=\"wp-element-caption\"><sub>Foto: Redes Sociais<\/sub><\/figcaption><\/figure>\n\n\n\n<p>Nas redes sociais, Orlandino Rocha recebe in\u00fameras homenagens. <strong>Confira algumas:<\/strong><\/p>\n\n\n\n<p><em>&#8220;O grande companheiro Orlandino partiu. Cumpriu a sua miss\u00e3o. Morre um pouco da hist\u00f3ria do PT em Bonfim.<\/em> <em>Orlandino, presente!&#8221;<\/em> <strong>Jairo S\u00e1<\/strong><\/p>\n\n\n\n<p><em>&#8220;Grande perda. Excelente companheiro. Meus p\u00easames, que Deus conforte toda fam\u00edlia e amigos&#8221;. <\/em><strong>Dr. Ivan Barbosa<\/strong><\/p>\n\n\n\n<p><em>&#8220;Meu Deus. Um dos caras que gostava muito de ouvir sobre teoria pr\u00e1tica da esquerda. Uma perda gigantesca. Conforto \u00e0 fam\u00edlia. Tenho certeza que essa figura guerreira por um mundo mais justo e humano estar\u00e1 em um bom lugar&#8221;<\/em>. <strong>Rodrigo Wanderley &#8211; Pez\u00e3o<\/strong><\/p>\n\n\n\n<p><em>&#8220;Ficamos muito sentidos com a partida do Orlandino! Um guerreiro na luta por melhores condi\u00e7\u00f5es para o nosso povo!&#8221;<\/em> <strong>Dr. S\u00e9rgio Reis<\/strong><\/p>\n\n\n\n<p><em>&#8220;Que Deus acolha o companheiro Orlandino em um lugar onde reine a paz na vida eterna, porque aqui na terra Orlandino cumpriu com a sua miss\u00e3o sublime de criar amizades e distribuir alegria entre as pessoas, e sobretudo semear a semente da constru\u00e7\u00e3o de uma sociedade mais justa e equ\u00e2nime onde todos os seus semelhantes tivessem as condi\u00e7\u00f5es b\u00e1sicas de sobreviv\u00eancia. Para isso, ele, junto com outros companheiros, fundaram o Partido dos Trabalhadores em Senhor do Bonfim, influenciando assim na funda\u00e7\u00e3o do PT em toda regi\u00e3o do territ\u00f3rio do Piemonte Norte do Itapicuru. Al\u00e9m da sua participa\u00e7\u00e3o ativa na vida partid\u00e1ria, Orlandino teve um papel proeminente na organiza\u00e7\u00e3o dos sindicatos de todas as classes de trabalhadores em nossa regi\u00e3o. Aqui continuaremos com nossas lembran\u00e7as do companheiro Orlandino com um megafone semeando a semente da organiza\u00e7\u00e3o dos trabalhadores atrav\u00e9s dos sindicatos, atrav\u00e9s da sua capacidade de aglutina\u00e7\u00e3o e em acreditar na organiza\u00e7\u00e3o do povo e em entidades de classes. Por isso, em nome de toda a sociedade de Senhor do Bonfim e regi\u00e3o e dos movimentos sociais e, sobretudo, dos exclu\u00eddos, te agradecemos pela semente que plantaste entre n\u00f3s. Descanse em paz companheiro Orlandino ao lado do pai celestial. Nossos sentimentos a fam\u00edlia!&#8221;<\/em> <strong>De Aur\u00e9lio Soares e fam\u00edlia<\/strong><\/p>\n\n\n\n<p><em>&#8220;Companheiros: \u00c9 como muita dor no cora\u00e7\u00e3o que acabei de saber da partida, para a morada eterna, do nosso companheiro Orlandino! Estou muito triste com o ocorrido, por\u00e9m infelizmente ele n\u00e3o resistiu mais a tanto sofrimento. Todas as vezes que com ele conversava, ele mostrava um grande otimismo com rela\u00e7\u00e3o a doen\u00e7a que o vitimou. Tu partisse companheiro XANH\u00c3, era assim que nos trat\u00e1vamos. Vc vai deixar uma lacuna muito grande, no seio de todos que o amam, principalmente em sua fam\u00edlia, a quem transmito a minha solidariedade. A Anne, suas filhas, seus irm\u00e3os, sua m\u00e3e. A certeza de que vc cumpriu a sua miss\u00e3o em nosso meio. Disse-lhe Jesus: &#8216;Eu sou a ressurrei\u00e7\u00e3o e a vida. Aquele que cr\u00ea em mim, ainda que morra, viver\u00e1&#8217;; e voc\u00ea companheiro XANH\u00c3 viver\u00e1 sempre em nossas mentes, por tudo que fez por n\u00f3s do PT e de nossa cidade. V\u00e1 em paz, companheiro XANH\u00c3&#8221;<\/em>. <strong>Jos\u00e9 Antonio<\/strong><\/p>\n\n\n\n<p>&#8220;<em>Diret\u00f3rio Municipal do PCdoB &#8211; Senhor do Bonfim<\/em><\/p>\n\n\n\n<p><em>Nota de pesar<\/em><\/p>\n\n\n\n<p><em>O Diret\u00f3rio Municipal do PCdoB em Senhor do Bonfim solidariza-se com a fam\u00edlia e amigos do professor Orlandino Rocha Passos neste momento de profunda tristeza e dor pela perda irrepar\u00e1vel.<\/em><\/p>\n\n\n\n<p><em>O Companheiro Orlandino deixa como legado, anos de luta pela constru\u00e7\u00e3o de uma sociedade mais justa e igualit\u00e1ria. Sua trajet\u00f3ria de vida \u00e9 para n\u00f3s s\u00edmbolo de coragem.<\/em><\/p>\n\n\n\n<p><em>Que seu exemplo e sua dedica\u00e7\u00e3o continuem a nos inspirar! Orlandino, presente!<\/em>&#8221; PCdoB &#8211; <strong>Senhor do Bonfim<\/strong><\/p>\n\n\n\n<p><em>&#8220;Nossos sentimentos aos familiares e amigos de Orlandino Rocha. Nesse momento n\u00e3o h\u00e1 palavras que acalme essa dor, mas com certeza sua hist\u00f3ria ficar\u00e1 na mem\u00f3ria de todos aqueles que o conheceram&#8221;<\/em>. <strong>Minha Cidade &#8211; Senhor do Bonfim<\/strong><\/p>\n","protected":false},"excerpt":{"rendered":"<p>Blog do Eloilton Cajuhy Faleceu por volta das 23h desta quarta-feira (18), o professor Orlandino Rocha Passos, 59 anos, figura bastante conhecida em Senhor do Bonfim. Orlandino lutava contra um c\u00e2ncer no intestino. No campo pol\u00edtico, ele se destacou como um dos fundadores do Partido dos Trabalhadores (PT) em nosso munic\u00edpio, al\u00e9m de exercer uma [&hellip;]<\/p>\n","protected":false},"author":2,"featured_media":71739,"comment_status":"open","ping_status":"open","sticky":false,"template":"","format":"standard","meta":{"_acf_changed":false,"_monsterinsights_skip_tracking":false,"_monsterinsights_sitenote_active":false,"_monsterinsights_sitenote_note":"","_monsterinsights_sitenote_category":0,"_jetpack_memberships_contains_paid_content":false,"footnotes":"","jetpack_publicize_message":"","jetpack_publicize_feature_enabled":true,"jetpack_social_post_already_shared":true,"jetpack_social_options":{"image_generator_settings":{"template":"highway","default_image_id":0,"font":"","enabled":false},"version":2}},"categories":[4],"tags":[],"class_list":["post-71736","post","type-post","status-publish","format-standard","has-post-thumbnail","hentry","category-local"],"acf":[],"jetpack_publicize_connections":[],"jetpack_featured_media_url":"https:\/\/i0.wp.com\/blogdoeloiltoncajuhy.com.br\/site\/wp-content\/uploads\/2023\/01\/Orlandino-destaque.png?fit=728%2C693&ssl=1","jetpack_sharing_enabled":true,"publishpress_future_workflow_manual_trigger":{"enabledWorkflows":[]},"_links":{"self":[{"href":"https:\/\/blogdoeloiltoncajuhy.com.br\/site\/wp-json\/wp\/v2\/posts\/71736","targetHints":{"allow":["GET"]}}],"collection":[{"href":"https:\/\/blogdoeloiltoncajuhy.com.br\/site\/wp-json\/wp\/v2\/posts"}],"about":[{"href":"https:\/\/blogdoeloiltoncajuhy.com.br\/site\/wp-json\/wp\/v2\/types\/post"}],"author":[{"embeddable":true,"href":"https:\/\/blogdoeloiltoncajuhy.com.br\/site\/wp-json\/wp\/v2\/users\/2"}],"replies":[{"embeddable":true,"href":"https:\/\/blogdoeloiltoncajuhy.com.br\/site\/wp-json\/wp\/v2\/comments?post=71736"}],"version-history":[{"count":3,"href":"https:\/\/blogdoeloiltoncajuhy.com.br\/site\/wp-json\/wp\/v2\/posts\/71736\/revisions"}],"predecessor-version":[{"id":71918,"href":"https:\/\/blogdoeloiltoncajuhy.com.br\/site\/wp-json\/wp\/v2\/posts\/71736\/revisions\/71918"}],"wp:featuredmedia":[{"embeddable":true,"href":"https:\/\/blogdoeloiltoncajuhy.com.br\/site\/wp-json\/wp\/v2\/media\/71739"}],"wp:attachment":[{"href":"https:\/\/blogdoeloiltoncajuhy.com.br\/site\/wp-json\/wp\/v2\/media?parent=71736"}],"wp:term":[{"taxonomy":"category","embeddable":true,"href":"https:\/\/blogdoeloiltoncajuhy.com.br\/site\/wp-json\/wp\/v2\/categories?post=71736"},{"taxonomy":"post_tag","embeddable":true,"href":"https:\/\/blogdoeloiltoncajuhy.com.br\/site\/wp-json\/wp\/v2\/tags?post=71736"}],"curies":[{"name":"wp","href":"https:\/\/api.w.org\/{rel}","templated":true}]}}