{"id":71344,"date":"2023-01-03T16:23:53","date_gmt":"2023-01-03T19:23:53","guid":{"rendered":"http:\/\/blogdoeloiltoncajuhy.com.br\/site\/?p=71344"},"modified":"2023-01-03T16:23:56","modified_gmt":"2023-01-03T19:23:56","slug":"enem-2023-sera-aplicado-em-5-e-12-de-novembro-veja-datas-de-inscricao","status":"publish","type":"post","link":"https:\/\/blogdoeloiltoncajuhy.com.br\/site\/enem-2023-sera-aplicado-em-5-e-12-de-novembro-veja-datas-de-inscricao\/","title":{"rendered":"Enem 2023 ser\u00e1 aplicado em 5 e 12 de novembro; veja datas de inscri\u00e7\u00e3o"},"content":{"rendered":"\n<p class=\"has-text-align-center has-medium-font-size\"><em>Inep divulgou na segunda-feira (2) o cronograma de aplica\u00e7\u00e3o e inscri\u00e7\u00e3o das provas.<\/em><\/p>\n\n\n\n<p><strong>Por g1<\/strong><\/p>\n\n\n\n<figure class=\"wp-block-image aligncenter size-full\"><a href=\"https:\/\/i0.wp.com\/blogdoeloiltoncajuhy.com.br\/site\/wp-content\/uploads\/2023\/01\/Enem-2023-%E2%80%94-Foto-Erico-Andrade-g1.webp\"><img data-recalc-dims=\"1\" fetchpriority=\"high\" decoding=\"async\" width=\"800\" height=\"502\" src=\"https:\/\/i0.wp.com\/blogdoeloiltoncajuhy.com.br\/site\/wp-content\/uploads\/2023\/01\/Enem-2023-%E2%80%94-Foto-Erico-Andrade-g1.webp?resize=800%2C502\" alt=\"\" class=\"wp-image-71345\" srcset=\"https:\/\/i0.wp.com\/blogdoeloiltoncajuhy.com.br\/site\/wp-content\/uploads\/2023\/01\/Enem-2023-%E2%80%94-Foto-Erico-Andrade-g1.webp?w=1008&amp;ssl=1 1008w, https:\/\/i0.wp.com\/blogdoeloiltoncajuhy.com.br\/site\/wp-content\/uploads\/2023\/01\/Enem-2023-%E2%80%94-Foto-Erico-Andrade-g1.webp?resize=300%2C188&amp;ssl=1 300w, https:\/\/i0.wp.com\/blogdoeloiltoncajuhy.com.br\/site\/wp-content\/uploads\/2023\/01\/Enem-2023-%E2%80%94-Foto-Erico-Andrade-g1.webp?resize=768%2C482&amp;ssl=1 768w\" sizes=\"(max-width: 800px) 100vw, 800px\" \/><\/a><figcaption class=\"wp-element-caption\"><sub>Estudante usa caderno de prova para se proteger da chuva antes da prova aplicada no ano passado em Ribeir\u00e3o Preto \u2014 Foto: \u00c9rico Andrade\/g1<\/sub><\/figcaption><\/figure>\n\n\n\n<p>O Exame Nacional do Ensino M\u00e9dio (Enem) 2023 ser\u00e1 aplicado em 5 e 12 de novembro. A informa\u00e7\u00e3o foi divulgada nesta segunda-feira (2) pelo Instituto Nacional de Estudos e Pesquisas Educacionais An\u00edsio Teixeira (Inep).<\/p>\n\n\n\n<p>As inscri\u00e7\u00f5es devem ser feitas na p\u00e1gina do participante entre 8 e 19 de maio. J\u00e1 os resultados do exame ser\u00e3o divulgados em 16 de janeiro de 2024.<\/p>\n\n\n\n<p class=\"has-black-color has-text-color has-medium-font-size\"><strong>Veja como ficou o cronograma para este ano:<\/strong><\/p>\n\n\n\n<ul class=\"wp-block-list\">\n<li><strong>Inscri\u00e7\u00f5es:<\/strong> 8 a 19 de maio<\/li>\n<\/ul>\n\n\n\n<ul class=\"wp-block-list\">\n<li><strong>Provas:<\/strong> 5 e 12 de novembro<\/li>\n<\/ul>\n\n\n\n<ul class=\"wp-block-list\">\n<li><strong>Divulga\u00e7\u00e3o do gabarito:<\/strong> 24 de novembro<\/li>\n<\/ul>\n\n\n\n<ul class=\"wp-block-list\">\n<li><strong>Resultados:<\/strong> 16 de janeiro de 2024<\/li>\n<\/ul>\n\n\n\n<p><\/p>\n\n\n\n<p class=\"has-black-color has-text-color has-medium-font-size\"><strong>ENEM PPL<\/strong><\/p>\n\n\n\n<p>O Inep tamb\u00e9m divulgou o cronograma do exame para Pessoas Privadas de Liberdade (Enem PPL). Nesse caso, as provas ser\u00e3o aplicadas nos dias 12 e 13 de dezembro e as inscri\u00e7\u00f5es de 9 a 27 de outubro. J\u00e1 a divulga\u00e7\u00e3o do resultado tamb\u00e9m ocorrer\u00e1 em 16 de janeiro de 2024. Os candidatos far\u00e3o as provas dentro das unidades prisionais ou socioeducativas.<\/p>\n\n\n\n<p class=\"has-black-color has-text-color has-medium-font-size\"><strong>Veja o cronograma para o Enem PPL<\/strong><\/p>\n\n\n\n<ul class=\"wp-block-list\">\n<li><strong>Inscri\u00e7\u00f5es:<\/strong> 9 a 27 de outubro<\/li>\n<\/ul>\n\n\n\n<ul class=\"wp-block-list\">\n<li><strong>Provas:<\/strong> 12 e 13 de dezembro<\/li>\n<\/ul>\n\n\n\n<ul class=\"wp-block-list\">\n<li><strong>Divulga\u00e7\u00e3o do gabarito:<\/strong> 27 de dezembro<\/li>\n<\/ul>\n\n\n\n<ul class=\"wp-block-list\">\n<li><strong>Resultados:<\/strong> 16 de janeiro de 2024<\/li>\n<\/ul>\n\n\n\n<p><\/p>\n\n\n\n<p>Ainda de acordo com o Inep, o edital com as datas de todas as etapas de realiza\u00e7\u00e3o do exame ser\u00e1 publicado posteriormente.<\/p>\n","protected":false},"excerpt":{"rendered":"<p>Inep divulgou na segunda-feira (2) o cronograma de aplica\u00e7\u00e3o e inscri\u00e7\u00e3o das provas. Por g1 O Exame Nacional do Ensino M\u00e9dio (Enem) 2023 ser\u00e1 aplicado em 5 e 12 de novembro. A informa\u00e7\u00e3o foi divulgada nesta segunda-feira (2) pelo Instituto Nacional de Estudos e Pesquisas Educacionais An\u00edsio Teixeira (Inep). As inscri\u00e7\u00f5es devem ser feitas na [&hellip;]<\/p>\n","protected":false},"author":2,"featured_media":71345,"comment_status":"open","ping_status":"open","sticky":false,"template":"","format":"standard","meta":{"_acf_changed":false,"_monsterinsights_skip_tracking":false,"_monsterinsights_sitenote_active":false,"_monsterinsights_sitenote_note":"","_monsterinsights_sitenote_category":0,"_jetpack_memberships_contains_paid_content":false,"footnotes":"","jetpack_publicize_message":"","jetpack_publicize_feature_enabled":true,"jetpack_social_post_already_shared":true,"jetpack_social_options":{"image_generator_settings":{"template":"highway","default_image_id":0,"font":"","enabled":false},"version":2}},"categories":[14],"tags":[],"class_list":["post-71344","post","type-post","status-publish","format-standard","has-post-thumbnail","hentry","category-educacao"],"acf":[],"jetpack_publicize_connections":[],"jetpack_featured_media_url":"https:\/\/i0.wp.com\/blogdoeloiltoncajuhy.com.br\/site\/wp-content\/uploads\/2023\/01\/Enem-2023-%E2%80%94-Foto-Erico-Andrade-g1.webp?fit=1008%2C633&ssl=1","jetpack_sharing_enabled":true,"publishpress_future_workflow_manual_trigger":{"enabledWorkflows":[]},"_links":{"self":[{"href":"https:\/\/blogdoeloiltoncajuhy.com.br\/site\/wp-json\/wp\/v2\/posts\/71344","targetHints":{"allow":["GET"]}}],"collection":[{"href":"https:\/\/blogdoeloiltoncajuhy.com.br\/site\/wp-json\/wp\/v2\/posts"}],"about":[{"href":"https:\/\/blogdoeloiltoncajuhy.com.br\/site\/wp-json\/wp\/v2\/types\/post"}],"author":[{"embeddable":true,"href":"https:\/\/blogdoeloiltoncajuhy.com.br\/site\/wp-json\/wp\/v2\/users\/2"}],"replies":[{"embeddable":true,"href":"https:\/\/blogdoeloiltoncajuhy.com.br\/site\/wp-json\/wp\/v2\/comments?post=71344"}],"version-history":[{"count":1,"href":"https:\/\/blogdoeloiltoncajuhy.com.br\/site\/wp-json\/wp\/v2\/posts\/71344\/revisions"}],"predecessor-version":[{"id":71346,"href":"https:\/\/blogdoeloiltoncajuhy.com.br\/site\/wp-json\/wp\/v2\/posts\/71344\/revisions\/71346"}],"wp:featuredmedia":[{"embeddable":true,"href":"https:\/\/blogdoeloiltoncajuhy.com.br\/site\/wp-json\/wp\/v2\/media\/71345"}],"wp:attachment":[{"href":"https:\/\/blogdoeloiltoncajuhy.com.br\/site\/wp-json\/wp\/v2\/media?parent=71344"}],"wp:term":[{"taxonomy":"category","embeddable":true,"href":"https:\/\/blogdoeloiltoncajuhy.com.br\/site\/wp-json\/wp\/v2\/categories?post=71344"},{"taxonomy":"post_tag","embeddable":true,"href":"https:\/\/blogdoeloiltoncajuhy.com.br\/site\/wp-json\/wp\/v2\/tags?post=71344"}],"curies":[{"name":"wp","href":"https:\/\/api.w.org\/{rel}","templated":true}]}}