{"id":71335,"date":"2023-01-03T15:10:01","date_gmt":"2023-01-03T18:10:01","guid":{"rendered":"http:\/\/blogdoeloiltoncajuhy.com.br\/site\/?p=71335"},"modified":"2023-01-03T15:10:17","modified_gmt":"2023-01-03T18:10:17","slug":"margareth-menezes-assume-a-cultura-e-defende-que-pasta-nunca-mais-deixe-de-ser-ministerio","status":"publish","type":"post","link":"https:\/\/blogdoeloiltoncajuhy.com.br\/site\/margareth-menezes-assume-a-cultura-e-defende-que-pasta-nunca-mais-deixe-de-ser-ministerio\/","title":{"rendered":"Margareth Menezes assume a Cultura e defende que pasta &#8216;nunca mais&#8217; deixe de ser minist\u00e9rio"},"content":{"rendered":"\n<p class=\"has-text-align-center has-medium-font-size\"><em>\u00c0 frente do minist\u00e9rio, ela ter\u00e1 o desafio de liderar a pasta que foi extinta no governo Bolsonaro.<\/em><\/p>\n\n\n\n<p><strong>Por Vin\u00edcius Cassela, g1<\/strong> \u2014 Bras\u00edlia<\/p>\n\n\n\n<figure class=\"wp-block-image aligncenter size-full\"><a href=\"https:\/\/i0.wp.com\/blogdoeloiltoncajuhy.com.br\/site\/wp-content\/uploads\/2023\/01\/Margareth-Menezes-assume-Ministerio-da-Cultura-%E2%80%94-Foto-Reproducao.webp\"><img data-recalc-dims=\"1\" fetchpriority=\"high\" decoding=\"async\" width=\"800\" height=\"447\" src=\"https:\/\/i0.wp.com\/blogdoeloiltoncajuhy.com.br\/site\/wp-content\/uploads\/2023\/01\/Margareth-Menezes-assume-Ministerio-da-Cultura-%E2%80%94-Foto-Reproducao.webp?resize=800%2C447\" alt=\"\" class=\"wp-image-71336\" srcset=\"https:\/\/i0.wp.com\/blogdoeloiltoncajuhy.com.br\/site\/wp-content\/uploads\/2023\/01\/Margareth-Menezes-assume-Ministerio-da-Cultura-%E2%80%94-Foto-Reproducao.webp?w=984&amp;ssl=1 984w, https:\/\/i0.wp.com\/blogdoeloiltoncajuhy.com.br\/site\/wp-content\/uploads\/2023\/01\/Margareth-Menezes-assume-Ministerio-da-Cultura-%E2%80%94-Foto-Reproducao.webp?resize=300%2C168&amp;ssl=1 300w, https:\/\/i0.wp.com\/blogdoeloiltoncajuhy.com.br\/site\/wp-content\/uploads\/2023\/01\/Margareth-Menezes-assume-Ministerio-da-Cultura-%E2%80%94-Foto-Reproducao.webp?resize=768%2C429&amp;ssl=1 768w\" sizes=\"(max-width: 800px) 100vw, 800px\" \/><\/a><figcaption class=\"wp-element-caption\"><sub>Margareth Menezes assume o Minist\u00e9rio da Cultura \u2014 Foto: Reprodu\u00e7\u00e3o<\/sub><\/figcaption><\/figure>\n\n\n\n<p>A artista e ativista social Margareth Menezes assumiu nesta segunda-feira (2) como ministra da Cultura do governo do presidente Luiz In\u00e1cio Lula da Silva.<\/p>\n\n\n\n<p>A cerim\u00f4nia de posse ocorreu no Museu da Rep\u00fablica, em Bras\u00edlia, e contou com a participa\u00e7\u00e3o da primeira-dama, Janja da Silva, uma das defensoras do nome para o cargo.<\/p>\n\n\n\n<p>No discurso, Margareth afirmou que &#8220;nunca mais&#8221; a pasta deixar\u00e1 de ser minist\u00e9rio. \u201cComo aceitar que, de repente, nosso Minist\u00e9rio da Cultura, dessa profunda riqueza, tenha desaparecido por duas vezes do nosso horizonte? Nunca mais\u201d.<\/p>\n\n\n\n<p class=\"has-black-color has-text-color has-medium-font-size\"><strong>\u201cN\u00f3s merecemos o nosso minist\u00e9rio. O Brasil tem uma das mais ricas, potentes e respeitadas for\u00e7as de produ\u00e7\u00e3o cultural do mundo. Que o nosso Minc nunca mais desapare\u00e7a\u201d, afirmou.<\/strong><\/p>\n\n\n\n<p>Durante o discurso, a ministra lembrou das dificuldades enfrentadas pelo setor cultural durante a pandemia e os preju\u00edzos causados aos artistas que tiveram que se manter reclusos.<\/p>\n\n\n\n<p>&#8220;Durante a pandemia os artistas brasileiros sofreram como nunca. O preju\u00edzo econ\u00f4mico do setor art\u00edstico cultural foi de aproximadamente R$ 63 bilh\u00f5es, segundo pesquisas recentes. Sem Minist\u00e9rio, sem pol\u00edticas culturais e sem recursos. Muitos dos mais criativos e sens\u00edveis brasileiros tiveram que deixar os palcos, as telas, as bibliotecas, os ateli\u00eas e buscar outras atividades para poder sobreviver. Com isso, o pr\u00f3prio Brasil ficou mais calado, apequenado, triste&#8221;.<\/p>\n\n\n\n<p class=\"has-black-color has-text-color has-medium-font-size\"><strong>&#8220;Todos ganham com o desenvolvimento cultural, como sabem, educa\u00e7\u00e3o sem cultura \u00e9 ensino, seguran\u00e7a sem cultura \u00e9 repress\u00e3o, sa\u00fade sem cultura \u00e9 remedia\u00e7\u00e3o, desenvolvimento social sem cultura, \u00e9 assistencialismo&#8221;, completou a ministra.<\/strong><\/p>\n\n\n\n<p>A primeira-dama, Janja da Silva, que tamb\u00e9m discursou no evento, afirmou que a cultura \u00e9 &#8220;pe\u00e7a fundamental na reconstru\u00e7\u00e3o do Brasil e da sua economia&#8221;.<\/p>\n\n\n\n<p>&#8220;A cultura tem muita a ajudar, a contribuir ao Brasil. A cultura n\u00e3o \u00e9 s\u00f3 para lazer, ela \u00e9 para gerar economia, para gerar riqueza para o nosso Brasil. E \u00e9 isso que a gente vai fazer. A cultura n\u00e3o est\u00e1 em nenhum n\u00edvel menor, ela est\u00e1 igual \u00e0 educa\u00e7\u00e3o, \u00e0 sa\u00fade, ela est\u00e1 ali e ela merece&#8221;, disse a primeira-dama.<\/p>\n\n\n\n<p>A cerim\u00f4nia teve diversas apresenta\u00e7\u00f5es art\u00edsticas, inclusive da ministra, que cantou a m\u00fasica &#8220;Fara\u00f3&#8221;.<\/p>\n","protected":false},"excerpt":{"rendered":"<p>\u00c0 frente do minist\u00e9rio, ela ter\u00e1 o desafio de liderar a pasta que foi extinta no governo Bolsonaro. Por Vin\u00edcius Cassela, g1 \u2014 Bras\u00edlia A artista e ativista social Margareth Menezes assumiu nesta segunda-feira (2) como ministra da Cultura do governo do presidente Luiz In\u00e1cio Lula da Silva. A cerim\u00f4nia de posse ocorreu no Museu [&hellip;]<\/p>\n","protected":false},"author":2,"featured_media":71336,"comment_status":"open","ping_status":"open","sticky":false,"template":"","format":"standard","meta":{"_acf_changed":false,"_monsterinsights_skip_tracking":false,"_monsterinsights_sitenote_active":false,"_monsterinsights_sitenote_note":"","_monsterinsights_sitenote_category":0,"_jetpack_memberships_contains_paid_content":false,"footnotes":"","jetpack_publicize_message":"","jetpack_publicize_feature_enabled":true,"jetpack_social_post_already_shared":true,"jetpack_social_options":{"image_generator_settings":{"template":"highway","default_image_id":0,"font":"","enabled":false},"version":2}},"categories":[3],"tags":[],"class_list":["post-71335","post","type-post","status-publish","format-standard","has-post-thumbnail","hentry","category-politica"],"acf":[],"jetpack_publicize_connections":[],"jetpack_featured_media_url":"https:\/\/i0.wp.com\/blogdoeloiltoncajuhy.com.br\/site\/wp-content\/uploads\/2023\/01\/Margareth-Menezes-assume-Ministerio-da-Cultura-%E2%80%94-Foto-Reproducao.webp?fit=984%2C550&ssl=1","jetpack_sharing_enabled":true,"publishpress_future_workflow_manual_trigger":{"enabledWorkflows":[]},"_links":{"self":[{"href":"https:\/\/blogdoeloiltoncajuhy.com.br\/site\/wp-json\/wp\/v2\/posts\/71335","targetHints":{"allow":["GET"]}}],"collection":[{"href":"https:\/\/blogdoeloiltoncajuhy.com.br\/site\/wp-json\/wp\/v2\/posts"}],"about":[{"href":"https:\/\/blogdoeloiltoncajuhy.com.br\/site\/wp-json\/wp\/v2\/types\/post"}],"author":[{"embeddable":true,"href":"https:\/\/blogdoeloiltoncajuhy.com.br\/site\/wp-json\/wp\/v2\/users\/2"}],"replies":[{"embeddable":true,"href":"https:\/\/blogdoeloiltoncajuhy.com.br\/site\/wp-json\/wp\/v2\/comments?post=71335"}],"version-history":[{"count":1,"href":"https:\/\/blogdoeloiltoncajuhy.com.br\/site\/wp-json\/wp\/v2\/posts\/71335\/revisions"}],"predecessor-version":[{"id":71337,"href":"https:\/\/blogdoeloiltoncajuhy.com.br\/site\/wp-json\/wp\/v2\/posts\/71335\/revisions\/71337"}],"wp:featuredmedia":[{"embeddable":true,"href":"https:\/\/blogdoeloiltoncajuhy.com.br\/site\/wp-json\/wp\/v2\/media\/71336"}],"wp:attachment":[{"href":"https:\/\/blogdoeloiltoncajuhy.com.br\/site\/wp-json\/wp\/v2\/media?parent=71335"}],"wp:term":[{"taxonomy":"category","embeddable":true,"href":"https:\/\/blogdoeloiltoncajuhy.com.br\/site\/wp-json\/wp\/v2\/categories?post=71335"},{"taxonomy":"post_tag","embeddable":true,"href":"https:\/\/blogdoeloiltoncajuhy.com.br\/site\/wp-json\/wp\/v2\/tags?post=71335"}],"curies":[{"name":"wp","href":"https:\/\/api.w.org\/{rel}","templated":true}]}}