{"id":71329,"date":"2023-01-03T07:00:00","date_gmt":"2023-01-03T10:00:00","guid":{"rendered":"http:\/\/blogdoeloiltoncajuhy.com.br\/site\/?p=71329"},"modified":"2023-01-02T20:10:39","modified_gmt":"2023-01-02T23:10:39","slug":"camilo-santana-assume-o-ministerio-da-educacao-e-promete-ampliar-nacionalmente-as-escolas-em-tempo-integral","status":"publish","type":"post","link":"https:\/\/blogdoeloiltoncajuhy.com.br\/site\/camilo-santana-assume-o-ministerio-da-educacao-e-promete-ampliar-nacionalmente-as-escolas-em-tempo-integral\/","title":{"rendered":"Camilo Santana assume o Minist\u00e9rio da Educa\u00e7\u00e3o e promete ampliar nacionalmente as escolas em tempo integral"},"content":{"rendered":"\n<p class=\"has-text-align-center has-medium-font-size\"><em>Entre as medidas citadas como mais urgentes est\u00e3o a retomada de todas as obras de creches, escolas e outros equipamentos paralisados por todo o pa\u00eds e a recupera\u00e7\u00e3o da qualidade da merenda escolar nas escolas p\u00fablicas.<\/em><\/p>\n\n\n\n<p><strong>Secom &#8211; Secretaria de Comunica\u00e7\u00e3o Social\/Governo Federal<\/strong><\/p>\n\n\n\n<figure class=\"wp-block-image aligncenter size-full\"><a href=\"https:\/\/i0.wp.com\/blogdoeloiltoncajuhy.com.br\/site\/wp-content\/uploads\/2023\/01\/Camilo-Santana-Foto-Luis-Fortes-MEC.jpg\"><img data-recalc-dims=\"1\" fetchpriority=\"high\" decoding=\"async\" width=\"800\" height=\"479\" src=\"https:\/\/i0.wp.com\/blogdoeloiltoncajuhy.com.br\/site\/wp-content\/uploads\/2023\/01\/Camilo-Santana-Foto-Luis-Fortes-MEC.jpg?resize=800%2C479\" alt=\"\" class=\"wp-image-71330\" srcset=\"https:\/\/i0.wp.com\/blogdoeloiltoncajuhy.com.br\/site\/wp-content\/uploads\/2023\/01\/Camilo-Santana-Foto-Luis-Fortes-MEC.jpg?w=800&amp;ssl=1 800w, https:\/\/i0.wp.com\/blogdoeloiltoncajuhy.com.br\/site\/wp-content\/uploads\/2023\/01\/Camilo-Santana-Foto-Luis-Fortes-MEC.jpg?resize=300%2C180&amp;ssl=1 300w, https:\/\/i0.wp.com\/blogdoeloiltoncajuhy.com.br\/site\/wp-content\/uploads\/2023\/01\/Camilo-Santana-Foto-Luis-Fortes-MEC.jpg?resize=768%2C460&amp;ssl=1 768w\" sizes=\"(max-width: 800px) 100vw, 800px\" \/><\/a><figcaption class=\"wp-element-caption\"><sub>Foto: Luis Fortes\/MEC<\/sub><\/figcaption><\/figure>\n\n\n\n<p>O ministro da Educa\u00e7\u00e3o, Camilo Santana, participou, nesta segunda-feira (02), da transmiss\u00e3o de cargo, em solenidade realizada no Minist\u00e9rio da Educa\u00e7\u00e3o e prestigiada por diversas autoridades, entre eles governadores e ministros.<\/p>\n\n\n\n<p>Em seu discurso, Camilo Santana adiantou algumas a\u00e7\u00f5es que considera serem urgentes, como a retomada de todas as obras de creches, escolas e outros equipamentos paralisados por todo o pa\u00eds por falta de repasses de recursos federais; a recupera\u00e7\u00e3o da qualidade da merenda escolar das escolas p\u00fablicas de todo o Brasil; a recupera\u00e7\u00e3o da credibilidade do Enem; um plano de retomada do Fundo de Financiamento Estudantil (Fies) e do Programa Universidade Para Todos (Prouni); o fortalecimento da autonomia das universidades e a garantia de mais investimento em ci\u00eancia e tecnologia.<\/p>\n\n\n\n<p>Para dimensionar o desafio que tem pela frente no combate ao analfabetismo, Santana destacou n\u00fameros preocupantes referentes ao cen\u00e1rio atual no Ensino M\u00e9dio e Fundamental no pa\u00eds.<\/p>\n\n\n\n<p>Segundo o ministro, mais de 650 mil crian\u00e7as at\u00e9 5 anos abandonaram a escola nos \u00faltimos tr\u00eas anos. No mesmo per\u00edodo, cresceu em 66% o n\u00famero de crian\u00e7as de 6 e 7 anos que n\u00e3o sabem ler e nem escrever na idade certa.<\/p>\n\n\n\n<p>Ele ressaltou ainda que a \u00faltima an\u00e1lise realizada pelo Sistema de Avalia\u00e7\u00e3o de Educa\u00e7\u00e3o B\u00e1sica (SAEB) mostrou que apenas uma em cada tr\u00eas crian\u00e7as \u00e9 alfabetizada na idade certa. \u201cA maioria \u00e9 analfabeta dentro da pr\u00f3pria escola, o que provoca graves repercuss\u00f5es na sequ\u00eancia da vida dessas crian\u00e7as\u201d, frisou o ministro.<\/p>\n\n\n\n<p>\u201cDestaco esses dados, que considero alarmantes, para ressaltar que se imp\u00f5e uma prioridade absoluta em nosso pa\u00eds para garantir a alfabetiza\u00e7\u00e3o de todas as nossas crian\u00e7as na idade certa e, assim, assegurar as condi\u00e7\u00f5es necess\u00e1rias para que elas possam aprender os conte\u00fados de cada ano, prioridade essa j\u00e1 destacada como compromisso pelo nosso presidente Lula\u201d, afirmou Camilo Santana.<\/p>\n\n\n\n<p>Para o novo ministro, o trabalho a ser realizado exigir\u00e1 um esfor\u00e7o nacional de integra\u00e7\u00e3o. \u201c\u00c9 necess\u00e1ria a recupera\u00e7\u00e3o de uma vis\u00e3o sist\u00eamica da educa\u00e7\u00e3o, que vai da creche \u00e0 p\u00f3s-gradua\u00e7\u00e3o. Para isso, precisamos fortalecer o regime de colabora\u00e7\u00e3o em um grande pacto federativo pela educa\u00e7\u00e3o. Quase metade dos estudantes do Ensino B\u00e1sico s\u00e3o atendidos pelos munic\u00edpios e um ter\u00e7o pelos estados. O Governo Federal precisa estar junto dos estados e munic\u00edpios nessa luta\u201d.<\/p>\n\n\n\n<p>Para conferir o \u00e1udio do discurso na \u00edntegra, acesse este <a rel=\"noreferrer noopener\" href=\"https:\/\/s2301.prcomunicacao.com\/link.php?code=bDpodHRwcyUzQSUyRiUyRndlLnRsJTJGdC10b1RyOGMweFVrOjQyNjk2NzM0MzI6ZWxvaWx0by5mZXJyZWlyYWNhanVoeUBnbWFpbC5jb206NjM1M2UyOjM0\" target=\"_blank\">Link<\/a><\/p>\n","protected":false},"excerpt":{"rendered":"<p>Entre as medidas citadas como mais urgentes est\u00e3o a retomada de todas as obras de creches, escolas e outros equipamentos paralisados por todo o pa\u00eds e a recupera\u00e7\u00e3o da qualidade da merenda escolar nas escolas p\u00fablicas. Secom &#8211; Secretaria de Comunica\u00e7\u00e3o Social\/Governo Federal O ministro da Educa\u00e7\u00e3o, Camilo Santana, participou, nesta segunda-feira (02), da transmiss\u00e3o [&hellip;]<\/p>\n","protected":false},"author":2,"featured_media":71330,"comment_status":"open","ping_status":"open","sticky":false,"template":"","format":"standard","meta":{"_acf_changed":false,"_monsterinsights_skip_tracking":false,"_monsterinsights_sitenote_active":false,"_monsterinsights_sitenote_note":"","_monsterinsights_sitenote_category":0,"_jetpack_memberships_contains_paid_content":false,"footnotes":"","jetpack_publicize_message":"","jetpack_publicize_feature_enabled":true,"jetpack_social_post_already_shared":true,"jetpack_social_options":{"image_generator_settings":{"template":"highway","default_image_id":0,"font":"","enabled":false},"version":2}},"categories":[14],"tags":[],"class_list":["post-71329","post","type-post","status-publish","format-standard","has-post-thumbnail","hentry","category-educacao"],"acf":[],"jetpack_publicize_connections":[],"jetpack_featured_media_url":"https:\/\/i0.wp.com\/blogdoeloiltoncajuhy.com.br\/site\/wp-content\/uploads\/2023\/01\/Camilo-Santana-Foto-Luis-Fortes-MEC.jpg?fit=800%2C479&ssl=1","jetpack_sharing_enabled":true,"publishpress_future_workflow_manual_trigger":{"enabledWorkflows":[]},"_links":{"self":[{"href":"https:\/\/blogdoeloiltoncajuhy.com.br\/site\/wp-json\/wp\/v2\/posts\/71329","targetHints":{"allow":["GET"]}}],"collection":[{"href":"https:\/\/blogdoeloiltoncajuhy.com.br\/site\/wp-json\/wp\/v2\/posts"}],"about":[{"href":"https:\/\/blogdoeloiltoncajuhy.com.br\/site\/wp-json\/wp\/v2\/types\/post"}],"author":[{"embeddable":true,"href":"https:\/\/blogdoeloiltoncajuhy.com.br\/site\/wp-json\/wp\/v2\/users\/2"}],"replies":[{"embeddable":true,"href":"https:\/\/blogdoeloiltoncajuhy.com.br\/site\/wp-json\/wp\/v2\/comments?post=71329"}],"version-history":[{"count":2,"href":"https:\/\/blogdoeloiltoncajuhy.com.br\/site\/wp-json\/wp\/v2\/posts\/71329\/revisions"}],"predecessor-version":[{"id":71332,"href":"https:\/\/blogdoeloiltoncajuhy.com.br\/site\/wp-json\/wp\/v2\/posts\/71329\/revisions\/71332"}],"wp:featuredmedia":[{"embeddable":true,"href":"https:\/\/blogdoeloiltoncajuhy.com.br\/site\/wp-json\/wp\/v2\/media\/71330"}],"wp:attachment":[{"href":"https:\/\/blogdoeloiltoncajuhy.com.br\/site\/wp-json\/wp\/v2\/media?parent=71329"}],"wp:term":[{"taxonomy":"category","embeddable":true,"href":"https:\/\/blogdoeloiltoncajuhy.com.br\/site\/wp-json\/wp\/v2\/categories?post=71329"},{"taxonomy":"post_tag","embeddable":true,"href":"https:\/\/blogdoeloiltoncajuhy.com.br\/site\/wp-json\/wp\/v2\/tags?post=71329"}],"curies":[{"name":"wp","href":"https:\/\/api.w.org\/{rel}","templated":true}]}}