{"id":71326,"date":"2023-01-03T06:00:00","date_gmt":"2023-01-03T09:00:00","guid":{"rendered":"http:\/\/blogdoeloiltoncajuhy.com.br\/site\/?p=71326"},"modified":"2023-01-02T19:59:23","modified_gmt":"2023-01-02T22:59:23","slug":"bandeira-de-energia-em-janeiro-e-verde-sem-cobranca-extra-na-conta-de-luz","status":"publish","type":"post","link":"https:\/\/blogdoeloiltoncajuhy.com.br\/site\/bandeira-de-energia-em-janeiro-e-verde-sem-cobranca-extra-na-conta-de-luz\/","title":{"rendered":"Bandeira de energia em janeiro \u00e9 verde, sem cobran\u00e7a extra na conta de luz"},"content":{"rendered":"\n<p class=\"has-text-align-center\"><em>Ag\u00eancia Nacional de Energia El\u00e9trica (Aneel) confirmou que n\u00e3o haver\u00e1 custo extra na conta de luz em janeiro.<\/em><\/p>\n\n\n\n<p><strong>Blog do Eloilton Cajuhy<\/strong><\/p>\n\n\n\n<figure class=\"wp-block-image aligncenter size-large\"><a href=\"https:\/\/i0.wp.com\/blogdoeloiltoncajuhy.com.br\/site\/wp-content\/uploads\/2023\/01\/Coelba_energia_luz.jpg\"><img data-recalc-dims=\"1\" fetchpriority=\"high\" decoding=\"async\" width=\"800\" height=\"600\" src=\"https:\/\/i0.wp.com\/blogdoeloiltoncajuhy.com.br\/site\/wp-content\/uploads\/2023\/01\/Coelba_energia_luz.jpg?resize=800%2C600\" alt=\"\" class=\"wp-image-71327\" srcset=\"https:\/\/i0.wp.com\/blogdoeloiltoncajuhy.com.br\/site\/wp-content\/uploads\/2023\/01\/Coelba_energia_luz.jpg?resize=1024%2C768&amp;ssl=1 1024w, https:\/\/i0.wp.com\/blogdoeloiltoncajuhy.com.br\/site\/wp-content\/uploads\/2023\/01\/Coelba_energia_luz.jpg?resize=300%2C225&amp;ssl=1 300w, https:\/\/i0.wp.com\/blogdoeloiltoncajuhy.com.br\/site\/wp-content\/uploads\/2023\/01\/Coelba_energia_luz.jpg?resize=768%2C576&amp;ssl=1 768w, https:\/\/i0.wp.com\/blogdoeloiltoncajuhy.com.br\/site\/wp-content\/uploads\/2023\/01\/Coelba_energia_luz.jpg?w=1076&amp;ssl=1 1076w\" sizes=\"(max-width: 800px) 100vw, 800px\" \/><\/a><\/figure>\n\n\n\n<p>A Ag\u00eancia Nacional de Energia El\u00e9trica (Aneel) confirmou, no dia 30 de dezembro, que n\u00e3o haver\u00e1 cobran\u00e7a extra nas contas de luz em janeiro, com a manuten\u00e7\u00e3o da Bandeira Verde. Apesar disso, a Neoenergia Coelba chama a aten\u00e7\u00e3o para a necessidade de ado\u00e7\u00e3o de consumo consciente de energia el\u00e9trica, em raz\u00e3o da chegada do ver\u00e3o e aumento do calor com consequente amplia\u00e7\u00e3o do uso de aparelhos de ar-condicionado e ventiladores.<\/p>\n\n\n\n<p>De acordo com a empresa baiana de energia, mesmo com essas condicionantes, \u00e9 poss\u00edvel reduzir ainda mais o valor da conta de luz. Al\u00e9m disso, o cliente contribui com o meio ambiente evitando desperd\u00edcios com a ado\u00e7\u00e3o de pequenas mudan\u00e7as de h\u00e1bitos que o transformam em um consumidor de energia el\u00e9trica consciente, afirma a Coelba.<\/p>\n\n\n\n<p>Ana Mascarenhas, superintendente de Efici\u00eancia Energ\u00e9tica da Neoenergia, lembra que \u00e9 necess\u00e1rio observar a exist\u00eancia do Selo Procel na aquisi\u00e7\u00e3o de novos equipamentos. O Selo \u00e9 a garantia de que os produtos consomem menos energia el\u00e9trica.<\/p>\n\n\n\n<p>A Coelba recomenda manter a temperatura do aparelho de ar-condicionado  entre 23\u00baC e 25\u00baC e programar o desligamento autom\u00e1tico durante a madrugada. A outra op\u00e7\u00e3o \u00e9 adquirir aparelhos com a tecnologia Inverter, onde h\u00e1 melhor uso do compressor. Outro detalhe importante \u00e9 conferir se a manuten\u00e7\u00e3o do aparelho est\u00e1 em dia e limpar filtros e sa\u00eddas de ar a cada duas semanas.<\/p>\n\n\n\n<p>Ap\u00f3s a refrigera\u00e7\u00e3o do espa\u00e7o, o consumidor pode recorrer aos ventiladores de teto, que s\u00e3o mais econ\u00f4micos, para circular o ar e manter o clima agrad\u00e1vel. Quanto maior a velocidade, maior o consumo.<\/p>\n\n\n\n<p>J\u00e1 em rela\u00e7\u00e3o ao chuveiro el\u00e9trico, a Neoenergia lembra que ser mantido desligado ou na op\u00e7\u00e3o ver\u00e3o, que consome at\u00e9 30% menos energia. Al\u00e9m disso, deve-se tomar banhos r\u00e1pidos, e desligar a \u00e1gua quando estiver ensaboando. Por seguran\u00e7a, a orienta\u00e7\u00e3o \u00e9 sempre usar resist\u00eancias originais, pois as inadequadas podem elevar o consumo de energia e provocar s\u00e9rios danos \u00e0 instala\u00e7\u00e3o e ao chuveiro, causando risco de acidentes. A troca por aquecedor solar t\u00e9rmico \u00e9 sempre recomendado.<\/p>\n\n\n\n<p>Outra dica importante \u00e9 verificar a borracha de veda\u00e7\u00e3o da geladeira e evitar colocar alimentos quentes no seu interior. Tamb\u00e9m \u00e9 importante manter o aparelho a pelo menos 10 cent\u00edmetros de dist\u00e2ncia da parede, evitando que o calor aumente excessivamente na parte traseira. Deve-se abrir a geladeira o m\u00ednimo de vezes poss\u00edvel.<\/p>\n\n\n\n<p>Com rela\u00e7\u00e3o \u00e0 ilumina\u00e7\u00e3o natural e uso de LED, a dica da Coelba \u00e9 manter janelas e cortinas abertas. Utilizar cores claras nas paredes e apagar as l\u00e2mpadas dos c\u00f4modos desocupados, com exce\u00e7\u00e3o daquelas que contribuem com a seguran\u00e7a tamb\u00e9m \u00e9 importante. Quando precisar usar l\u00e2mpadas, escolher as de LED, que s\u00e3o cerca de 40% mais econ\u00f4micas. O uso de l\u00e2mpadas LED traz uma s\u00e9rie de benef\u00edcios, al\u00e9m de gerar economia de energia.<\/p>\n","protected":false},"excerpt":{"rendered":"<p>Ag\u00eancia Nacional de Energia El\u00e9trica (Aneel) confirmou que n\u00e3o haver\u00e1 custo extra na conta de luz em janeiro. Blog do Eloilton Cajuhy A Ag\u00eancia Nacional de Energia El\u00e9trica (Aneel) confirmou, no dia 30 de dezembro, que n\u00e3o haver\u00e1 cobran\u00e7a extra nas contas de luz em janeiro, com a manuten\u00e7\u00e3o da Bandeira Verde. Apesar disso, a [&hellip;]<\/p>\n","protected":false},"author":2,"featured_media":71327,"comment_status":"open","ping_status":"open","sticky":false,"template":"","format":"standard","meta":{"_acf_changed":false,"_monsterinsights_skip_tracking":false,"_monsterinsights_sitenote_active":false,"_monsterinsights_sitenote_note":"","_monsterinsights_sitenote_category":0,"_jetpack_memberships_contains_paid_content":false,"footnotes":"","jetpack_publicize_message":"","jetpack_publicize_feature_enabled":true,"jetpack_social_post_already_shared":true,"jetpack_social_options":{"image_generator_settings":{"template":"highway","default_image_id":0,"font":"","enabled":false},"version":2}},"categories":[5],"tags":[],"class_list":["post-71326","post","type-post","status-publish","format-standard","has-post-thumbnail","hentry","category-cotidiano"],"acf":[],"jetpack_publicize_connections":[],"jetpack_featured_media_url":"https:\/\/i0.wp.com\/blogdoeloiltoncajuhy.com.br\/site\/wp-content\/uploads\/2023\/01\/Coelba_energia_luz.jpg?fit=1076%2C807&ssl=1","jetpack_sharing_enabled":true,"publishpress_future_workflow_manual_trigger":{"enabledWorkflows":[]},"_links":{"self":[{"href":"https:\/\/blogdoeloiltoncajuhy.com.br\/site\/wp-json\/wp\/v2\/posts\/71326","targetHints":{"allow":["GET"]}}],"collection":[{"href":"https:\/\/blogdoeloiltoncajuhy.com.br\/site\/wp-json\/wp\/v2\/posts"}],"about":[{"href":"https:\/\/blogdoeloiltoncajuhy.com.br\/site\/wp-json\/wp\/v2\/types\/post"}],"author":[{"embeddable":true,"href":"https:\/\/blogdoeloiltoncajuhy.com.br\/site\/wp-json\/wp\/v2\/users\/2"}],"replies":[{"embeddable":true,"href":"https:\/\/blogdoeloiltoncajuhy.com.br\/site\/wp-json\/wp\/v2\/comments?post=71326"}],"version-history":[{"count":1,"href":"https:\/\/blogdoeloiltoncajuhy.com.br\/site\/wp-json\/wp\/v2\/posts\/71326\/revisions"}],"predecessor-version":[{"id":71328,"href":"https:\/\/blogdoeloiltoncajuhy.com.br\/site\/wp-json\/wp\/v2\/posts\/71326\/revisions\/71328"}],"wp:featuredmedia":[{"embeddable":true,"href":"https:\/\/blogdoeloiltoncajuhy.com.br\/site\/wp-json\/wp\/v2\/media\/71327"}],"wp:attachment":[{"href":"https:\/\/blogdoeloiltoncajuhy.com.br\/site\/wp-json\/wp\/v2\/media?parent=71326"}],"wp:term":[{"taxonomy":"category","embeddable":true,"href":"https:\/\/blogdoeloiltoncajuhy.com.br\/site\/wp-json\/wp\/v2\/categories?post=71326"},{"taxonomy":"post_tag","embeddable":true,"href":"https:\/\/blogdoeloiltoncajuhy.com.br\/site\/wp-json\/wp\/v2\/tags?post=71326"}],"curies":[{"name":"wp","href":"https:\/\/api.w.org\/{rel}","templated":true}]}}