{"id":71323,"date":"2023-01-03T04:00:00","date_gmt":"2023-01-03T07:00:00","guid":{"rendered":"http:\/\/blogdoeloiltoncajuhy.com.br\/site\/?p=71323"},"modified":"2023-01-02T19:14:54","modified_gmt":"2023-01-02T22:14:54","slug":"lula-revoga-decreto-que-previa-classes-especiais-para-alunos-com-deficiencia","status":"publish","type":"post","link":"https:\/\/blogdoeloiltoncajuhy.com.br\/site\/lula-revoga-decreto-que-previa-classes-especiais-para-alunos-com-deficiencia\/","title":{"rendered":"Lula revoga decreto que previa classes especiais para alunos com defici\u00eancia"},"content":{"rendered":"\n<p class=\"has-text-align-center has-medium-font-size\"><em>Decreto previa escolas especiais para alunos com defici\u00eancia e aulas separadas, sem conviv\u00eancia com as outras crian\u00e7as. Para especialistas, a pol\u00edtica causava segrega\u00e7\u00e3o e violava o direito \u00e0 educa\u00e7\u00e3o inclusiva.<\/em><\/p>\n\n\n\n<p><strong>Por Marina Pagno, g1<\/strong><\/p>\n\n\n\n<figure class=\"wp-block-image aligncenter size-full\"><a href=\"https:\/\/i0.wp.com\/blogdoeloiltoncajuhy.com.br\/site\/wp-content\/uploads\/2023\/01\/Sala-de-aula-%E2%80%94-Foto-Semed.webp\"><img data-recalc-dims=\"1\" fetchpriority=\"high\" decoding=\"async\" width=\"800\" height=\"533\" src=\"https:\/\/i0.wp.com\/blogdoeloiltoncajuhy.com.br\/site\/wp-content\/uploads\/2023\/01\/Sala-de-aula-%E2%80%94-Foto-Semed.webp?resize=800%2C533\" alt=\"\" class=\"wp-image-71324\" srcset=\"https:\/\/i0.wp.com\/blogdoeloiltoncajuhy.com.br\/site\/wp-content\/uploads\/2023\/01\/Sala-de-aula-%E2%80%94-Foto-Semed.webp?w=984&amp;ssl=1 984w, https:\/\/i0.wp.com\/blogdoeloiltoncajuhy.com.br\/site\/wp-content\/uploads\/2023\/01\/Sala-de-aula-%E2%80%94-Foto-Semed.webp?resize=300%2C200&amp;ssl=1 300w, https:\/\/i0.wp.com\/blogdoeloiltoncajuhy.com.br\/site\/wp-content\/uploads\/2023\/01\/Sala-de-aula-%E2%80%94-Foto-Semed.webp?resize=768%2C512&amp;ssl=1 768w\" sizes=\"(max-width: 800px) 100vw, 800px\" \/><\/a><figcaption class=\"wp-element-caption\"><sub>Decreto, assinado por Bolsonaro em 2020, abria caminho para a cria\u00e7\u00e3o de escolas especiais para alguns alunos com defici\u00eancia e aulas separadas, sem conviv\u00eancia com as outras crian\u00e7as \u2014 Foto: Semed<\/sub><\/figcaption><\/figure>\n\n\n\n<p>O presidente Luiz In\u00e1cio Lula da Silva (PT) revogou um decreto do ex-presidente Jair Bolsonaro (PL) que incentivou, em 2020, a cria\u00e7\u00e3o de classes especializadas em escolas regulares e escolas pr\u00f3prias para pessoas com defici\u00eancia.<\/p>\n\n\n\n<p>Na pr\u00e1tica, o decreto, assinado por Bolsonaro em 2020, abria caminho para a cria\u00e7\u00e3o de escolas especiais para alunos com defici\u00eancia e aulas separadas, sem conviv\u00eancia com as outras crian\u00e7as.<\/p>\n\n\n\n<p>A normativa foi suspensa pelo plen\u00e1rio do Supremo Tribunal Federal (STF) no mesmo ano, ap\u00f3s uma a\u00e7\u00e3o questionar a chamada &#8220;Pol\u00edtica Nacional de Educa\u00e7\u00e3o Especial: Equitativa, Inclusiva e com Aprendizado ao Longo da Vida&#8221;, criada para alunos com defici\u00eancia, transtornos globais do desenvolvimento e altas habilidades ou superdota\u00e7\u00e3o.<\/p>\n\n\n\n<p>Na \u00e9poca, especialistas alertaram que essa pol\u00edtica de educa\u00e7\u00e3o especial poderia gerar segrega\u00e7\u00e3o entre alunos com e sem defici\u00eancia. O mesmo argumento foi usado pelo Partido Socialista Brasileiro (PSB), autor da a\u00e7\u00e3o no Supremo, que afirmou que o decreto violava o direito \u00e0 educa\u00e7\u00e3o inclusiva.<\/p>\n\n\n\n<p>Na decis\u00e3o, a maioria do Supremo entendeu que o decreto poderia fundamentar pol\u00edticas p\u00fablicas que fragilizam a inclus\u00e3o de alunos com necessidades especiais.<\/p>\n\n\n\n<p>A revoga\u00e7\u00e3o da Pol\u00edtica Nacional de Educa\u00e7\u00e3o Especial foi publicada em edi\u00e7\u00e3o extra do Di\u00e1rio Oficial da Uni\u00e3o (DOU) nesta segunda-feira (2). Al\u00e9m de Lula, assinaram tamb\u00e9m os ministros da Educa\u00e7\u00e3o, Carlos Santana, e dos Direitos Humanos, Silvio Luiz de Almeida.<\/p>\n","protected":false},"excerpt":{"rendered":"<p>Decreto previa escolas especiais para alunos com defici\u00eancia e aulas separadas, sem conviv\u00eancia com as outras crian\u00e7as. Para especialistas, a pol\u00edtica causava segrega\u00e7\u00e3o e violava o direito \u00e0 educa\u00e7\u00e3o inclusiva. Por Marina Pagno, g1 O presidente Luiz In\u00e1cio Lula da Silva (PT) revogou um decreto do ex-presidente Jair Bolsonaro (PL) que incentivou, em 2020, a [&hellip;]<\/p>\n","protected":false},"author":2,"featured_media":71324,"comment_status":"open","ping_status":"open","sticky":false,"template":"","format":"standard","meta":{"_acf_changed":false,"_monsterinsights_skip_tracking":false,"_monsterinsights_sitenote_active":false,"_monsterinsights_sitenote_note":"","_monsterinsights_sitenote_category":0,"_jetpack_memberships_contains_paid_content":false,"footnotes":"","jetpack_publicize_message":"","jetpack_publicize_feature_enabled":true,"jetpack_social_post_already_shared":true,"jetpack_social_options":{"image_generator_settings":{"template":"highway","default_image_id":0,"font":"","enabled":false},"version":2}},"categories":[14],"tags":[],"class_list":["post-71323","post","type-post","status-publish","format-standard","has-post-thumbnail","hentry","category-educacao"],"acf":[],"jetpack_publicize_connections":[],"jetpack_featured_media_url":"https:\/\/i0.wp.com\/blogdoeloiltoncajuhy.com.br\/site\/wp-content\/uploads\/2023\/01\/Sala-de-aula-%E2%80%94-Foto-Semed.webp?fit=984%2C656&ssl=1","jetpack_sharing_enabled":true,"publishpress_future_workflow_manual_trigger":{"enabledWorkflows":[]},"_links":{"self":[{"href":"https:\/\/blogdoeloiltoncajuhy.com.br\/site\/wp-json\/wp\/v2\/posts\/71323","targetHints":{"allow":["GET"]}}],"collection":[{"href":"https:\/\/blogdoeloiltoncajuhy.com.br\/site\/wp-json\/wp\/v2\/posts"}],"about":[{"href":"https:\/\/blogdoeloiltoncajuhy.com.br\/site\/wp-json\/wp\/v2\/types\/post"}],"author":[{"embeddable":true,"href":"https:\/\/blogdoeloiltoncajuhy.com.br\/site\/wp-json\/wp\/v2\/users\/2"}],"replies":[{"embeddable":true,"href":"https:\/\/blogdoeloiltoncajuhy.com.br\/site\/wp-json\/wp\/v2\/comments?post=71323"}],"version-history":[{"count":1,"href":"https:\/\/blogdoeloiltoncajuhy.com.br\/site\/wp-json\/wp\/v2\/posts\/71323\/revisions"}],"predecessor-version":[{"id":71325,"href":"https:\/\/blogdoeloiltoncajuhy.com.br\/site\/wp-json\/wp\/v2\/posts\/71323\/revisions\/71325"}],"wp:featuredmedia":[{"embeddable":true,"href":"https:\/\/blogdoeloiltoncajuhy.com.br\/site\/wp-json\/wp\/v2\/media\/71324"}],"wp:attachment":[{"href":"https:\/\/blogdoeloiltoncajuhy.com.br\/site\/wp-json\/wp\/v2\/media?parent=71323"}],"wp:term":[{"taxonomy":"category","embeddable":true,"href":"https:\/\/blogdoeloiltoncajuhy.com.br\/site\/wp-json\/wp\/v2\/categories?post=71323"},{"taxonomy":"post_tag","embeddable":true,"href":"https:\/\/blogdoeloiltoncajuhy.com.br\/site\/wp-json\/wp\/v2\/tags?post=71323"}],"curies":[{"name":"wp","href":"https:\/\/api.w.org\/{rel}","templated":true}]}}