{"id":71313,"date":"2023-01-03T00:02:00","date_gmt":"2023-01-03T03:02:00","guid":{"rendered":"http:\/\/blogdoeloiltoncajuhy.com.br\/site\/?p=71313"},"modified":"2023-01-02T18:44:56","modified_gmt":"2023-01-02T21:44:56","slug":"03-de-janeiro-e-aniversario-de-matheus-nachtergaele-o-joao-grilo-de-o-auto-da-compadecida","status":"publish","type":"post","link":"https:\/\/blogdoeloiltoncajuhy.com.br\/site\/03-de-janeiro-e-aniversario-de-matheus-nachtergaele-o-joao-grilo-de-o-auto-da-compadecida\/","title":{"rendered":"03 de janeiro \u00e9 anivers\u00e1rio de Matheus Nachtergaele, o &#8220;Jo\u00e3o Grilo&#8221; de O Auto da Compadecida"},"content":{"rendered":"\n<p><strong>Por Wikip\u00e9dia<\/strong><\/p>\n\n\n\n<figure class=\"wp-block-image aligncenter size-full\"><a href=\"https:\/\/i0.wp.com\/blogdoeloiltoncajuhy.com.br\/site\/wp-content\/uploads\/2023\/01\/matheus-nachtergaele-53095.jpg\"><img data-recalc-dims=\"1\" fetchpriority=\"high\" decoding=\"async\" width=\"620\" height=\"372\" src=\"https:\/\/i0.wp.com\/blogdoeloiltoncajuhy.com.br\/site\/wp-content\/uploads\/2023\/01\/matheus-nachtergaele-53095.jpg?resize=620%2C372\" alt=\"\" class=\"wp-image-71314\" srcset=\"https:\/\/i0.wp.com\/blogdoeloiltoncajuhy.com.br\/site\/wp-content\/uploads\/2023\/01\/matheus-nachtergaele-53095.jpg?w=620&amp;ssl=1 620w, https:\/\/i0.wp.com\/blogdoeloiltoncajuhy.com.br\/site\/wp-content\/uploads\/2023\/01\/matheus-nachtergaele-53095.jpg?resize=300%2C180&amp;ssl=1 300w\" sizes=\"(max-width: 620px) 100vw, 620px\" \/><\/a><\/figure>\n\n\n\n<p>O ator nasceu em S\u00e3o Paulo, em 3 de janeiro de 1968. Ingressou na carreira art\u00edstica aos vinte anos no teatro. Em 1989, a convite de uma amiga fez um teste para a companhia do diretor teatral Antunes Filho e foi aprovado.<\/p>\n\n\n\n<p>Aos 22 anos, entrou para a Escola de Arte Dram\u00e1tica da USP, se formando em 91. Ganhou notoriedade em 1992 com a companhia Teatro da Vertigem, sob a dire\u00e7\u00e3o de Antonio Ara\u00fajo, e teve seu trabalho reconhecido por sua atua\u00e7\u00e3o no premiado espet\u00e1culo da companhia Livro de J\u00f3.<\/p>\n\n\n\n<p>Seu sucesso o levou \u00e0 televis\u00e3o (Rede Globo), onde estreou na miniss\u00e9rie Hilda Furac\u00e3o como <em>Cintura Fina<\/em>. O sucesso na miniss\u00e9rie o levou a atua\u00e7\u00e3o como protagonista na tamb\u00e9m miniss\u00e9rie que se tornou filme O Auto da Compadecida, baseado na obra de Ariano Suassuna, no papel de <em>Jo\u00e3o Grilo<\/em>.<\/p>\n\n\n\n<p>A atua\u00e7\u00e3o no filme lhe rendeu o Grande Pr\u00eamio do Cinema Nacional como Melhor Ator. Desde ent\u00e3o, tem feito in\u00fameras participa\u00e7\u00f5es no cinema nacional e, no ano de 2008 estreou como diretor sem nunca ter deixado de lado o teatro e a televis\u00e3o. Atualmente, mora em Tiradentes, Minas Gerais.<\/p>\n\n\n\n<figure class=\"wp-block-image aligncenter size-large\"><a href=\"https:\/\/i0.wp.com\/blogdoeloiltoncajuhy.com.br\/site\/wp-content\/uploads\/2023\/01\/matheus-nachtergaele-1.jpg\"><img data-recalc-dims=\"1\" decoding=\"async\" width=\"800\" height=\"450\" src=\"https:\/\/i0.wp.com\/blogdoeloiltoncajuhy.com.br\/site\/wp-content\/uploads\/2023\/01\/matheus-nachtergaele-1.jpg?resize=800%2C450\" alt=\"\" class=\"wp-image-71315\" srcset=\"https:\/\/i0.wp.com\/blogdoeloiltoncajuhy.com.br\/site\/wp-content\/uploads\/2023\/01\/matheus-nachtergaele-1.jpg?resize=1024%2C576&amp;ssl=1 1024w, https:\/\/i0.wp.com\/blogdoeloiltoncajuhy.com.br\/site\/wp-content\/uploads\/2023\/01\/matheus-nachtergaele-1.jpg?resize=300%2C169&amp;ssl=1 300w, https:\/\/i0.wp.com\/blogdoeloiltoncajuhy.com.br\/site\/wp-content\/uploads\/2023\/01\/matheus-nachtergaele-1.jpg?resize=768%2C432&amp;ssl=1 768w, https:\/\/i0.wp.com\/blogdoeloiltoncajuhy.com.br\/site\/wp-content\/uploads\/2023\/01\/matheus-nachtergaele-1.jpg?resize=1536%2C864&amp;ssl=1 1536w, https:\/\/i0.wp.com\/blogdoeloiltoncajuhy.com.br\/site\/wp-content\/uploads\/2023\/01\/matheus-nachtergaele-1.jpg?w=1771&amp;ssl=1 1771w, https:\/\/i0.wp.com\/blogdoeloiltoncajuhy.com.br\/site\/wp-content\/uploads\/2023\/01\/matheus-nachtergaele-1.jpg?w=1600 1600w\" sizes=\"(max-width: 800px) 100vw, 800px\" \/><\/a><\/figure>\n","protected":false},"excerpt":{"rendered":"<p>Por Wikip\u00e9dia O ator nasceu em S\u00e3o Paulo, em 3 de janeiro de 1968. Ingressou na carreira art\u00edstica aos vinte anos no teatro. Em 1989, a convite de uma amiga fez um teste para a companhia do diretor teatral Antunes Filho e foi aprovado. Aos 22 anos, entrou para a Escola de Arte Dram\u00e1tica da [&hellip;]<\/p>\n","protected":false},"author":2,"featured_media":71315,"comment_status":"open","ping_status":"open","sticky":false,"template":"","format":"standard","meta":{"_acf_changed":false,"_monsterinsights_skip_tracking":false,"_monsterinsights_sitenote_active":false,"_monsterinsights_sitenote_note":"","_monsterinsights_sitenote_category":0,"_jetpack_memberships_contains_paid_content":false,"footnotes":"","jetpack_publicize_message":"","jetpack_publicize_feature_enabled":true,"jetpack_social_post_already_shared":true,"jetpack_social_options":{"image_generator_settings":{"template":"highway","default_image_id":0,"font":"","enabled":false},"version":2}},"categories":[12],"tags":[],"class_list":["post-71313","post","type-post","status-publish","format-standard","has-post-thumbnail","hentry","category-gente-que-faz-a-nossa-historia"],"acf":[],"jetpack_publicize_connections":[],"jetpack_featured_media_url":"https:\/\/i0.wp.com\/blogdoeloiltoncajuhy.com.br\/site\/wp-content\/uploads\/2023\/01\/matheus-nachtergaele-1.jpg?fit=1771%2C996&ssl=1","jetpack_sharing_enabled":true,"publishpress_future_workflow_manual_trigger":{"enabledWorkflows":[]},"_links":{"self":[{"href":"https:\/\/blogdoeloiltoncajuhy.com.br\/site\/wp-json\/wp\/v2\/posts\/71313","targetHints":{"allow":["GET"]}}],"collection":[{"href":"https:\/\/blogdoeloiltoncajuhy.com.br\/site\/wp-json\/wp\/v2\/posts"}],"about":[{"href":"https:\/\/blogdoeloiltoncajuhy.com.br\/site\/wp-json\/wp\/v2\/types\/post"}],"author":[{"embeddable":true,"href":"https:\/\/blogdoeloiltoncajuhy.com.br\/site\/wp-json\/wp\/v2\/users\/2"}],"replies":[{"embeddable":true,"href":"https:\/\/blogdoeloiltoncajuhy.com.br\/site\/wp-json\/wp\/v2\/comments?post=71313"}],"version-history":[{"count":1,"href":"https:\/\/blogdoeloiltoncajuhy.com.br\/site\/wp-json\/wp\/v2\/posts\/71313\/revisions"}],"predecessor-version":[{"id":71316,"href":"https:\/\/blogdoeloiltoncajuhy.com.br\/site\/wp-json\/wp\/v2\/posts\/71313\/revisions\/71316"}],"wp:featuredmedia":[{"embeddable":true,"href":"https:\/\/blogdoeloiltoncajuhy.com.br\/site\/wp-json\/wp\/v2\/media\/71315"}],"wp:attachment":[{"href":"https:\/\/blogdoeloiltoncajuhy.com.br\/site\/wp-json\/wp\/v2\/media?parent=71313"}],"wp:term":[{"taxonomy":"category","embeddable":true,"href":"https:\/\/blogdoeloiltoncajuhy.com.br\/site\/wp-json\/wp\/v2\/categories?post=71313"},{"taxonomy":"post_tag","embeddable":true,"href":"https:\/\/blogdoeloiltoncajuhy.com.br\/site\/wp-json\/wp\/v2\/tags?post=71313"}],"curies":[{"name":"wp","href":"https:\/\/api.w.org\/{rel}","templated":true}]}}