{"id":71199,"date":"2022-12-28T18:45:55","date_gmt":"2022-12-28T21:45:55","guid":{"rendered":"http:\/\/blogdoeloiltoncajuhy.com.br\/site\/?p=71199"},"modified":"2022-12-28T20:18:08","modified_gmt":"2022-12-28T23:18:08","slug":"jeronimo-rodrigues-anuncia-mais-sete-secretarios-de-novo-governo-da-bahia-confira-nomes","status":"publish","type":"post","link":"https:\/\/blogdoeloiltoncajuhy.com.br\/site\/jeronimo-rodrigues-anuncia-mais-sete-secretarios-de-novo-governo-da-bahia-confira-nomes\/","title":{"rendered":"Jer\u00f4nimo Rodrigues anuncia mais sete secret\u00e1rios de novo governo da Bahia; confira nomes"},"content":{"rendered":"\n<p class=\"has-text-align-center has-medium-font-size\"><em>Nomes foram anunciados nesta quarta-feira (28).<\/em><\/p>\n\n\n\n<p><strong>Por g1 BA<\/strong><\/p>\n\n\n\n<figure class=\"wp-block-image aligncenter size-full\"><a href=\"https:\/\/i0.wp.com\/blogdoeloiltoncajuhy.com.br\/site\/wp-content\/uploads\/2022\/12\/Jeronimo-28122022.webp\"><img data-recalc-dims=\"1\" fetchpriority=\"high\" decoding=\"async\" width=\"800\" height=\"501\" src=\"https:\/\/i0.wp.com\/blogdoeloiltoncajuhy.com.br\/site\/wp-content\/uploads\/2022\/12\/Jeronimo-28122022.webp?resize=800%2C501\" alt=\"\" class=\"wp-image-71200\" srcset=\"https:\/\/i0.wp.com\/blogdoeloiltoncajuhy.com.br\/site\/wp-content\/uploads\/2022\/12\/Jeronimo-28122022.webp?w=984&amp;ssl=1 984w, https:\/\/i0.wp.com\/blogdoeloiltoncajuhy.com.br\/site\/wp-content\/uploads\/2022\/12\/Jeronimo-28122022.webp?resize=300%2C188&amp;ssl=1 300w, https:\/\/i0.wp.com\/blogdoeloiltoncajuhy.com.br\/site\/wp-content\/uploads\/2022\/12\/Jeronimo-28122022.webp?resize=768%2C481&amp;ssl=1 768w\" sizes=\"(max-width: 800px) 100vw, 800px\" \/><\/a><figcaption class=\"wp-element-caption\"><sub>Jer\u00f4nimo Rodrigues anunciou mais noves para as secretarias da Bahia \u2014 Foto: Redes sociais<\/sub><\/figcaption><\/figure>\n\n\n\n<p>O governador eleito, Jer\u00f4nimo Rodrigues (PT), anunciou nesta quarta-feira (28) mais secret\u00e1rios do novo governo na Bahia. Dos sete nomes que foram confirmados, dois atuam nas secretarias no mandato de Rui Costa (PT).<\/p>\n\n\n\n<p>No dia 19 de dezembro, 11 nomes foram anunciados pelo governador eleito. Com as confirma\u00e7\u00f5es desta quarta, 18 secretarias est\u00e3o completas. Segundo o vice-governador Geraldo J\u00fanior, o \u00faltimo an\u00fancio ser\u00e1 feito na quinta-feira (29).<\/p>\n\n\n\n<p>Uma das novidades \u00e9 a Superintend\u00eancia de Pol\u00edticas para os Povos Ind\u00edgenas (SEPROMI), que ser\u00e1 comandada por Patr\u00edcia Patax\u00f3. A pasta foi criada para o pr\u00f3ximo governo.<\/p>\n\n\n\n<p class=\"has-black-color has-text-color has-medium-font-size\"><strong>Confira nomes:<\/strong><\/p>\n\n\n\n<ul class=\"wp-block-list\">\n<li><strong>Superintend\u00eancia de Pol\u00edticas para os Povos Ind\u00edgenas (SEPROMI):<\/strong> Patr\u00edcia Patax\u00f3<\/li>\n<\/ul>\n\n\n\n<ul class=\"wp-block-list\">\n<li><strong>Secretaria de Desenvolvimento e Urbanismo (SEDUR):<\/strong> Jusmari Oliveira (deputada estadual)<\/li>\n<\/ul>\n\n\n\n<ul class=\"wp-block-list\">\n<li><strong>Secretaria de Cultura e Turismo (SECULT):<\/strong> Bruno Monteiro<\/li>\n<\/ul>\n\n\n\n<ul class=\"wp-block-list\">\n<li><strong>Secretaria do Trabalho, Emprego, Renda e Esporte (SETRE):<\/strong> permanece Davidson Magalh\u00e3es<\/li>\n<\/ul>\n\n\n\n<ul class=\"wp-block-list\">\n<li><strong>Secretaria de Desenvolvimento Econ\u00f4mico (SDE):<\/strong> \u00c2ngelo Almeida<\/li>\n<\/ul>\n\n\n\n<ul class=\"wp-block-list\">\n<li><strong>Secretaria de Comunica\u00e7\u00e3o (SECOM):<\/strong> permanece Andr\u00e9 Curvello<\/li>\n<\/ul>\n\n\n\n<ul class=\"wp-block-list\">\n<li><strong>Secretaria de Pol\u00edticas para as Mulheres (SPM):<\/strong> Elis\u00e2ngela Santos Ara\u00fajo<\/li>\n<\/ul>\n\n\n\n<p><\/p>\n\n\n\n<p><strong>Blog do Eloilton Cajuhy:<\/strong><\/p>\n\n\n\n<p>Resumo sobre an\u00fancio do secretariado, de acordo com a assessoria de Jer\u00f4nimo Rodrigues:<\/p>\n\n\n\n<p class=\"has-black-color has-text-color\"><strong>Cargos anunciados em 19\/12:<\/strong><\/p>\n\n\n\n<ul class=\"wp-block-list\">\n<li><strong>Chefia de Gabinete do Governador:<\/strong> Adolpho Loyola<\/li>\n\n\n\n<li><strong>Casa Civil:<\/strong> Afonso Florence<\/li>\n\n\n\n<li><strong>Serin:<\/strong> Luiz Caetano<\/li>\n\n\n\n<li><strong>Sesab:<\/strong> Roberta Santana<\/li>\n\n\n\n<li><strong>SEC:<\/strong> Ad\u00e9lia Pinheiro<\/li>\n\n\n\n<li><strong>SJDH:<\/strong> Felipe Freitas<\/li>\n\n\n\n<li><strong>Seades:<\/strong> Fabya Reis<\/li>\n\n\n\n<li><strong>Seinfra:<\/strong> S\u00e9rgio Brito<\/li>\n\n\n\n<li><strong>Sefaz:<\/strong> Manoel Vit\u00f3rio<\/li>\n\n\n\n<li><strong>Seagri:<\/strong> Tum<\/li>\n\n\n\n<li><strong>Setur:<\/strong> Maur\u00edcio Bacelar<\/li>\n<\/ul>\n\n\n\n<p class=\"has-black-color has-text-color\"><strong>Cargos anunciados em 22\/12:<\/strong><\/p>\n\n\n\n<ul class=\"wp-block-list\">\n<li><strong>Sepromi:<\/strong> \u00c2ngela Guimar\u00e3es<\/li>\n\n\n\n<li><strong>Sema:<\/strong> Eduardo Sodr\u00e9 Martins<\/li>\n\n\n\n<li><strong>SDR:<\/strong> Osni Cardoso<\/li>\n\n\n\n<li><strong>SIHS:<\/strong> Larissa Gomes Moraes<\/li>\n\n\n\n<li><strong>Seap:<\/strong> Jos\u00e9 Ant\u00f4nio Maia Gon\u00e7alves<\/li>\n\n\n\n<li><strong>PGE:<\/strong> B\u00e1rbara Camardelli Loi<\/li>\n\n\n\n<li><strong>Coordena\u00e7\u00e3o de Pol\u00edticas para a Juventude:<\/strong> Nivaldo Millet<\/li>\n\n\n\n<li><strong>Coordena\u00e7\u00e3o Geral do Programa Bahia Sem Fome:<\/strong> Tiago Pereira da Costa<\/li>\n\n\n\n<li><strong>Lideran\u00e7a do Governo na Alba:<\/strong> deputado estadual Rosemberg Pinto<\/li>\n<\/ul>\n\n\n\n<p class=\"has-black-color has-text-color\"><strong>Cargos anunciados em 28\/12:<\/strong><\/p>\n\n\n\n<ul class=\"wp-block-list\">\n<li><strong>SEDUR<\/strong> \u2013 Jusmari Oliveira<\/li>\n\n\n\n<li><strong>SECULT<\/strong> \u2013 Bruno Monteiro<\/li>\n\n\n\n<li><strong>SETRE<\/strong> \u2013 Davidson Magalh\u00e3es<\/li>\n\n\n\n<li><strong>SDE<\/strong> \u2013 \u00c2ngelo Almeida<\/li>\n\n\n\n<li><strong>SPM<\/strong> \u2013 Elis\u00e2ngela Santos Ara\u00fajo<\/li>\n\n\n\n<li><strong>SECOM<\/strong> \u2013 Andr\u00e9 Curvello<\/li>\n\n\n\n<li><strong>Superintend\u00eancia de Pol\u00edticas para os Povos Ind\u00edgenas (SEPROMI)<\/strong> \u2013 Patr\u00edcia Patax\u00f3<\/li>\n<\/ul>\n\n\n\n<p class=\"has-black-color has-text-color\"><strong>Falta anunciar:<\/strong><\/p>\n\n\n\n<ul class=\"wp-block-list\">\n<li><strong>SSP<\/strong> (Seguran\u00e7a P\u00fablica)<\/li>\n\n\n\n<li><strong>Saeb<\/strong> (Administra\u00e7\u00e3o)<\/li>\n\n\n\n<li><strong>Secti<\/strong> (Ci\u00eancia, Tecnologia e Inova\u00e7\u00e3o)<\/li>\n\n\n\n<li><strong>Seplan<\/strong> (Planejamento)<\/li>\n<\/ul>\n","protected":false},"excerpt":{"rendered":"<p>Nomes foram anunciados nesta quarta-feira (28). Por g1 BA O governador eleito, Jer\u00f4nimo Rodrigues (PT), anunciou nesta quarta-feira (28) mais secret\u00e1rios do novo governo na Bahia. Dos sete nomes que foram confirmados, dois atuam nas secretarias no mandato de Rui Costa (PT). No dia 19 de dezembro, 11 nomes foram anunciados pelo governador eleito. Com [&hellip;]<\/p>\n","protected":false},"author":2,"featured_media":71200,"comment_status":"open","ping_status":"open","sticky":false,"template":"","format":"standard","meta":{"_acf_changed":false,"_monsterinsights_skip_tracking":false,"_monsterinsights_sitenote_active":false,"_monsterinsights_sitenote_note":"","_monsterinsights_sitenote_category":0,"_jetpack_memberships_contains_paid_content":false,"footnotes":"","jetpack_publicize_message":"","jetpack_publicize_feature_enabled":true,"jetpack_social_post_already_shared":true,"jetpack_social_options":{"image_generator_settings":{"template":"highway","default_image_id":0,"font":"","enabled":false},"version":2}},"categories":[3],"tags":[],"class_list":["post-71199","post","type-post","status-publish","format-standard","has-post-thumbnail","hentry","category-politica"],"acf":[],"jetpack_publicize_connections":[],"jetpack_featured_media_url":"https:\/\/i0.wp.com\/blogdoeloiltoncajuhy.com.br\/site\/wp-content\/uploads\/2022\/12\/Jeronimo-28122022.webp?fit=984%2C616&ssl=1","jetpack_sharing_enabled":true,"publishpress_future_workflow_manual_trigger":{"enabledWorkflows":[]},"_links":{"self":[{"href":"https:\/\/blogdoeloiltoncajuhy.com.br\/site\/wp-json\/wp\/v2\/posts\/71199","targetHints":{"allow":["GET"]}}],"collection":[{"href":"https:\/\/blogdoeloiltoncajuhy.com.br\/site\/wp-json\/wp\/v2\/posts"}],"about":[{"href":"https:\/\/blogdoeloiltoncajuhy.com.br\/site\/wp-json\/wp\/v2\/types\/post"}],"author":[{"embeddable":true,"href":"https:\/\/blogdoeloiltoncajuhy.com.br\/site\/wp-json\/wp\/v2\/users\/2"}],"replies":[{"embeddable":true,"href":"https:\/\/blogdoeloiltoncajuhy.com.br\/site\/wp-json\/wp\/v2\/comments?post=71199"}],"version-history":[{"count":2,"href":"https:\/\/blogdoeloiltoncajuhy.com.br\/site\/wp-json\/wp\/v2\/posts\/71199\/revisions"}],"predecessor-version":[{"id":71203,"href":"https:\/\/blogdoeloiltoncajuhy.com.br\/site\/wp-json\/wp\/v2\/posts\/71199\/revisions\/71203"}],"wp:featuredmedia":[{"embeddable":true,"href":"https:\/\/blogdoeloiltoncajuhy.com.br\/site\/wp-json\/wp\/v2\/media\/71200"}],"wp:attachment":[{"href":"https:\/\/blogdoeloiltoncajuhy.com.br\/site\/wp-json\/wp\/v2\/media?parent=71199"}],"wp:term":[{"taxonomy":"category","embeddable":true,"href":"https:\/\/blogdoeloiltoncajuhy.com.br\/site\/wp-json\/wp\/v2\/categories?post=71199"},{"taxonomy":"post_tag","embeddable":true,"href":"https:\/\/blogdoeloiltoncajuhy.com.br\/site\/wp-json\/wp\/v2\/tags?post=71199"}],"curies":[{"name":"wp","href":"https:\/\/api.w.org\/{rel}","templated":true}]}}