{"id":71191,"date":"2022-12-28T16:54:12","date_gmt":"2022-12-28T19:54:12","guid":{"rendered":"http:\/\/blogdoeloiltoncajuhy.com.br\/site\/?p=71191"},"modified":"2022-12-29T17:51:59","modified_gmt":"2022-12-29T20:51:59","slug":"morre-o-compositor-bonfinense-lucio-barbosa-autor-de-cidadao-gravada-por-luiz-gonzaga-e-ze-ramalho","status":"publish","type":"post","link":"https:\/\/blogdoeloiltoncajuhy.com.br\/site\/morre-o-compositor-bonfinense-lucio-barbosa-autor-de-cidadao-gravada-por-luiz-gonzaga-e-ze-ramalho\/","title":{"rendered":"Morre o compositor bonfinense L\u00facio Barbosa, autor de &#8216;Cidad\u00e3o&#8217;, gravada por Luiz Gonzaga e Z\u00e9 Ramalho"},"content":{"rendered":"\n<p><strong>Blog do Eloilton Cajuhy<\/strong><\/p>\n\n\n\n<figure class=\"wp-block-image aligncenter size-full is-resized\"><a href=\"https:\/\/i0.wp.com\/blogdoeloiltoncajuhy.com.br\/site\/wp-content\/uploads\/2022\/12\/Lucio-Barbosa.png\"><img data-recalc-dims=\"1\" fetchpriority=\"high\" decoding=\"async\" src=\"https:\/\/i0.wp.com\/blogdoeloiltoncajuhy.com.br\/site\/wp-content\/uploads\/2022\/12\/Lucio-Barbosa.png?resize=748%2C748\" alt=\"\" class=\"wp-image-71192\" width=\"748\" height=\"748\" srcset=\"https:\/\/i0.wp.com\/blogdoeloiltoncajuhy.com.br\/site\/wp-content\/uploads\/2022\/12\/Lucio-Barbosa.png?w=748&amp;ssl=1 748w, https:\/\/i0.wp.com\/blogdoeloiltoncajuhy.com.br\/site\/wp-content\/uploads\/2022\/12\/Lucio-Barbosa.png?resize=300%2C300&amp;ssl=1 300w, https:\/\/i0.wp.com\/blogdoeloiltoncajuhy.com.br\/site\/wp-content\/uploads\/2022\/12\/Lucio-Barbosa.png?resize=150%2C150&amp;ssl=1 150w\" sizes=\"(max-width: 748px) 100vw, 748px\" \/><\/a><figcaption class=\"wp-element-caption\"><sub>Foto: Palco MP3<\/sub><\/figcaption><\/figure>\n\n\n\n<p>Morreu o compositor <strong>L\u00facio Barbosa<\/strong>, autor do grande sucesso &#8220;Cidad\u00e3o&#8221;, aos 74 anos. A not\u00edcia do seu falecimento foi publicada em uma rede social do cantor, compositor e escritor paraibano Lu\u00eds Avelima, que mora em S\u00e3o Paulo e \u00e9 Diretor de Atividades Culturais da Funda\u00e7\u00e3o Memorial da Am\u00e9rica Latina.<\/p>\n\n\n\n<p>Natural de Senhor do Bonfim, L\u00facio Barbosa foi morador do Alto da Maravilha. Tornou-se conhecido na m\u00fasica popular brasileira como autor e compositor das m\u00fasicas <em>&#8220;Cidad\u00e3o\u201d<\/em> e <em>\u201cO Profeta\u201d<\/em>, que contam com in\u00fameras regrava\u00e7\u00f5es.<\/p>\n\n\n\n<p>Seu grande \u00eaxito aconteceu em 1979, quando sua m\u00fasica <em>&#8220;Cidad\u00e3o&#8221;<\/em> foi gravada pelo cantor e compositor Z\u00e9 Geraldo no LP <em>&#8220;Terceiro Mundo&#8221;<\/em>, da CBS. Essa composi\u00e7\u00e3o conheceu diversas regrava\u00e7\u00f5es, entre as quais, as de Luiz Gonzaga, Silvio Brito, Z\u00e9 Ramalho, Renato Teixeira, Elymar Santos e, em 1989, tornou-se grande sucesso no sul do pa\u00eds, na grava\u00e7\u00e3o de Wilson Paim. Foi tamb\u00e9m regravada pelo pr\u00f3prio Z\u00e9 Geraldo, inclusive no disco <em>&#8220;Cantoria 3&#8221;<\/em>, lan\u00e7ado pela Kuarup.<\/p>\n\n\n\n<p>Em 1992, a m\u00fasica <em>&#8220;Cidad\u00e3o&#8221;<\/em> foi regravada por Z\u00e9 Ramalho no disco <em>&#8220;Frevoador&#8221;<\/em>, lan\u00e7ado pela Columbia\/Sony Music. L\u00facio Barbosa morava em Itapecerica da Serra, S\u00e3o Paulo.<\/p>\n\n\n\n<figure class=\"wp-block-image aligncenter size-large is-resized\"><a href=\"https:\/\/i0.wp.com\/blogdoeloiltoncajuhy.com.br\/site\/wp-content\/uploads\/2022\/12\/Lucio-Barbosa_Face.jpg\"><img data-recalc-dims=\"1\" decoding=\"async\" src=\"https:\/\/i0.wp.com\/blogdoeloiltoncajuhy.com.br\/site\/wp-content\/uploads\/2022\/12\/Lucio-Barbosa_Face.jpg?resize=323%2C557\" alt=\"\" class=\"wp-image-71193\" width=\"323\" height=\"557\" srcset=\"https:\/\/i0.wp.com\/blogdoeloiltoncajuhy.com.br\/site\/wp-content\/uploads\/2022\/12\/Lucio-Barbosa_Face.jpg?resize=593%2C1024&amp;ssl=1 593w, https:\/\/i0.wp.com\/blogdoeloiltoncajuhy.com.br\/site\/wp-content\/uploads\/2022\/12\/Lucio-Barbosa_Face.jpg?resize=174%2C300&amp;ssl=1 174w, https:\/\/i0.wp.com\/blogdoeloiltoncajuhy.com.br\/site\/wp-content\/uploads\/2022\/12\/Lucio-Barbosa_Face.jpg?w=741&amp;ssl=1 741w\" sizes=\"(max-width: 323px) 100vw, 323px\" \/><\/a><figcaption class=\"wp-element-caption\"><sub>Reprodu\u00e7\u00e3o \/ Facebook<\/sub><\/figcaption><\/figure>\n\n\n\n<p><\/p>\n\n\n\n<p>Em nossa cidade, L\u00facio deixa o irm\u00e3o Jo\u00e3o Domingos, ex-jogador de futebol e que durante v\u00e1rios anos trabalhou na Embasa em nossa cidade, trabalhando atualmente na prefeitura de Jaguarari.<\/p>\n","protected":false},"excerpt":{"rendered":"<p>Blog do Eloilton Cajuhy Morreu o compositor L\u00facio Barbosa, autor do grande sucesso &#8220;Cidad\u00e3o&#8221;, aos 74 anos. A not\u00edcia do seu falecimento foi publicada em uma rede social do cantor, compositor e escritor paraibano Lu\u00eds Avelima, que mora em S\u00e3o Paulo e \u00e9 Diretor de Atividades Culturais da Funda\u00e7\u00e3o Memorial da Am\u00e9rica Latina. Natural de [&hellip;]<\/p>\n","protected":false},"author":2,"featured_media":71192,"comment_status":"open","ping_status":"open","sticky":false,"template":"","format":"standard","meta":{"_acf_changed":false,"_monsterinsights_skip_tracking":false,"_monsterinsights_sitenote_active":false,"_monsterinsights_sitenote_note":"","_monsterinsights_sitenote_category":0,"_jetpack_memberships_contains_paid_content":false,"footnotes":"","jetpack_publicize_message":"","jetpack_publicize_feature_enabled":true,"jetpack_social_post_already_shared":true,"jetpack_social_options":{"image_generator_settings":{"template":"highway","default_image_id":0,"font":"","enabled":false},"version":2}},"categories":[8],"tags":[],"class_list":["post-71191","post","type-post","status-publish","format-standard","has-post-thumbnail","hentry","category-cultura"],"acf":[],"jetpack_publicize_connections":[],"jetpack_featured_media_url":"https:\/\/i0.wp.com\/blogdoeloiltoncajuhy.com.br\/site\/wp-content\/uploads\/2022\/12\/Lucio-Barbosa.png?fit=748%2C748&ssl=1","jetpack_sharing_enabled":true,"publishpress_future_workflow_manual_trigger":{"enabledWorkflows":[]},"_links":{"self":[{"href":"https:\/\/blogdoeloiltoncajuhy.com.br\/site\/wp-json\/wp\/v2\/posts\/71191","targetHints":{"allow":["GET"]}}],"collection":[{"href":"https:\/\/blogdoeloiltoncajuhy.com.br\/site\/wp-json\/wp\/v2\/posts"}],"about":[{"href":"https:\/\/blogdoeloiltoncajuhy.com.br\/site\/wp-json\/wp\/v2\/types\/post"}],"author":[{"embeddable":true,"href":"https:\/\/blogdoeloiltoncajuhy.com.br\/site\/wp-json\/wp\/v2\/users\/2"}],"replies":[{"embeddable":true,"href":"https:\/\/blogdoeloiltoncajuhy.com.br\/site\/wp-json\/wp\/v2\/comments?post=71191"}],"version-history":[{"count":4,"href":"https:\/\/blogdoeloiltoncajuhy.com.br\/site\/wp-json\/wp\/v2\/posts\/71191\/revisions"}],"predecessor-version":[{"id":71222,"href":"https:\/\/blogdoeloiltoncajuhy.com.br\/site\/wp-json\/wp\/v2\/posts\/71191\/revisions\/71222"}],"wp:featuredmedia":[{"embeddable":true,"href":"https:\/\/blogdoeloiltoncajuhy.com.br\/site\/wp-json\/wp\/v2\/media\/71192"}],"wp:attachment":[{"href":"https:\/\/blogdoeloiltoncajuhy.com.br\/site\/wp-json\/wp\/v2\/media?parent=71191"}],"wp:term":[{"taxonomy":"category","embeddable":true,"href":"https:\/\/blogdoeloiltoncajuhy.com.br\/site\/wp-json\/wp\/v2\/categories?post=71191"},{"taxonomy":"post_tag","embeddable":true,"href":"https:\/\/blogdoeloiltoncajuhy.com.br\/site\/wp-json\/wp\/v2\/tags?post=71191"}],"curies":[{"name":"wp","href":"https:\/\/api.w.org\/{rel}","templated":true}]}}