{"id":71187,"date":"2022-12-28T09:05:46","date_gmt":"2022-12-28T12:05:46","guid":{"rendered":"http:\/\/blogdoeloiltoncajuhy.com.br\/site\/?p=71187"},"modified":"2022-12-28T09:05:48","modified_gmt":"2022-12-28T12:05:48","slug":"saude-deve-ampliar-vacinacao-de-criancas-contra-covid-19","status":"publish","type":"post","link":"https:\/\/blogdoeloiltoncajuhy.com.br\/site\/saude-deve-ampliar-vacinacao-de-criancas-contra-covid-19\/","title":{"rendered":"Sa\u00fade deve ampliar vacina\u00e7\u00e3o de crian\u00e7as contra covid-19"},"content":{"rendered":"\n<p class=\"has-text-align-center has-medium-font-size\"><em>Minist\u00e9rio libera imunizante da Pfizer para crian\u00e7as de at\u00e9 4 anos.<\/em><\/p>\n\n\n\n<p><strong>Por Ag\u00eancia Brasil<\/strong><\/p>\n\n\n\n<figure class=\"wp-block-image aligncenter size-large\"><a href=\"https:\/\/i0.wp.com\/blogdoeloiltoncajuhy.com.br\/site\/wp-content\/uploads\/2022\/12\/Corona_vacina_infantil_pfizer.jpg\"><img data-recalc-dims=\"1\" fetchpriority=\"high\" decoding=\"async\" width=\"800\" height=\"479\" src=\"https:\/\/i0.wp.com\/blogdoeloiltoncajuhy.com.br\/site\/wp-content\/uploads\/2022\/12\/Corona_vacina_infantil_pfizer.jpg?resize=800%2C479\" alt=\"\" class=\"wp-image-71188\" srcset=\"https:\/\/i0.wp.com\/blogdoeloiltoncajuhy.com.br\/site\/wp-content\/uploads\/2022\/12\/Corona_vacina_infantil_pfizer.jpg?resize=1024%2C613&amp;ssl=1 1024w, https:\/\/i0.wp.com\/blogdoeloiltoncajuhy.com.br\/site\/wp-content\/uploads\/2022\/12\/Corona_vacina_infantil_pfizer.jpg?resize=300%2C179&amp;ssl=1 300w, https:\/\/i0.wp.com\/blogdoeloiltoncajuhy.com.br\/site\/wp-content\/uploads\/2022\/12\/Corona_vacina_infantil_pfizer.jpg?resize=768%2C459&amp;ssl=1 768w, https:\/\/i0.wp.com\/blogdoeloiltoncajuhy.com.br\/site\/wp-content\/uploads\/2022\/12\/Corona_vacina_infantil_pfizer.jpg?w=1170&amp;ssl=1 1170w\" sizes=\"(max-width: 800px) 100vw, 800px\" \/><\/a><figcaption class=\"wp-element-caption\"><sub>Vacinas Covid-19 pedi\u00e1tricas da Pfizer-BioNTech &#8211; Foto: Myke Sena\/MS<\/sub><\/figcaption><\/figure>\n\n\n\n<p>O Minist\u00e9rio da Sa\u00fade deve liberar nos pr\u00f3ximos dias autoriza\u00e7\u00e3o para vacina\u00e7\u00e3o de crian\u00e7as de seis meses a 4 anos com imunizante da Pfizer contra a covid-19. At\u00e9 ent\u00e3o, o governo federal havia distribu\u00eddo as primeiras doses apenas para as crian\u00e7as de 6 meses a 2 anos e 11 meses que tivessem alguma comorbidade.<\/p>\n\n\n\n<p>De acordo com a pasta, a recomenda\u00e7\u00e3o passar\u00e1 a valer a partir da publica\u00e7\u00e3o do parecer t\u00e9cnico da Comiss\u00e3o Nacional de Incorpora\u00e7\u00e3o de Tecnologias no SUS (Conitec) e de uma portaria da Secretaria de Ci\u00eancia, Tecnologia e Insumos Estrat\u00e9gicos do minist\u00e9rio.<\/p>\n\n\n\n<p class=\"has-black-color has-text-color\"><strong>Vacinas bivalentes<\/strong><\/p>\n\n\n\n<p>No domingo (25), foram entregues 2,8 milh\u00f5es de doses de vacina bivalente BA.4\/BA, que protege contra a a cepa original e duas subvariantes \u00f4micron.<\/p>\n\n\n\n<p>As ampolas ser\u00e3o distribu\u00eddas ap\u00f3s passarem por an\u00e1lise do Instituto Nacional de Controle de Qualidade em Sa\u00fade.<\/p>\n","protected":false},"excerpt":{"rendered":"<p>Minist\u00e9rio libera imunizante da Pfizer para crian\u00e7as de at\u00e9 4 anos. Por Ag\u00eancia Brasil O Minist\u00e9rio da Sa\u00fade deve liberar nos pr\u00f3ximos dias autoriza\u00e7\u00e3o para vacina\u00e7\u00e3o de crian\u00e7as de seis meses a 4 anos com imunizante da Pfizer contra a covid-19. At\u00e9 ent\u00e3o, o governo federal havia distribu\u00eddo as primeiras doses apenas para as crian\u00e7as [&hellip;]<\/p>\n","protected":false},"author":2,"featured_media":71188,"comment_status":"open","ping_status":"open","sticky":false,"template":"","format":"standard","meta":{"_acf_changed":false,"_monsterinsights_skip_tracking":false,"_monsterinsights_sitenote_active":false,"_monsterinsights_sitenote_note":"","_monsterinsights_sitenote_category":0,"_jetpack_memberships_contains_paid_content":false,"footnotes":"","jetpack_publicize_message":"","jetpack_publicize_feature_enabled":true,"jetpack_social_post_already_shared":true,"jetpack_social_options":{"image_generator_settings":{"template":"highway","default_image_id":0,"font":"","enabled":false},"version":2}},"categories":[7],"tags":[],"class_list":["post-71187","post","type-post","status-publish","format-standard","has-post-thumbnail","hentry","category-saude"],"acf":[],"jetpack_publicize_connections":[],"jetpack_featured_media_url":"https:\/\/i0.wp.com\/blogdoeloiltoncajuhy.com.br\/site\/wp-content\/uploads\/2022\/12\/Corona_vacina_infantil_pfizer.jpg?fit=1170%2C700&ssl=1","jetpack_sharing_enabled":true,"publishpress_future_workflow_manual_trigger":{"enabledWorkflows":[]},"_links":{"self":[{"href":"https:\/\/blogdoeloiltoncajuhy.com.br\/site\/wp-json\/wp\/v2\/posts\/71187","targetHints":{"allow":["GET"]}}],"collection":[{"href":"https:\/\/blogdoeloiltoncajuhy.com.br\/site\/wp-json\/wp\/v2\/posts"}],"about":[{"href":"https:\/\/blogdoeloiltoncajuhy.com.br\/site\/wp-json\/wp\/v2\/types\/post"}],"author":[{"embeddable":true,"href":"https:\/\/blogdoeloiltoncajuhy.com.br\/site\/wp-json\/wp\/v2\/users\/2"}],"replies":[{"embeddable":true,"href":"https:\/\/blogdoeloiltoncajuhy.com.br\/site\/wp-json\/wp\/v2\/comments?post=71187"}],"version-history":[{"count":1,"href":"https:\/\/blogdoeloiltoncajuhy.com.br\/site\/wp-json\/wp\/v2\/posts\/71187\/revisions"}],"predecessor-version":[{"id":71189,"href":"https:\/\/blogdoeloiltoncajuhy.com.br\/site\/wp-json\/wp\/v2\/posts\/71187\/revisions\/71189"}],"wp:featuredmedia":[{"embeddable":true,"href":"https:\/\/blogdoeloiltoncajuhy.com.br\/site\/wp-json\/wp\/v2\/media\/71188"}],"wp:attachment":[{"href":"https:\/\/blogdoeloiltoncajuhy.com.br\/site\/wp-json\/wp\/v2\/media?parent=71187"}],"wp:term":[{"taxonomy":"category","embeddable":true,"href":"https:\/\/blogdoeloiltoncajuhy.com.br\/site\/wp-json\/wp\/v2\/categories?post=71187"},{"taxonomy":"post_tag","embeddable":true,"href":"https:\/\/blogdoeloiltoncajuhy.com.br\/site\/wp-json\/wp\/v2\/tags?post=71187"}],"curies":[{"name":"wp","href":"https:\/\/api.w.org\/{rel}","templated":true}]}}