{"id":71180,"date":"2022-12-28T02:00:00","date_gmt":"2022-12-28T05:00:00","guid":{"rendered":"http:\/\/blogdoeloiltoncajuhy.com.br\/site\/?p=71180"},"modified":"2022-12-27T21:33:54","modified_gmt":"2022-12-28T00:33:54","slug":"28-de-dezembro-e-aniversario-da-jovem-atriz-larissa-manoela","status":"publish","type":"post","link":"https:\/\/blogdoeloiltoncajuhy.com.br\/site\/28-de-dezembro-e-aniversario-da-jovem-atriz-larissa-manoela\/","title":{"rendered":"28 de dezembro \u00e9 anivers\u00e1rio da jovem atriz Larissa Manoela"},"content":{"rendered":"\n<p><strong>Por Wikip\u00e9dia<\/strong><\/p>\n\n\n\n<figure class=\"wp-block-image aligncenter size-full\"><a href=\"https:\/\/i0.wp.com\/blogdoeloiltoncajuhy.com.br\/site\/wp-content\/uploads\/2022\/12\/Larissa-Manoela-foto-joao-miguel-junior-globo.jpg\"><img data-recalc-dims=\"1\" fetchpriority=\"high\" decoding=\"async\" width=\"660\" height=\"413\" src=\"https:\/\/i0.wp.com\/blogdoeloiltoncajuhy.com.br\/site\/wp-content\/uploads\/2022\/12\/Larissa-Manoela-foto-joao-miguel-junior-globo.jpg?resize=660%2C413\" alt=\"\" class=\"wp-image-71181\" srcset=\"https:\/\/i0.wp.com\/blogdoeloiltoncajuhy.com.br\/site\/wp-content\/uploads\/2022\/12\/Larissa-Manoela-foto-joao-miguel-junior-globo.jpg?w=660&amp;ssl=1 660w, https:\/\/i0.wp.com\/blogdoeloiltoncajuhy.com.br\/site\/wp-content\/uploads\/2022\/12\/Larissa-Manoela-foto-joao-miguel-junior-globo.jpg?resize=300%2C188&amp;ssl=1 300w\" sizes=\"(max-width: 660px) 100vw, 660px\" \/><\/a><figcaption class=\"wp-element-caption\"><sub>Foto: Jo\u00e3o Miguel J\u00fanior\/Globo<\/sub><\/figcaption><\/figure>\n\n\n\n<p><strong>Larissa Manoela Taques Elias Santos<\/strong> nasceu em Guarapuava, no Paran\u00e1, em 28 de dezembro de 2000. \u00c9 atriz, cantora e influenciadora digital brasileira. Ficou conhecida por interpretar Maria Joaquina em <em>Carrossel<\/em>, as g\u00eameas Isabela e Manuela em <em>C\u00famplices de um Resgate<\/em> e Mirela em <em>As Aventuras de Poliana<\/em>, no SBT. Em 2022, fez sua estreia na TV Globo na novela <em>Al\u00e9m da Ilus\u00e3o<\/em>, onde interpretou Elisa e Isadora, irm\u00e3s em fases diferentes.<\/p>\n\n\n\n<p>Sua carreira na televis\u00e3o iniciou aos seis anos de idade, na s\u00e9rie do canal GNT, <em>Mothern<\/em> em que interpretava ela mesma. Meses ap\u00f3s, ela foi selecionada para estrelar a pe\u00e7a teatral <em>A Novi\u00e7a Rebelde<\/em> como Gretl que estreou em 2006. J\u00e1 em 2010 interpretou a protagonista da s\u00e9rie <em>Dalva e Herivelto: uma Can\u00e7\u00e3o de Amor<\/em>, na juventude, e Lequinha em <em>Na Fama e Na Lama<\/em>.<\/p>\n\n\n\n<p>Em 2011, atuou em seu primeiro filme, <em>Essa Maldita Vontade de Ser P\u00e1ssaro<\/em>, dirigido por Paula Fabiana e Adrian Steinway, e tamb\u00e9m no filme <em>O Palha\u00e7o<\/em>, com o papel de Guilhermina, dirigido e protagonizado por Selton Mello, que estava concorrendo na categoria de melhor filme estrangeiro no Oscar 2013.<\/p>\n","protected":false},"excerpt":{"rendered":"<p>Por Wikip\u00e9dia Larissa Manoela Taques Elias Santos nasceu em Guarapuava, no Paran\u00e1, em 28 de dezembro de 2000. \u00c9 atriz, cantora e influenciadora digital brasileira. Ficou conhecida por interpretar Maria Joaquina em Carrossel, as g\u00eameas Isabela e Manuela em C\u00famplices de um Resgate e Mirela em As Aventuras de Poliana, no SBT. Em 2022, fez [&hellip;]<\/p>\n","protected":false},"author":2,"featured_media":71182,"comment_status":"open","ping_status":"open","sticky":false,"template":"","format":"standard","meta":{"_acf_changed":false,"_monsterinsights_skip_tracking":false,"_monsterinsights_sitenote_active":false,"_monsterinsights_sitenote_note":"","_monsterinsights_sitenote_category":0,"_jetpack_memberships_contains_paid_content":false,"footnotes":"","jetpack_publicize_message":"","jetpack_publicize_feature_enabled":true,"jetpack_social_post_already_shared":true,"jetpack_social_options":{"image_generator_settings":{"template":"highway","default_image_id":0,"font":"","enabled":false},"version":2}},"categories":[12],"tags":[],"class_list":["post-71180","post","type-post","status-publish","format-standard","has-post-thumbnail","hentry","category-gente-que-faz-a-nossa-historia"],"acf":[],"jetpack_publicize_connections":[],"jetpack_featured_media_url":"https:\/\/i0.wp.com\/blogdoeloiltoncajuhy.com.br\/site\/wp-content\/uploads\/2022\/12\/larissa-manoela.webp?fit=512%2C385&ssl=1","jetpack_sharing_enabled":true,"publishpress_future_workflow_manual_trigger":{"enabledWorkflows":[]},"_links":{"self":[{"href":"https:\/\/blogdoeloiltoncajuhy.com.br\/site\/wp-json\/wp\/v2\/posts\/71180","targetHints":{"allow":["GET"]}}],"collection":[{"href":"https:\/\/blogdoeloiltoncajuhy.com.br\/site\/wp-json\/wp\/v2\/posts"}],"about":[{"href":"https:\/\/blogdoeloiltoncajuhy.com.br\/site\/wp-json\/wp\/v2\/types\/post"}],"author":[{"embeddable":true,"href":"https:\/\/blogdoeloiltoncajuhy.com.br\/site\/wp-json\/wp\/v2\/users\/2"}],"replies":[{"embeddable":true,"href":"https:\/\/blogdoeloiltoncajuhy.com.br\/site\/wp-json\/wp\/v2\/comments?post=71180"}],"version-history":[{"count":1,"href":"https:\/\/blogdoeloiltoncajuhy.com.br\/site\/wp-json\/wp\/v2\/posts\/71180\/revisions"}],"predecessor-version":[{"id":71183,"href":"https:\/\/blogdoeloiltoncajuhy.com.br\/site\/wp-json\/wp\/v2\/posts\/71180\/revisions\/71183"}],"wp:featuredmedia":[{"embeddable":true,"href":"https:\/\/blogdoeloiltoncajuhy.com.br\/site\/wp-json\/wp\/v2\/media\/71182"}],"wp:attachment":[{"href":"https:\/\/blogdoeloiltoncajuhy.com.br\/site\/wp-json\/wp\/v2\/media?parent=71180"}],"wp:term":[{"taxonomy":"category","embeddable":true,"href":"https:\/\/blogdoeloiltoncajuhy.com.br\/site\/wp-json\/wp\/v2\/categories?post=71180"},{"taxonomy":"post_tag","embeddable":true,"href":"https:\/\/blogdoeloiltoncajuhy.com.br\/site\/wp-json\/wp\/v2\/tags?post=71180"}],"curies":[{"name":"wp","href":"https:\/\/api.w.org\/{rel}","templated":true}]}}