{"id":71079,"date":"2022-12-22T20:55:42","date_gmt":"2022-12-22T23:55:42","guid":{"rendered":"http:\/\/blogdoeloiltoncajuhy.com.br\/site\/?p=71079"},"modified":"2022-12-22T21:20:28","modified_gmt":"2022-12-23T00:20:28","slug":"violencia-mecanico-e-morto-com-varios-tiros-na-rua-vila-nova-em-senhor-do-bonfim","status":"publish","type":"post","link":"https:\/\/blogdoeloiltoncajuhy.com.br\/site\/violencia-mecanico-e-morto-com-varios-tiros-na-rua-vila-nova-em-senhor-do-bonfim\/","title":{"rendered":"Viol\u00eancia: Mec\u00e2nico \u00e9 morto com v\u00e1rios tiros na Rua Vila Nova em Senhor do Bonfim"},"content":{"rendered":"\n<p><strong>Blog do Eloilton Cajuhy<\/strong><\/p>\n\n\n\n<figure class=\"wp-block-image aligncenter size-full is-resized\"><a href=\"https:\/\/i0.wp.com\/blogdoeloiltoncajuhy.com.br\/site\/wp-content\/uploads\/2022\/12\/Marcelo_Dez-2022.png\"><img data-recalc-dims=\"1\" fetchpriority=\"high\" decoding=\"async\" src=\"https:\/\/i0.wp.com\/blogdoeloiltoncajuhy.com.br\/site\/wp-content\/uploads\/2022\/12\/Marcelo_Dez-2022.png?resize=486%2C421\" alt=\"\" class=\"wp-image-71080\" width=\"486\" height=\"421\" srcset=\"https:\/\/i0.wp.com\/blogdoeloiltoncajuhy.com.br\/site\/wp-content\/uploads\/2022\/12\/Marcelo_Dez-2022.png?w=380&amp;ssl=1 380w, https:\/\/i0.wp.com\/blogdoeloiltoncajuhy.com.br\/site\/wp-content\/uploads\/2022\/12\/Marcelo_Dez-2022.png?resize=300%2C260&amp;ssl=1 300w\" sizes=\"(max-width: 486px) 100vw, 486px\" \/><\/a><figcaption class=\"wp-element-caption\"><sub>Foto: Redes sociais<\/sub><\/figcaption><\/figure>\n\n\n\n<p>Em menos de 15 horas ap\u00f3s um assassinato no Distrito de Igara, o munic\u00edpio de Senhor do Bonfim registra mais uma morte violenta. De acordo com informa\u00e7\u00f5es do <strong>Blog Nonato Not\u00edcias<\/strong>, um mec\u00e2nico foi morto com v\u00e1rios tiros no in\u00edcio da noite desta quinta-feira (22), na Rua Vila Nova, nesta cidade.<\/p>\n\n\n\n<p>A v\u00edtima foi identificada como <strong>Marcelo Ferreira da Silva<\/strong>, de 46 anos, que foi alvejado com v\u00e1rios tiros na cabe\u00e7a, morrendo no local. Informa\u00e7\u00f5es iniciais revelam que os bandidos ocupavam um ve\u00edculo Palio Weekend branco e, ao se aproximarem de Marcelo, atiraram v\u00e1rias vezes em sua dire\u00e7\u00e3o.<\/p>\n\n\n\n<p>Ainda de acordo com informa\u00e7\u00f5es, o alvo dos bandidos seria um sobrinho da v\u00edtima, que conseguiu fugir do local. Marcelo j\u00e1 foi propriet\u00e1rio de uma academia em Senhor do Bonfim e estava trabalhando atualmente em uma oficina mec\u00e2nica BR 407.<\/p>\n\n\n\n<p>A Policia Militar foi acionada e realiza buscas para prender os autores do crime.<\/p>\n","protected":false},"excerpt":{"rendered":"<p>Blog do Eloilton Cajuhy Em menos de 15 horas ap\u00f3s um assassinato no Distrito de Igara, o munic\u00edpio de Senhor do Bonfim registra mais uma morte violenta. De acordo com informa\u00e7\u00f5es do Blog Nonato Not\u00edcias, um mec\u00e2nico foi morto com v\u00e1rios tiros no in\u00edcio da noite desta quinta-feira (22), na Rua Vila Nova, nesta cidade. [&hellip;]<\/p>\n","protected":false},"author":2,"featured_media":71080,"comment_status":"open","ping_status":"open","sticky":false,"template":"","format":"standard","meta":{"_acf_changed":false,"_monsterinsights_skip_tracking":false,"_monsterinsights_sitenote_active":false,"_monsterinsights_sitenote_note":"","_monsterinsights_sitenote_category":0,"_jetpack_memberships_contains_paid_content":false,"footnotes":"","jetpack_publicize_message":"","jetpack_publicize_feature_enabled":true,"jetpack_social_post_already_shared":true,"jetpack_social_options":{"image_generator_settings":{"template":"highway","default_image_id":0,"font":"","enabled":false},"version":2}},"categories":[15],"tags":[],"class_list":["post-71079","post","type-post","status-publish","format-standard","has-post-thumbnail","hentry","category-policia"],"acf":[],"jetpack_publicize_connections":[],"jetpack_featured_media_url":"https:\/\/i0.wp.com\/blogdoeloiltoncajuhy.com.br\/site\/wp-content\/uploads\/2022\/12\/Marcelo_Dez-2022.png?fit=380%2C329&ssl=1","jetpack_sharing_enabled":true,"publishpress_future_workflow_manual_trigger":{"enabledWorkflows":[]},"_links":{"self":[{"href":"https:\/\/blogdoeloiltoncajuhy.com.br\/site\/wp-json\/wp\/v2\/posts\/71079","targetHints":{"allow":["GET"]}}],"collection":[{"href":"https:\/\/blogdoeloiltoncajuhy.com.br\/site\/wp-json\/wp\/v2\/posts"}],"about":[{"href":"https:\/\/blogdoeloiltoncajuhy.com.br\/site\/wp-json\/wp\/v2\/types\/post"}],"author":[{"embeddable":true,"href":"https:\/\/blogdoeloiltoncajuhy.com.br\/site\/wp-json\/wp\/v2\/users\/2"}],"replies":[{"embeddable":true,"href":"https:\/\/blogdoeloiltoncajuhy.com.br\/site\/wp-json\/wp\/v2\/comments?post=71079"}],"version-history":[{"count":4,"href":"https:\/\/blogdoeloiltoncajuhy.com.br\/site\/wp-json\/wp\/v2\/posts\/71079\/revisions"}],"predecessor-version":[{"id":71085,"href":"https:\/\/blogdoeloiltoncajuhy.com.br\/site\/wp-json\/wp\/v2\/posts\/71079\/revisions\/71085"}],"wp:featuredmedia":[{"embeddable":true,"href":"https:\/\/blogdoeloiltoncajuhy.com.br\/site\/wp-json\/wp\/v2\/media\/71080"}],"wp:attachment":[{"href":"https:\/\/blogdoeloiltoncajuhy.com.br\/site\/wp-json\/wp\/v2\/media?parent=71079"}],"wp:term":[{"taxonomy":"category","embeddable":true,"href":"https:\/\/blogdoeloiltoncajuhy.com.br\/site\/wp-json\/wp\/v2\/categories?post=71079"},{"taxonomy":"post_tag","embeddable":true,"href":"https:\/\/blogdoeloiltoncajuhy.com.br\/site\/wp-json\/wp\/v2\/tags?post=71079"}],"curies":[{"name":"wp","href":"https:\/\/api.w.org\/{rel}","templated":true}]}}