{"id":71069,"date":"2022-12-22T13:57:33","date_gmt":"2022-12-22T16:57:33","guid":{"rendered":"http:\/\/blogdoeloiltoncajuhy.com.br\/site\/?p=71069"},"modified":"2022-12-22T13:57:36","modified_gmt":"2022-12-22T16:57:36","slug":"lula-anuncia-mais-16-nomes-para-ministerios-de-seu-governo-confira","status":"publish","type":"post","link":"https:\/\/blogdoeloiltoncajuhy.com.br\/site\/lula-anuncia-mais-16-nomes-para-ministerios-de-seu-governo-confira\/","title":{"rendered":"Lula anuncia mais 16 nomes para minist\u00e9rios de seu governo; confira"},"content":{"rendered":"\n<p><strong>Por Nicole Angel, de Bras\u00edlia\/Bahia Not\u00edcias<\/strong><\/p>\n\n\n\n<figure class=\"wp-block-image aligncenter size-full is-resized\"><a href=\"https:\/\/i0.wp.com\/blogdoeloiltoncajuhy.com.br\/site\/wp-content\/uploads\/2022\/12\/Lula_Ministerios-22122022.webp\"><img data-recalc-dims=\"1\" fetchpriority=\"high\" decoding=\"async\" src=\"https:\/\/i0.wp.com\/blogdoeloiltoncajuhy.com.br\/site\/wp-content\/uploads\/2022\/12\/Lula_Ministerios-22122022.webp?resize=713%2C454\" alt=\"\" class=\"wp-image-71070\" width=\"713\" height=\"454\" srcset=\"https:\/\/i0.wp.com\/blogdoeloiltoncajuhy.com.br\/site\/wp-content\/uploads\/2022\/12\/Lula_Ministerios-22122022.webp?w=597&amp;ssl=1 597w, https:\/\/i0.wp.com\/blogdoeloiltoncajuhy.com.br\/site\/wp-content\/uploads\/2022\/12\/Lula_Ministerios-22122022.webp?resize=300%2C191&amp;ssl=1 300w\" sizes=\"(max-width: 713px) 100vw, 713px\" \/><\/a><figcaption class=\"wp-element-caption\"><sub>Foto: Nicole Angel \/ Bahia Not\u00edcias<\/sub><\/figcaption><\/figure>\n\n\n\n<p>O presidente eleito, Luiz In\u00e1cio Lula da Silva (PT), anunciou, nesta quinta-feira (22), mais 16 nomes que ir\u00e3o comandar os minist\u00e9rios de seu governo. Entre eles est\u00e3o Margareth Menezes, Anielle Franco, M\u00e1rcio Fran\u00e7a, dentre outros. A divulga\u00e7\u00e3o foi feita ap\u00f3s apresenta\u00e7\u00e3o final da equipe de transi\u00e7\u00e3o, no Centro Cultural Banco do Brasil (CCBB), em Bras\u00edlia.<\/p>\n\n\n\n<p class=\"has-black-color has-text-color has-medium-font-size\"><strong>Confira os nomes:<\/strong><\/p>\n\n\n\n<ul class=\"wp-block-list\">\n<li><strong>Rela\u00e7\u00f5es Institucionais:<\/strong> Alexandre Padilha \u2013 deputado federal e ex-ministro da Sa\u00fade de Dilma Rousseff<\/li>\n<\/ul>\n\n\n\n<ul class=\"wp-block-list\">\n<li><strong>Secretaria Geral da Rep\u00fablica:<\/strong> M\u00e1rcio Mac\u00eado \u2013 deputado federal, vice-presidente nacional do PT e tesoureiro da campanha de Lula<\/li>\n<\/ul>\n\n\n\n<ul class=\"wp-block-list\">\n<li><strong>Advocacia-Geral da Uni\u00e3o (AGU):<\/strong> Jorge Messias \u2013 procurador da Fazenda Nacional e ex-assessor de Dilma<\/li>\n<\/ul>\n\n\n\n<ul class=\"wp-block-list\">\n<li><strong>Sa\u00fade:<\/strong> N\u00edsia Trindade \u2013 presidente da Fiocruz<\/li>\n<\/ul>\n\n\n\n<ul class=\"wp-block-list\">\n<li><strong>Educa\u00e7\u00e3o:<\/strong> Camilo Santana &#8211; ex-governador do Cear\u00e1<\/li>\n<\/ul>\n\n\n\n<ul class=\"wp-block-list\">\n<li><strong>Gest\u00e3o e Inova\u00e7\u00e3o:<\/strong> Esther Dweck \u2013 economista e ex-secret\u00e1ria do Or\u00e7amento Federal de Dilma<\/li>\n<\/ul>\n\n\n\n<ul class=\"wp-block-list\">\n<li><strong>Portos e Aeroportos:<\/strong> M\u00e1rcio Fran\u00e7a \u2013 ex-governador de S\u00e3o Paulo<\/li>\n<\/ul>\n\n\n\n<ul class=\"wp-block-list\">\n<li><strong>Ci\u00eancia e Tecnologia:<\/strong> Luciana Santos \u2013 vice-governadora de Pernambuco<\/li>\n<\/ul>\n\n\n\n<ul class=\"wp-block-list\">\n<li><strong>Mulheres:<\/strong> Aparecida Gon\u00e7alves<\/li>\n<\/ul>\n\n\n\n<ul class=\"wp-block-list\">\n<li><strong>Desenvolvimento Social, Fam\u00edlia e Combate a Fome:<\/strong> Wellington Dias \u2013 senador e ex-governador do Piau\u00ed<\/li>\n<\/ul>\n\n\n\n<ul class=\"wp-block-list\">\n<li><strong>Cultura:<\/strong> Margareth Menezes &#8211; cantora baiana<\/li>\n<\/ul>\n\n\n\n<ul class=\"wp-block-list\">\n<li><strong>Trabalho e Emprego:<\/strong> Luiz Marinho \u2013 ex-ministro do Trabalho e deputado federal eleito<\/li>\n<\/ul>\n\n\n\n<ul class=\"wp-block-list\">\n<li><strong>Igualdade Racial:<\/strong> Anielle Franco \u2013 educadora e irm\u00e3 de Marielle Franco<\/li>\n<\/ul>\n\n\n\n<ul class=\"wp-block-list\">\n<li><strong>Direitos Humanos:<\/strong> Silvio Almeida \u2013 advogado, fil\u00f3sofo e professor universit\u00e1rio<\/li>\n<\/ul>\n\n\n\n<ul class=\"wp-block-list\">\n<li><strong>Ind\u00fastria e Com\u00e9rcio:<\/strong> Geraldo Alckmin \u2013 vice-presidente eleito e ex-governador de S\u00e3o Paulo<\/li>\n<\/ul>\n\n\n\n<ul class=\"wp-block-list\">\n<li><strong>Corregedoria-Geral da Uni\u00e3o (CGU):<\/strong> Vin\u00edcius Marques de Carvalho \u2013 advogado do Grupo Prerrogativas e ex-presidente do Conselho Administrativo de Defesa Econ\u00f4mica (Cade)<\/li>\n<\/ul>\n\n\n\n<p>Ao longo das \u00faltimas duas semanas Lula havia anunciado apenas seis nomes para compor a Esplanada de sua gest\u00e3o: Fernando Haddad, para comandar o <strong>minist\u00e9rio da Fazenda<\/strong>; Rui Costa, indicado como <strong>ministro-chefe da Casa Civil<\/strong>; Fl\u00e1vio Dino, para a pasta da <strong>Justi\u00e7a e Seguran\u00e7a P\u00fablica<\/strong>; Jos\u00e9 M\u00facio Vieira, no comando do <strong>Minist\u00e9rio da Defesa<\/strong>, e Mauro Menezes, para comandar a pasta de <strong>Rela\u00e7\u00f5es Exteriores<\/strong>.<\/p>\n\n\n\n<p>O nome da cantora baiana Margareth Menezes, para chefiar a Cultura, tamb\u00e9m j\u00e1 havia sido confirmado e o presidente eleito anunciou nesta quinta.<\/p>\n\n\n\n<p>Durante o an\u00fancio estavam ao lado de Lula, a futura primeira-dama, Janja da Silva, o vice-presidente, Geraldo Alckmin, a presidente nacional do PT, Gleisi Hoffmann, o ex-ministro e futuro presidente do BNDES, Aluizio Mercadante e o ex-deputado Floriano Pesaro.<\/p>\n","protected":false},"excerpt":{"rendered":"<p>Por Nicole Angel, de Bras\u00edlia\/Bahia Not\u00edcias O presidente eleito, Luiz In\u00e1cio Lula da Silva (PT), anunciou, nesta quinta-feira (22), mais 16 nomes que ir\u00e3o comandar os minist\u00e9rios de seu governo. Entre eles est\u00e3o Margareth Menezes, Anielle Franco, M\u00e1rcio Fran\u00e7a, dentre outros. A divulga\u00e7\u00e3o foi feita ap\u00f3s apresenta\u00e7\u00e3o final da equipe de transi\u00e7\u00e3o, no Centro Cultural [&hellip;]<\/p>\n","protected":false},"author":2,"featured_media":71070,"comment_status":"open","ping_status":"open","sticky":false,"template":"","format":"standard","meta":{"_acf_changed":false,"_monsterinsights_skip_tracking":false,"_monsterinsights_sitenote_active":false,"_monsterinsights_sitenote_note":"","_monsterinsights_sitenote_category":0,"_jetpack_memberships_contains_paid_content":false,"footnotes":"","jetpack_publicize_message":"","jetpack_publicize_feature_enabled":true,"jetpack_social_post_already_shared":true,"jetpack_social_options":{"image_generator_settings":{"template":"highway","default_image_id":0,"font":"","enabled":false},"version":2}},"categories":[3],"tags":[],"class_list":["post-71069","post","type-post","status-publish","format-standard","has-post-thumbnail","hentry","category-politica"],"acf":[],"jetpack_publicize_connections":[],"jetpack_featured_media_url":"https:\/\/i0.wp.com\/blogdoeloiltoncajuhy.com.br\/site\/wp-content\/uploads\/2022\/12\/Lula_Ministerios-22122022.webp?fit=597%2C380&ssl=1","jetpack_sharing_enabled":true,"publishpress_future_workflow_manual_trigger":{"enabledWorkflows":[]},"_links":{"self":[{"href":"https:\/\/blogdoeloiltoncajuhy.com.br\/site\/wp-json\/wp\/v2\/posts\/71069","targetHints":{"allow":["GET"]}}],"collection":[{"href":"https:\/\/blogdoeloiltoncajuhy.com.br\/site\/wp-json\/wp\/v2\/posts"}],"about":[{"href":"https:\/\/blogdoeloiltoncajuhy.com.br\/site\/wp-json\/wp\/v2\/types\/post"}],"author":[{"embeddable":true,"href":"https:\/\/blogdoeloiltoncajuhy.com.br\/site\/wp-json\/wp\/v2\/users\/2"}],"replies":[{"embeddable":true,"href":"https:\/\/blogdoeloiltoncajuhy.com.br\/site\/wp-json\/wp\/v2\/comments?post=71069"}],"version-history":[{"count":1,"href":"https:\/\/blogdoeloiltoncajuhy.com.br\/site\/wp-json\/wp\/v2\/posts\/71069\/revisions"}],"predecessor-version":[{"id":71071,"href":"https:\/\/blogdoeloiltoncajuhy.com.br\/site\/wp-json\/wp\/v2\/posts\/71069\/revisions\/71071"}],"wp:featuredmedia":[{"embeddable":true,"href":"https:\/\/blogdoeloiltoncajuhy.com.br\/site\/wp-json\/wp\/v2\/media\/71070"}],"wp:attachment":[{"href":"https:\/\/blogdoeloiltoncajuhy.com.br\/site\/wp-json\/wp\/v2\/media?parent=71069"}],"wp:term":[{"taxonomy":"category","embeddable":true,"href":"https:\/\/blogdoeloiltoncajuhy.com.br\/site\/wp-json\/wp\/v2\/categories?post=71069"},{"taxonomy":"post_tag","embeddable":true,"href":"https:\/\/blogdoeloiltoncajuhy.com.br\/site\/wp-json\/wp\/v2\/tags?post=71069"}],"curies":[{"name":"wp","href":"https:\/\/api.w.org\/{rel}","templated":true}]}}