{"id":71065,"date":"2022-12-22T13:11:40","date_gmt":"2022-12-22T16:11:40","guid":{"rendered":"http:\/\/blogdoeloiltoncajuhy.com.br\/site\/?p=71065"},"modified":"2022-12-22T13:15:55","modified_gmt":"2022-12-22T16:15:55","slug":"confira-os-cinco-secretarios-anunciados-por-jeronimo-nesta-quinta-feira","status":"publish","type":"post","link":"https:\/\/blogdoeloiltoncajuhy.com.br\/site\/confira-os-cinco-secretarios-anunciados-por-jeronimo-nesta-quinta-feira\/","title":{"rendered":"Confira os cinco secret\u00e1rios anunciados por Jer\u00f4nimo nesta quinta-feira"},"content":{"rendered":"\n<p class=\"has-text-align-center has-medium-font-size\"><em>Foram anunciados futuros gestores de cinco secretarias estaduais, da PGE e de duas importantes coordena\u00e7\u00f5es do Executivo baiano.<\/em><\/p>\n\n\n\n<p><strong>Por Bahia.ba<\/strong><\/p>\n\n\n\n<figure class=\"wp-block-image aligncenter size-large\"><a href=\"https:\/\/i0.wp.com\/blogdoeloiltoncajuhy.com.br\/site\/wp-content\/uploads\/2022\/12\/Jeronimo-15-144508.jpg\"><img data-recalc-dims=\"1\" fetchpriority=\"high\" decoding=\"async\" width=\"800\" height=\"746\" src=\"https:\/\/i0.wp.com\/blogdoeloiltoncajuhy.com.br\/site\/wp-content\/uploads\/2022\/12\/Jeronimo-15-144508.jpg?resize=800%2C746\" alt=\"\" class=\"wp-image-71066\" srcset=\"https:\/\/i0.wp.com\/blogdoeloiltoncajuhy.com.br\/site\/wp-content\/uploads\/2022\/12\/Jeronimo-15-144508.jpg?resize=1024%2C955&amp;ssl=1 1024w, https:\/\/i0.wp.com\/blogdoeloiltoncajuhy.com.br\/site\/wp-content\/uploads\/2022\/12\/Jeronimo-15-144508.jpg?resize=300%2C280&amp;ssl=1 300w, https:\/\/i0.wp.com\/blogdoeloiltoncajuhy.com.br\/site\/wp-content\/uploads\/2022\/12\/Jeronimo-15-144508.jpg?resize=768%2C716&amp;ssl=1 768w, https:\/\/i0.wp.com\/blogdoeloiltoncajuhy.com.br\/site\/wp-content\/uploads\/2022\/12\/Jeronimo-15-144508.jpg?w=1280&amp;ssl=1 1280w\" sizes=\"(max-width: 800px) 100vw, 800px\" \/><\/a><figcaption class=\"wp-element-caption\"><sub>Foto: Adriel Francisco<\/sub><\/figcaption><\/figure>\n\n\n\n<p>Mais oito nomes do novo Governo do Estado foram definidos pelo governador diplomado, Jer\u00f4nimo Rodrigues, e divulgados na manh\u00e3 desta quinta-feira (22). Os futuros gestores de cinco secretarias estaduais, da Procuradoria Geral do Estado (PGE) e de duas importantes coordena\u00e7\u00f5es do Executivo baiano, consideradas estrat\u00e9gicas para o futuro chefe do Executivo, foram apresentados \u00e0 imprensa no audit\u00f3rio da Desenbahia, onde funciona a sede do Governo de Transi\u00e7\u00e3o.<\/p>\n\n\n\n<p>Ao lado de Geraldo J\u00fanior, vice-governador diplomado, Jer\u00f4nimo anunciou que a procuradora B\u00e1rbara Camardelli Loi comandar\u00e1 a Procuradoria Geral do Estado a partir de 2023. Outras duas mulheres estar\u00e3o \u00e0 frente de importantes secretarias: \u00c2ngela Guimar\u00e3es ser\u00e1 a nova titular da Secretaria de Promo\u00e7\u00e3o da Igualdade Racial e dos Povos e Comunidades Tradicionais (Sepromi) e Larissa Gomes Moraes comandar\u00e1 a Secretaria de Infraestrutura H\u00eddrica e Saneamento (SIHS).<\/p>\n\n\n\n<p>Na lista de novos secret\u00e1rios tamb\u00e9m est\u00e3o Eduardo Sodr\u00e9 Martins, no Meio Ambiente (Sema); Osni Cardoso, no Desenvolvimento Rural (SDR); e Jos\u00e9 Ant\u00f4nio Maia Gon\u00e7alves, que continuar\u00e1 \u00e0 frente da Administra\u00e7\u00e3o Penitenci\u00e1ria e Ressocializa\u00e7\u00e3o (Seap).<\/p>\n\n\n\n<p>Jer\u00f4nimo apresentou, ainda, Nivaldo Millet como novo coordenador de Pol\u00edticas para a Juventude, estrutura que estar\u00e1 vinculada \u00e0 Secretaria de Rela\u00e7\u00f5es Institucionais (Serin); e Tiago Pereira da Costa, coordenador-geral do Programa Bahia sem Fome, setor criado na reforma administrativa e que estar\u00e1 ligado \u00e0 Casa Civil.<\/p>\n\n\n\n<p>O deputado estadual Rosemberg Pinto (PT), presente no evento, foi confirmado como l\u00edder do Governo na Assembleia Legislativa da Bahia (Alba).<\/p>\n\n\n\n<p class=\"has-black-color has-text-color has-medium-font-size\"><strong>An\u00fancios pendentes<\/strong><\/p>\n\n\n\n<p>Ap\u00f3s a reforma administrativa, que desmembrou a Secretaria De Justi\u00e7a, Direitos Humanos e Desenvolvimento Social (SJHDS) em duas novas pastas (SJDH e Seades), o Governo do Estado passa a ter 25 secretarias a partir do pr\u00f3ximo ano, uma a mais que a estrutura atual. J\u00e1 foram anunciados os titulares de 15 pastas, al\u00e9m da PGE e da Chefia de Gabinete do Governador.<\/p>\n\n\n\n<p>Nos pr\u00f3ximos dias, ser\u00e3o divulgados os titulares de outras dez secretarias pendentes: Seguran\u00e7a P\u00fablica (SSP); Comunica\u00e7\u00e3o (Secom); Administra\u00e7\u00e3o (Saeb); Desenvolvimento Econ\u00f4mico (SDE); Desenvolvimento Urbano (Sedur); Pol\u00edtica para as Mulheres (SPM); Ci\u00eancia, Tecnologia e Inova\u00e7\u00e3o (Secti); Cultura (Secult); Trabalho, Emprego, Renda e Esporte (Setre); e Planejamento (Seplan).<\/p>\n\n\n\n<p class=\"has-black-color has-text-color\"><strong>Cargos anunciados em 19\/12:<br>\u2013 Chefia de Gabinete do Governador:<\/strong> Adolpho Loyola<br><strong>\u2013 Casa Civil:<\/strong> Afonso Florence<br><strong>\u2013 Secretaria de Rela\u00e7\u00f5es Institucionais (Serin):<\/strong> Luiz Caetano<br><strong>\u2013 Sa\u00fade (Sesab):<\/strong> Roberta Santana<br><strong>\u2013 Educa\u00e7\u00e3o (SEC):<\/strong> Ad\u00e9lia Pinheiro<br><strong>\u2013 Justi\u00e7a e Diretos Humanos (SJDH):<\/strong> Felipe Freitas<br><strong>\u2013 Assist\u00eancia e Desenvolvimento Social (Seades):<\/strong> Fabya Reis<br><strong>\u2013 Infraestrutura (Seinfra):<\/strong> S\u00e9rgio Brito<br><strong>\u2013 Fazenda (Sefaz):<\/strong> Manoel Vit\u00f3rio<br><strong>\u2013 Agricultura (Seagri):<\/strong> Tum<br><strong>\u2013 Turismo (Setur):<\/strong> Maur\u00edcio Bacelar<\/p>\n\n\n\n<p class=\"has-black-color has-text-color\"><strong>Cargos anunciados em 22\/12:<br>\u2013 Promo\u00e7\u00e3o da Igualdade Racial e dos Povos e Comunidades Tradicionais (Sepromi):<\/strong> \u00c2ngela Guimar\u00e3es<br><strong>\u2013 Meio Ambiente (Sema):<\/strong> Eduardo Sodr\u00e9 Martins<br><strong>\u2013 Desenvolvimento Rural (SDR):<\/strong> Osni Cardoso<br><strong>\u2013 Infraestrutura H\u00eddrica e Saneamento (SIHS):<\/strong> Larissa Gomes Moraes<br><strong>\u2013 Administra\u00e7\u00e3o Penitenci\u00e1ria e Ressocializa\u00e7\u00e3o (Seap):<\/strong> Jos\u00e9 Ant\u00f4nio Maia Gon\u00e7alves<br><strong>\u2013 Procuradoria Geral do Estado (PGE):<\/strong> B\u00e1rbara Camardelli Loi<br><strong>\u2013 Coordena\u00e7\u00e3o de Pol\u00edticas para a Juventude, da Serin:<\/strong> Nivaldo Millet<br><strong>\u2013 Coordena\u00e7\u00e3o Geral do Programa Bahia Sem Fome:<\/strong> Tiago Pereira da Costa<br><strong>\u2013 Lideran\u00e7a do Governo na Alba:<\/strong> deputado estadual Rosemberg Pinto<\/p>\n\n\n\n<p class=\"has-black-color has-text-color\"><strong>Pr\u00f3ximos an\u00fancios:<\/strong><br>\u2013 Seguran\u00e7a P\u00fablica (SSP)<br>\u2013 Comunica\u00e7\u00e3o Secom (Secom)<br>\u2013 Secretaria da Administra\u00e7\u00e3o (Saeb)<br>\u2013 Desenvolvimento Econ\u00f4mico (SDE)<br>\u2013 Desenvolvimento Urbano (Sedur)<br>\u2013 Pol\u00edtica para as Mulheres (SPM)<br>\u2013 Ci\u00eancia, Tecnologia e Inova\u00e7\u00e3o (Secti)<br>\u2013 Cultura (Secult)<br>\u2013 Trabalho, Emprego, Renda e Esporte (Setre)<br>\u2013 Planejamento (Seplan)<\/p>\n","protected":false},"excerpt":{"rendered":"<p>Foram anunciados futuros gestores de cinco secretarias estaduais, da PGE e de duas importantes coordena\u00e7\u00f5es do Executivo baiano. Por Bahia.ba Mais oito nomes do novo Governo do Estado foram definidos pelo governador diplomado, Jer\u00f4nimo Rodrigues, e divulgados na manh\u00e3 desta quinta-feira (22). Os futuros gestores de cinco secretarias estaduais, da Procuradoria Geral do Estado (PGE) [&hellip;]<\/p>\n","protected":false},"author":2,"featured_media":71066,"comment_status":"open","ping_status":"open","sticky":false,"template":"","format":"standard","meta":{"_acf_changed":false,"_monsterinsights_skip_tracking":false,"_monsterinsights_sitenote_active":false,"_monsterinsights_sitenote_note":"","_monsterinsights_sitenote_category":0,"_jetpack_memberships_contains_paid_content":false,"footnotes":"","jetpack_publicize_message":"","jetpack_publicize_feature_enabled":true,"jetpack_social_post_already_shared":true,"jetpack_social_options":{"image_generator_settings":{"template":"highway","default_image_id":0,"font":"","enabled":false},"version":2}},"categories":[3],"tags":[],"class_list":["post-71065","post","type-post","status-publish","format-standard","has-post-thumbnail","hentry","category-politica"],"acf":[],"jetpack_publicize_connections":[],"jetpack_featured_media_url":"https:\/\/i0.wp.com\/blogdoeloiltoncajuhy.com.br\/site\/wp-content\/uploads\/2022\/12\/Jeronimo-15-144508.jpg?fit=1280%2C1194&ssl=1","jetpack_sharing_enabled":true,"publishpress_future_workflow_manual_trigger":{"enabledWorkflows":[]},"_links":{"self":[{"href":"https:\/\/blogdoeloiltoncajuhy.com.br\/site\/wp-json\/wp\/v2\/posts\/71065","targetHints":{"allow":["GET"]}}],"collection":[{"href":"https:\/\/blogdoeloiltoncajuhy.com.br\/site\/wp-json\/wp\/v2\/posts"}],"about":[{"href":"https:\/\/blogdoeloiltoncajuhy.com.br\/site\/wp-json\/wp\/v2\/types\/post"}],"author":[{"embeddable":true,"href":"https:\/\/blogdoeloiltoncajuhy.com.br\/site\/wp-json\/wp\/v2\/users\/2"}],"replies":[{"embeddable":true,"href":"https:\/\/blogdoeloiltoncajuhy.com.br\/site\/wp-json\/wp\/v2\/comments?post=71065"}],"version-history":[{"count":2,"href":"https:\/\/blogdoeloiltoncajuhy.com.br\/site\/wp-json\/wp\/v2\/posts\/71065\/revisions"}],"predecessor-version":[{"id":71068,"href":"https:\/\/blogdoeloiltoncajuhy.com.br\/site\/wp-json\/wp\/v2\/posts\/71065\/revisions\/71068"}],"wp:featuredmedia":[{"embeddable":true,"href":"https:\/\/blogdoeloiltoncajuhy.com.br\/site\/wp-json\/wp\/v2\/media\/71066"}],"wp:attachment":[{"href":"https:\/\/blogdoeloiltoncajuhy.com.br\/site\/wp-json\/wp\/v2\/media?parent=71065"}],"wp:term":[{"taxonomy":"category","embeddable":true,"href":"https:\/\/blogdoeloiltoncajuhy.com.br\/site\/wp-json\/wp\/v2\/categories?post=71065"},{"taxonomy":"post_tag","embeddable":true,"href":"https:\/\/blogdoeloiltoncajuhy.com.br\/site\/wp-json\/wp\/v2\/tags?post=71065"}],"curies":[{"name":"wp","href":"https:\/\/api.w.org\/{rel}","templated":true}]}}