{"id":71054,"date":"2022-12-22T04:00:00","date_gmt":"2022-12-22T07:00:00","guid":{"rendered":"http:\/\/blogdoeloiltoncajuhy.com.br\/site\/?p=71054"},"modified":"2022-12-21T21:14:18","modified_gmt":"2022-12-22T00:14:18","slug":"jeronimo-rodrigues-anuncia-mais-nomes-do-secretariado","status":"publish","type":"post","link":"https:\/\/blogdoeloiltoncajuhy.com.br\/site\/jeronimo-rodrigues-anuncia-mais-nomes-do-secretariado\/","title":{"rendered":"Jer\u00f4nimo Rodrigues anuncia mais nomes do secretariado"},"content":{"rendered":"\n<figure class=\"wp-block-image aligncenter size-large is-resized\"><a href=\"https:\/\/i0.wp.com\/blogdoeloiltoncajuhy.com.br\/site\/wp-content\/uploads\/2022\/03\/Jeronimo-Rodrigues-19032022.jpeg\"><img data-recalc-dims=\"1\" fetchpriority=\"high\" decoding=\"async\" src=\"https:\/\/i0.wp.com\/blogdoeloiltoncajuhy.com.br\/site\/wp-content\/uploads\/2022\/03\/Jeronimo-Rodrigues-19032022.jpeg?resize=512%2C341\" alt=\"\" class=\"wp-image-63649\" width=\"512\" height=\"341\" srcset=\"https:\/\/i0.wp.com\/blogdoeloiltoncajuhy.com.br\/site\/wp-content\/uploads\/2022\/03\/Jeronimo-Rodrigues-19032022.jpeg?resize=1024%2C682&amp;ssl=1 1024w, https:\/\/i0.wp.com\/blogdoeloiltoncajuhy.com.br\/site\/wp-content\/uploads\/2022\/03\/Jeronimo-Rodrigues-19032022.jpeg?resize=300%2C200&amp;ssl=1 300w, https:\/\/i0.wp.com\/blogdoeloiltoncajuhy.com.br\/site\/wp-content\/uploads\/2022\/03\/Jeronimo-Rodrigues-19032022.jpeg?resize=768%2C512&amp;ssl=1 768w, https:\/\/i0.wp.com\/blogdoeloiltoncajuhy.com.br\/site\/wp-content\/uploads\/2022\/03\/Jeronimo-Rodrigues-19032022.jpeg?w=1280&amp;ssl=1 1280w\" sizes=\"(max-width: 512px) 100vw, 512px\" \/><\/a><\/figure>\n\n\n\n<p>\u00c0s 9h desta quinta-feira (22), o governador eleito e diplomado da Bahia, Jer\u00f4nimo Rodrigues, anuncia o nome de novos secret\u00e1rios e secret\u00e1rias do Governo do Estado. A apresenta\u00e7\u00e3o ser\u00e1 novamente no edif\u00edcio da Desenbahia, na avenida Paralela, em Salvador, onde est\u00e1 funcionando a sede do Governo de Transi\u00e7\u00e3o.<\/p>\n\n\n\n<p>Mais uma vez, o an\u00fancio ser\u00e1 transmitido ao vivo no perfil oficial de Jer\u00f4nimo Rodrigues no Instagram <a href=\"https:\/\/instagram.com\/jeronimorodriguesba\" target=\"_blank\" rel=\"noreferrer noopener\">(https:\/\/instagram.com\/jeronimorodriguesba)<\/a><\/p>\n","protected":false},"excerpt":{"rendered":"<p>\u00c0s 9h desta quinta-feira (22), o governador eleito e diplomado da Bahia, Jer\u00f4nimo Rodrigues, anuncia o nome de novos secret\u00e1rios e secret\u00e1rias do Governo do Estado. A apresenta\u00e7\u00e3o ser\u00e1 novamente no edif\u00edcio da Desenbahia, na avenida Paralela, em Salvador, onde est\u00e1 funcionando a sede do Governo de Transi\u00e7\u00e3o. Mais uma vez, o an\u00fancio ser\u00e1 transmitido [&hellip;]<\/p>\n","protected":false},"author":2,"featured_media":67214,"comment_status":"open","ping_status":"open","sticky":false,"template":"","format":"standard","meta":{"_acf_changed":false,"_monsterinsights_skip_tracking":false,"_monsterinsights_sitenote_active":false,"_monsterinsights_sitenote_note":"","_monsterinsights_sitenote_category":0,"_jetpack_memberships_contains_paid_content":false,"footnotes":"","jetpack_publicize_message":"","jetpack_publicize_feature_enabled":true,"jetpack_social_post_already_shared":true,"jetpack_social_options":{"image_generator_settings":{"template":"highway","default_image_id":0,"font":"","enabled":false},"version":2}},"categories":[3],"tags":[],"class_list":["post-71054","post","type-post","status-publish","format-standard","has-post-thumbnail","hentry","category-politica"],"acf":[],"jetpack_publicize_connections":[],"jetpack_featured_media_url":"https:\/\/i0.wp.com\/blogdoeloiltoncajuhy.com.br\/site\/wp-content\/uploads\/2022\/08\/jeronimo-05082022.jpg?fit=600%2C420&ssl=1","jetpack_sharing_enabled":true,"publishpress_future_workflow_manual_trigger":{"enabledWorkflows":[]},"_links":{"self":[{"href":"https:\/\/blogdoeloiltoncajuhy.com.br\/site\/wp-json\/wp\/v2\/posts\/71054","targetHints":{"allow":["GET"]}}],"collection":[{"href":"https:\/\/blogdoeloiltoncajuhy.com.br\/site\/wp-json\/wp\/v2\/posts"}],"about":[{"href":"https:\/\/blogdoeloiltoncajuhy.com.br\/site\/wp-json\/wp\/v2\/types\/post"}],"author":[{"embeddable":true,"href":"https:\/\/blogdoeloiltoncajuhy.com.br\/site\/wp-json\/wp\/v2\/users\/2"}],"replies":[{"embeddable":true,"href":"https:\/\/blogdoeloiltoncajuhy.com.br\/site\/wp-json\/wp\/v2\/comments?post=71054"}],"version-history":[{"count":1,"href":"https:\/\/blogdoeloiltoncajuhy.com.br\/site\/wp-json\/wp\/v2\/posts\/71054\/revisions"}],"predecessor-version":[{"id":71055,"href":"https:\/\/blogdoeloiltoncajuhy.com.br\/site\/wp-json\/wp\/v2\/posts\/71054\/revisions\/71055"}],"wp:featuredmedia":[{"embeddable":true,"href":"https:\/\/blogdoeloiltoncajuhy.com.br\/site\/wp-json\/wp\/v2\/media\/67214"}],"wp:attachment":[{"href":"https:\/\/blogdoeloiltoncajuhy.com.br\/site\/wp-json\/wp\/v2\/media?parent=71054"}],"wp:term":[{"taxonomy":"category","embeddable":true,"href":"https:\/\/blogdoeloiltoncajuhy.com.br\/site\/wp-json\/wp\/v2\/categories?post=71054"},{"taxonomy":"post_tag","embeddable":true,"href":"https:\/\/blogdoeloiltoncajuhy.com.br\/site\/wp-json\/wp\/v2\/tags?post=71054"}],"curies":[{"name":"wp","href":"https:\/\/api.w.org\/{rel}","templated":true}]}}