{"id":71048,"date":"2022-12-22T02:00:00","date_gmt":"2022-12-22T05:00:00","guid":{"rendered":"http:\/\/blogdoeloiltoncajuhy.com.br\/site\/?p=71048"},"modified":"2022-12-21T20:50:53","modified_gmt":"2022-12-21T23:50:53","slug":"festas-de-fim-de-ano-periodo-e-o-que-mais-pode-causar-o-sentimento-de-solidao-no-idoso","status":"publish","type":"post","link":"https:\/\/blogdoeloiltoncajuhy.com.br\/site\/festas-de-fim-de-ano-periodo-e-o-que-mais-pode-causar-o-sentimento-de-solidao-no-idoso\/","title":{"rendered":"Festas de Fim de Ano: per\u00edodo \u00e9 o que mais pode causar o sentimento de solid\u00e3o no idoso"},"content":{"rendered":"\n<p class=\"has-text-align-center has-medium-font-size\"><em>Segundo levantamento da Sociedade Brasileira de Geriatria e Gerontologia, a solid\u00e3o \u00e9 o principal receio dos brasileiros na terceira idade. Especialista em longevidade ativa e qualidade de vida, diz que nesse per\u00edodo \u00e9 preciso incluir o idoso para que ele se sinta pertencente.<\/em><\/p>\n\n\n\n<figure class=\"wp-block-image aligncenter size-full is-resized\"><a href=\"https:\/\/i0.wp.com\/blogdoeloiltoncajuhy.com.br\/site\/wp-content\/uploads\/2022\/12\/Idosa-triste.webp\"><img data-recalc-dims=\"1\" fetchpriority=\"high\" decoding=\"async\" src=\"https:\/\/i0.wp.com\/blogdoeloiltoncajuhy.com.br\/site\/wp-content\/uploads\/2022\/12\/Idosa-triste.webp?resize=701%2C467\" alt=\"\" class=\"wp-image-71050\" width=\"701\" height=\"467\" srcset=\"https:\/\/i0.wp.com\/blogdoeloiltoncajuhy.com.br\/site\/wp-content\/uploads\/2022\/12\/Idosa-triste.webp?w=600&amp;ssl=1 600w, https:\/\/i0.wp.com\/blogdoeloiltoncajuhy.com.br\/site\/wp-content\/uploads\/2022\/12\/Idosa-triste.webp?resize=300%2C200&amp;ssl=1 300w\" sizes=\"(max-width: 701px) 100vw, 701px\" \/><\/a><\/figure>\n\n\n\n<p>Muitas fam\u00edlias mant\u00eam a tradi\u00e7\u00e3o de comemorar as festas de fim de ano, sendo assim, um per\u00edodo de correria, pois precisam organizar as ceias de Natal e Ano Novo, realizar compras de presentes, participar de diversos eventos e, muitas vezes, planejar viagens de f\u00e9rias. Ou seja, essa situa\u00e7\u00e3o ainda pode causar muito estresse para pessoas que fazem parte da gera\u00e7\u00e3o sandu\u00edche, que precisam se dividir entre os cuidados com a carreira profissional, filhos e pais idosos. Isso acontece porque muitas decis\u00f5es precisam ser tomadas para que os eventos corram bem.<\/p>\n\n\n\n<p>Em contrapartida, essa \u00e9poca costuma trazer momentos de reflex\u00e3o e, muitas vezes, de solid\u00e3o para os mais velhos, visto que, alguns idosos acabam se sentindo &#8220;de fora\u201d dos planejamentos e, outros, que necessitam de algum cuidado especial, podem chegar a pensar que s\u00e3o um fardo para os filhos e parentes, gerando, assim, uma sensa\u00e7\u00e3o de culpa e ansiedade.<\/p>\n\n\n\n<p>De acordo com levantamento realizado em 2019 pelo Instituto Brasileiro de Geografia e Estat\u00edstica (IBGE), o medo da solid\u00e3o \u00e9 um dos principais gatilhos para ansiedade dos idosos. A maior preval\u00eancia de condi\u00e7\u00f5es como a depress\u00e3o est\u00e1 nas mulheres \u2013 14,7% contra 5,1% dos homens e na faixa et\u00e1ria de 60 a 64 anos, que representa um percentual de 13,2%. Al\u00e9m disso, a Sociedade Brasileira de Geriatria e Gerontologia apontou que a solid\u00e3o \u00e9 o principal receio dos brasileiros na terceira idade, ultrapassando, inclusive, o medo da morte.<\/p>\n\n\n\n<figure class=\"wp-block-image aligncenter size-full is-resized\"><a href=\"https:\/\/i0.wp.com\/blogdoeloiltoncajuhy.com.br\/site\/wp-content\/uploads\/2022\/12\/Idosos-em-familia.jpg\"><img data-recalc-dims=\"1\" decoding=\"async\" src=\"https:\/\/i0.wp.com\/blogdoeloiltoncajuhy.com.br\/site\/wp-content\/uploads\/2022\/12\/Idosos-em-familia.jpg?resize=641%2C482\" alt=\"\" class=\"wp-image-71051\" width=\"641\" height=\"482\" srcset=\"https:\/\/i0.wp.com\/blogdoeloiltoncajuhy.com.br\/site\/wp-content\/uploads\/2022\/12\/Idosos-em-familia.jpg?w=854&amp;ssl=1 854w, https:\/\/i0.wp.com\/blogdoeloiltoncajuhy.com.br\/site\/wp-content\/uploads\/2022\/12\/Idosos-em-familia.jpg?resize=300%2C226&amp;ssl=1 300w, https:\/\/i0.wp.com\/blogdoeloiltoncajuhy.com.br\/site\/wp-content\/uploads\/2022\/12\/Idosos-em-familia.jpg?resize=768%2C577&amp;ssl=1 768w\" sizes=\"(max-width: 641px) 100vw, 641px\" \/><\/a><\/figure>\n\n\n\n<p>M\u00e1rcia Sena, especialista em longevidade ativa e qualidade de vida e fundadora e CEO da Senior Concierge, empresa que pratica um modelo de aten\u00e7\u00e3o integrada para dar suporte a pessoas com mais de 60 anos, diz que nessa \u00e9poca do ano muitos idosos acabam tendo sintomas depressivos e o sentimento de solid\u00e3o e, ainda afirma que n\u00e3o faz bem para a qualidade de vida do idoso. \u201c\u00c9 comum nesta \u00e9poca do ano os idosos ficarem melanc\u00f3licos por se lembrarem das pessoas que j\u00e1 partiram e sentirem ainda mais falta dos familiares que moram longe\u201d, alega a especialista.<\/p>\n\n\n\n<p>M\u00e1rcia tamb\u00e9m refor\u00e7a que os familiares, amigos e a rede de suporte social t\u00eam um papel essencial no combate \u00e0 solid\u00e3o, j\u00e1 que essas presen\u00e7as queridas fazem com que o idoso sinta um maior pertencimento ao seu meio. Nesses casos, a frequ\u00eancia da solid\u00e3o \u00e9 consideravelmente menor, portanto os filhos devem ficar cientes e redobrar a dose de cuidado e amor com os entes queridos da terceira idade, principalmente nesse per\u00edodo do ano.<\/p>\n\n\n\n<p>Outra quest\u00e3o, a especialista orienta que caso os familiares n\u00e3o consigam conciliar a organiza\u00e7\u00e3o da programa\u00e7\u00e3o do fim de ano com os cuidados com os idosos, n\u00e3o \u00e9 errado optar por um aux\u00edlio de um profissional.<\/p>\n\n\n\n<p>\u201cCom o suporte dos familiares e da ajuda de um profissional, dependendo do caso, \u00e9 poss\u00edvel promover um ambiente em que o idoso sinta-se parte de tudo durante esse per\u00edodo festivo, fazendo com que as suas festas de fim de ano sejam um momento agrad\u00e1vel e que gere mem\u00f3rias felizes para todos que estar\u00e3o presentes\u201d, finaliza M\u00e1rcia Sena.<\/p>\n\n\n\n<figure class=\"wp-block-image aligncenter size-full is-resized\"><a href=\"https:\/\/i0.wp.com\/blogdoeloiltoncajuhy.com.br\/site\/wp-content\/uploads\/2022\/12\/Marcia-Sena.jpg\"><img data-recalc-dims=\"1\" decoding=\"async\" src=\"https:\/\/i0.wp.com\/blogdoeloiltoncajuhy.com.br\/site\/wp-content\/uploads\/2022\/12\/Marcia-Sena.jpg?resize=225%2C338\" alt=\"\" class=\"wp-image-71049\" width=\"225\" height=\"338\" srcset=\"https:\/\/i0.wp.com\/blogdoeloiltoncajuhy.com.br\/site\/wp-content\/uploads\/2022\/12\/Marcia-Sena.jpg?w=300&amp;ssl=1 300w, https:\/\/i0.wp.com\/blogdoeloiltoncajuhy.com.br\/site\/wp-content\/uploads\/2022\/12\/Marcia-Sena.jpg?resize=200%2C300&amp;ssl=1 200w\" sizes=\"(max-width: 225px) 100vw, 225px\" \/><\/a><\/figure>\n\n\n\n<p><em><strong>M\u00e1rcia Sena<\/strong> &#8211; \u00c9 fundadora e CEO da Senior Concierge e especialista em qualidade de vida na terceira idade e longevidade ativa. Farmac\u00eautica pela USP, bioqu\u00edmica, possui MBA em Administra\u00e7\u00e3o na Marquette University (EUA) e experi\u00eancia em v\u00e1rias \u00e1reas da ind\u00fastria farmac\u00eautica.<\/em><\/p>\n","protected":false},"excerpt":{"rendered":"<p>Segundo levantamento da Sociedade Brasileira de Geriatria e Gerontologia, a solid\u00e3o \u00e9 o principal receio dos brasileiros na terceira idade. Especialista em longevidade ativa e qualidade de vida, diz que nesse per\u00edodo \u00e9 preciso incluir o idoso para que ele se sinta pertencente. Muitas fam\u00edlias mant\u00eam a tradi\u00e7\u00e3o de comemorar as festas de fim de [&hellip;]<\/p>\n","protected":false},"author":2,"featured_media":71050,"comment_status":"open","ping_status":"open","sticky":false,"template":"","format":"standard","meta":{"_acf_changed":false,"_monsterinsights_skip_tracking":false,"_monsterinsights_sitenote_active":false,"_monsterinsights_sitenote_note":"","_monsterinsights_sitenote_category":0,"_jetpack_memberships_contains_paid_content":false,"footnotes":"","jetpack_publicize_message":"","jetpack_publicize_feature_enabled":true,"jetpack_social_post_already_shared":true,"jetpack_social_options":{"image_generator_settings":{"template":"highway","default_image_id":0,"font":"","enabled":false},"version":2}},"categories":[2],"tags":[],"class_list":["post-71048","post","type-post","status-publish","format-standard","has-post-thumbnail","hentry","category-opiniao"],"acf":[],"jetpack_publicize_connections":[],"jetpack_featured_media_url":"https:\/\/i0.wp.com\/blogdoeloiltoncajuhy.com.br\/site\/wp-content\/uploads\/2022\/12\/Idosa-triste.webp?fit=600%2C400&ssl=1","jetpack_sharing_enabled":true,"publishpress_future_workflow_manual_trigger":{"enabledWorkflows":[]},"_links":{"self":[{"href":"https:\/\/blogdoeloiltoncajuhy.com.br\/site\/wp-json\/wp\/v2\/posts\/71048","targetHints":{"allow":["GET"]}}],"collection":[{"href":"https:\/\/blogdoeloiltoncajuhy.com.br\/site\/wp-json\/wp\/v2\/posts"}],"about":[{"href":"https:\/\/blogdoeloiltoncajuhy.com.br\/site\/wp-json\/wp\/v2\/types\/post"}],"author":[{"embeddable":true,"href":"https:\/\/blogdoeloiltoncajuhy.com.br\/site\/wp-json\/wp\/v2\/users\/2"}],"replies":[{"embeddable":true,"href":"https:\/\/blogdoeloiltoncajuhy.com.br\/site\/wp-json\/wp\/v2\/comments?post=71048"}],"version-history":[{"count":1,"href":"https:\/\/blogdoeloiltoncajuhy.com.br\/site\/wp-json\/wp\/v2\/posts\/71048\/revisions"}],"predecessor-version":[{"id":71052,"href":"https:\/\/blogdoeloiltoncajuhy.com.br\/site\/wp-json\/wp\/v2\/posts\/71048\/revisions\/71052"}],"wp:featuredmedia":[{"embeddable":true,"href":"https:\/\/blogdoeloiltoncajuhy.com.br\/site\/wp-json\/wp\/v2\/media\/71050"}],"wp:attachment":[{"href":"https:\/\/blogdoeloiltoncajuhy.com.br\/site\/wp-json\/wp\/v2\/media?parent=71048"}],"wp:term":[{"taxonomy":"category","embeddable":true,"href":"https:\/\/blogdoeloiltoncajuhy.com.br\/site\/wp-json\/wp\/v2\/categories?post=71048"},{"taxonomy":"post_tag","embeddable":true,"href":"https:\/\/blogdoeloiltoncajuhy.com.br\/site\/wp-json\/wp\/v2\/tags?post=71048"}],"curies":[{"name":"wp","href":"https:\/\/api.w.org\/{rel}","templated":true}]}}