{"id":71036,"date":"2022-12-22T00:02:00","date_gmt":"2022-12-22T03:02:00","guid":{"rendered":"http:\/\/blogdoeloiltoncajuhy.com.br\/site\/?p=71036"},"modified":"2022-12-21T20:14:24","modified_gmt":"2022-12-21T23:14:24","slug":"interprete-de-varios-personagens-de-sucesso-ator-tato-gabus-mendes-chega-aos-70-anos","status":"publish","type":"post","link":"https:\/\/blogdoeloiltoncajuhy.com.br\/site\/interprete-de-varios-personagens-de-sucesso-ator-tato-gabus-mendes-chega-aos-70-anos\/","title":{"rendered":"Int\u00e9rprete de v\u00e1rios personagens de sucesso, ator Tato Gabus Mendes chega aos 70 anos"},"content":{"rendered":"\n<p><strong>Por Wikip\u00e9dia<\/strong><\/p>\n\n\n\n<figure class=\"wp-block-image aligncenter size-large is-resized\"><a href=\"https:\/\/i0.wp.com\/blogdoeloiltoncajuhy.com.br\/site\/wp-content\/uploads\/2022\/12\/Tato-Gabus-Mendes-01.webp\"><img data-recalc-dims=\"1\" fetchpriority=\"high\" decoding=\"async\" src=\"https:\/\/i0.wp.com\/blogdoeloiltoncajuhy.com.br\/site\/wp-content\/uploads\/2022\/12\/Tato-Gabus-Mendes-01.webp?resize=512%2C512\" alt=\"\" class=\"wp-image-71037\" width=\"512\" height=\"512\" srcset=\"https:\/\/i0.wp.com\/blogdoeloiltoncajuhy.com.br\/site\/wp-content\/uploads\/2022\/12\/Tato-Gabus-Mendes-01.webp?resize=1024%2C1024&amp;ssl=1 1024w, https:\/\/i0.wp.com\/blogdoeloiltoncajuhy.com.br\/site\/wp-content\/uploads\/2022\/12\/Tato-Gabus-Mendes-01.webp?resize=300%2C300&amp;ssl=1 300w, https:\/\/i0.wp.com\/blogdoeloiltoncajuhy.com.br\/site\/wp-content\/uploads\/2022\/12\/Tato-Gabus-Mendes-01.webp?resize=150%2C150&amp;ssl=1 150w, https:\/\/i0.wp.com\/blogdoeloiltoncajuhy.com.br\/site\/wp-content\/uploads\/2022\/12\/Tato-Gabus-Mendes-01.webp?resize=768%2C768&amp;ssl=1 768w, https:\/\/i0.wp.com\/blogdoeloiltoncajuhy.com.br\/site\/wp-content\/uploads\/2022\/12\/Tato-Gabus-Mendes-01.webp?w=1280&amp;ssl=1 1280w\" sizes=\"(max-width: 512px) 100vw, 512px\" \/><\/a><\/figure>\n\n\n\n<p><strong>Lu\u00eds Ot\u00e1vio &#8220;Tato&#8221; Gabus Mendes<\/strong> nasceu em S\u00e3o Paulo, em 22 de dezembro de 1952. O ator faz parte de uma fam\u00edlia de grandes artistas. Ele \u00e9 filho do falecido autor de telenovelas Cassiano Gabus Mendes e da ex-atriz Elenita S\u00e1nchez Blanco. Seu irm\u00e3o mais novo, C\u00e1ssio Gabus Mendes, tamb\u00e9m \u00e9 ator. Seu av\u00f4 paterno, Ot\u00e1vio Gabus Mendes, era cr\u00edtico, radialista, ator, roteirista e diretor de cinema.<\/p>\n\n\n\n<p>Sua estreia na televis\u00e3o foi na novela <em>Ti Ti Ti<a href=\"1985\">2<\/a><\/em>, autoria de seu pai, interpretando Alex. Depois fez a vers\u00e3o original de <em>Sinh\u00e1 Mo\u00e7a<\/em> (1986), como Jos\u00e9. Mais tarde trabalharia nas novelas de seu pai, como <em>Brega &amp; Chique<\/em> (1987), como Maur\u00edcio e <em>Que Rei Sou Eu?<\/em> (1989), como Pichot\/Lucien, sendo este seu primeiro papel de maior impacto e repercuss\u00e3o, fazendo par com Cl\u00e1udia Abreu (Juliette).<\/p>\n\n\n\n<p>Em seguida, emplacou outros trabalhos, como <em>Perigosas Peruas<\/em> (1992), como o atrapalhado Paulinho Pamonha e <em>O Mapa da Mina<\/em> (1993), como Raul Gouveia. Al\u00e9m dessas novelas, fez <em>Fera Radical<\/em> (1988), como Pax\u00e1, e <em>Mico Preto<\/em> (1990), como Adolfo.<\/p>\n\n\n\n<figure class=\"wp-block-image aligncenter size-large\"><a href=\"https:\/\/i0.wp.com\/blogdoeloiltoncajuhy.com.br\/site\/wp-content\/uploads\/2022\/12\/Tato-Gabus-Mendes-02.webp\"><img data-recalc-dims=\"1\" decoding=\"async\" width=\"800\" height=\"450\" src=\"https:\/\/i0.wp.com\/blogdoeloiltoncajuhy.com.br\/site\/wp-content\/uploads\/2022\/12\/Tato-Gabus-Mendes-02.webp?resize=800%2C450\" alt=\"\" class=\"wp-image-71038\" srcset=\"https:\/\/i0.wp.com\/blogdoeloiltoncajuhy.com.br\/site\/wp-content\/uploads\/2022\/12\/Tato-Gabus-Mendes-02.webp?resize=1024%2C576&amp;ssl=1 1024w, https:\/\/i0.wp.com\/blogdoeloiltoncajuhy.com.br\/site\/wp-content\/uploads\/2022\/12\/Tato-Gabus-Mendes-02.webp?resize=300%2C169&amp;ssl=1 300w, https:\/\/i0.wp.com\/blogdoeloiltoncajuhy.com.br\/site\/wp-content\/uploads\/2022\/12\/Tato-Gabus-Mendes-02.webp?resize=768%2C432&amp;ssl=1 768w, https:\/\/i0.wp.com\/blogdoeloiltoncajuhy.com.br\/site\/wp-content\/uploads\/2022\/12\/Tato-Gabus-Mendes-02.webp?w=1200&amp;ssl=1 1200w\" sizes=\"(max-width: 800px) 100vw, 800px\" \/><\/a><\/figure>\n","protected":false},"excerpt":{"rendered":"<p>Por Wikip\u00e9dia Lu\u00eds Ot\u00e1vio &#8220;Tato&#8221; Gabus Mendes nasceu em S\u00e3o Paulo, em 22 de dezembro de 1952. O ator faz parte de uma fam\u00edlia de grandes artistas. Ele \u00e9 filho do falecido autor de telenovelas Cassiano Gabus Mendes e da ex-atriz Elenita S\u00e1nchez Blanco. Seu irm\u00e3o mais novo, C\u00e1ssio Gabus Mendes, tamb\u00e9m \u00e9 ator. Seu [&hellip;]<\/p>\n","protected":false},"author":2,"featured_media":71038,"comment_status":"open","ping_status":"open","sticky":false,"template":"","format":"standard","meta":{"_acf_changed":false,"_monsterinsights_skip_tracking":false,"_monsterinsights_sitenote_active":false,"_monsterinsights_sitenote_note":"","_monsterinsights_sitenote_category":0,"_jetpack_memberships_contains_paid_content":false,"footnotes":"","jetpack_publicize_message":"","jetpack_publicize_feature_enabled":true,"jetpack_social_post_already_shared":true,"jetpack_social_options":{"image_generator_settings":{"template":"highway","default_image_id":0,"font":"","enabled":false},"version":2}},"categories":[12],"tags":[],"class_list":["post-71036","post","type-post","status-publish","format-standard","has-post-thumbnail","hentry","category-gente-que-faz-a-nossa-historia"],"acf":[],"jetpack_publicize_connections":[],"jetpack_featured_media_url":"https:\/\/i0.wp.com\/blogdoeloiltoncajuhy.com.br\/site\/wp-content\/uploads\/2022\/12\/Tato-Gabus-Mendes-02.webp?fit=1200%2C675&ssl=1","jetpack_sharing_enabled":true,"publishpress_future_workflow_manual_trigger":{"enabledWorkflows":[]},"_links":{"self":[{"href":"https:\/\/blogdoeloiltoncajuhy.com.br\/site\/wp-json\/wp\/v2\/posts\/71036","targetHints":{"allow":["GET"]}}],"collection":[{"href":"https:\/\/blogdoeloiltoncajuhy.com.br\/site\/wp-json\/wp\/v2\/posts"}],"about":[{"href":"https:\/\/blogdoeloiltoncajuhy.com.br\/site\/wp-json\/wp\/v2\/types\/post"}],"author":[{"embeddable":true,"href":"https:\/\/blogdoeloiltoncajuhy.com.br\/site\/wp-json\/wp\/v2\/users\/2"}],"replies":[{"embeddable":true,"href":"https:\/\/blogdoeloiltoncajuhy.com.br\/site\/wp-json\/wp\/v2\/comments?post=71036"}],"version-history":[{"count":1,"href":"https:\/\/blogdoeloiltoncajuhy.com.br\/site\/wp-json\/wp\/v2\/posts\/71036\/revisions"}],"predecessor-version":[{"id":71039,"href":"https:\/\/blogdoeloiltoncajuhy.com.br\/site\/wp-json\/wp\/v2\/posts\/71036\/revisions\/71039"}],"wp:featuredmedia":[{"embeddable":true,"href":"https:\/\/blogdoeloiltoncajuhy.com.br\/site\/wp-json\/wp\/v2\/media\/71038"}],"wp:attachment":[{"href":"https:\/\/blogdoeloiltoncajuhy.com.br\/site\/wp-json\/wp\/v2\/media?parent=71036"}],"wp:term":[{"taxonomy":"category","embeddable":true,"href":"https:\/\/blogdoeloiltoncajuhy.com.br\/site\/wp-json\/wp\/v2\/categories?post=71036"},{"taxonomy":"post_tag","embeddable":true,"href":"https:\/\/blogdoeloiltoncajuhy.com.br\/site\/wp-json\/wp\/v2\/tags?post=71036"}],"curies":[{"name":"wp","href":"https:\/\/api.w.org\/{rel}","templated":true}]}}