{"id":71030,"date":"2022-12-21T19:52:41","date_gmt":"2022-12-21T22:52:41","guid":{"rendered":"http:\/\/blogdoeloiltoncajuhy.com.br\/site\/?p=71030"},"modified":"2022-12-21T19:52:44","modified_gmt":"2022-12-21T22:52:44","slug":"pedro-paulo-rangel-sera-velado-no-theatro-municipal-centro-do-rio","status":"publish","type":"post","link":"https:\/\/blogdoeloiltoncajuhy.com.br\/site\/pedro-paulo-rangel-sera-velado-no-theatro-municipal-centro-do-rio\/","title":{"rendered":"Pedro Paulo Rangel ser\u00e1 velado no Theatro Municipal, Centro do Rio"},"content":{"rendered":"\n<p class=\"has-text-align-center has-medium-font-size\"><em>Ator, de 74 anos, morreu no fim da madrugada desta quarta-feira (21). Artista participou de v\u00e1rios sucessos na TV Globo, entre eles, as novelas &#8216;Vale Tudo&#8217; e &#8216;A Indomada&#8217; e o humor\u00edstico &#8216;TV Pirata&#8217;.<\/em><\/p>\n\n\n\n<p><strong>Por Luiz Ant\u00f4nio Costa, TV Globo e g1 Rio<\/strong><\/p>\n\n\n\n<figure class=\"wp-block-image aligncenter size-full\"><a href=\"https:\/\/i0.wp.com\/blogdoeloiltoncajuhy.com.br\/site\/wp-content\/uploads\/2022\/12\/Pedro-Paulo-Rangel-01.webp\"><img data-recalc-dims=\"1\" fetchpriority=\"high\" decoding=\"async\" width=\"800\" height=\"534\" src=\"https:\/\/i0.wp.com\/blogdoeloiltoncajuhy.com.br\/site\/wp-content\/uploads\/2022\/12\/Pedro-Paulo-Rangel-01.webp?resize=800%2C534\" alt=\"\" class=\"wp-image-71031\" srcset=\"https:\/\/i0.wp.com\/blogdoeloiltoncajuhy.com.br\/site\/wp-content\/uploads\/2022\/12\/Pedro-Paulo-Rangel-01.webp?w=984&amp;ssl=1 984w, https:\/\/i0.wp.com\/blogdoeloiltoncajuhy.com.br\/site\/wp-content\/uploads\/2022\/12\/Pedro-Paulo-Rangel-01.webp?resize=300%2C200&amp;ssl=1 300w, https:\/\/i0.wp.com\/blogdoeloiltoncajuhy.com.br\/site\/wp-content\/uploads\/2022\/12\/Pedro-Paulo-Rangel-01.webp?resize=768%2C513&amp;ssl=1 768w\" sizes=\"(max-width: 800px) 100vw, 800px\" \/><\/a><figcaption class=\"wp-element-caption\"><sub>Pedro Paulo Rangel na novela &#8216;Vale Tudo&#8217; \u2014 Foto: Reprodu\u00e7\u00e3o<\/sub><\/figcaption><\/figure>\n\n\n\n<p>O vel\u00f3rio do ator <strong>Pedro Paulo Rangel<\/strong> ser\u00e1 realizado nesta quinta-feira (22) no Theatro Municipal, no Centro do Rio. A cerim\u00f4nia de despedida ser\u00e1 aberta ao p\u00fablico e acontece das 10h \u00e0s 13h. A informa\u00e7\u00e3o foi confirmada pela fam\u00edlia.<\/p>\n\n\n\n<p>A crema\u00e7\u00e3o, no entanto, ser\u00e1 realizada no Cemit\u00e9rio da Penit\u00eancia, no Caju, Zona Portu\u00e1ria do Rio, ap\u00f3s o vel\u00f3rio. A cerim\u00f4nia ser\u00e1 fechada para amigos e familiares.<\/p>\n\n\n\n<p>O artista, de 74 anos, morreu no fim da madrugada desta quarta-feira (21). Pedro Paulo estava internado no CTI da Casa de Sa\u00fade S\u00e3o Jos\u00e9, na Zona Sul do Rio, para tratar uma descompensa\u00e7\u00e3o do quadro de enfisema pulmonar, desde o dia 30 de novembro. A causa da morte ainda n\u00e3o foi divulgada.<\/p>\n\n\n\n<p>Entre os trabalhos mais marcantes de Pedro Paulo est\u00e3o as novelas <em>&#8220;Gabriela&#8221;<\/em> (1975), <em>&#8220;Saramandaia&#8221;<\/em> (1976), <em>&#8220;Vale Tudo&#8221;<\/em> (1988), e o humor\u00edstico <em>&#8220;TV Pirata&#8221;<\/em> (1988).<\/p>\n\n\n\n<p class=\"has-black-color has-text-color has-medium-font-size\"><strong>Carreira<\/strong><\/p>\n\n\n\n<figure class=\"wp-block-image aligncenter size-full\"><a href=\"https:\/\/i0.wp.com\/blogdoeloiltoncajuhy.com.br\/site\/wp-content\/uploads\/2022\/12\/Pedro-Paulo-Rangel-02.webp\"><img data-recalc-dims=\"1\" decoding=\"async\" width=\"800\" height=\"569\" src=\"https:\/\/i0.wp.com\/blogdoeloiltoncajuhy.com.br\/site\/wp-content\/uploads\/2022\/12\/Pedro-Paulo-Rangel-02.webp?resize=800%2C569\" alt=\"\" class=\"wp-image-71032\" srcset=\"https:\/\/i0.wp.com\/blogdoeloiltoncajuhy.com.br\/site\/wp-content\/uploads\/2022\/12\/Pedro-Paulo-Rangel-02.webp?w=984&amp;ssl=1 984w, https:\/\/i0.wp.com\/blogdoeloiltoncajuhy.com.br\/site\/wp-content\/uploads\/2022\/12\/Pedro-Paulo-Rangel-02.webp?resize=300%2C213&amp;ssl=1 300w, https:\/\/i0.wp.com\/blogdoeloiltoncajuhy.com.br\/site\/wp-content\/uploads\/2022\/12\/Pedro-Paulo-Rangel-02.webp?resize=768%2C546&amp;ssl=1 768w\" sizes=\"(max-width: 800px) 100vw, 800px\" \/><\/a><figcaption class=\"wp-element-caption\"><sub>O ator Pedro Paulo Rangel na novela &#8216;Pedra sobre Pedra&#8217;, da TV Globo \u2014 Foto: Acervo Globo<\/sub><\/figcaption><\/figure>\n\n\n\n<p>Nascido no Rio de Janeiro em 29 de junho de 1948, Pedro Paulo Marques Rangel era morador do Rio Comprido, na Zona Norte da cidade, quando teve o primeiro contato com o teatro, aos 11 anos. Fascinado com a descoberta, decidiu ser ator. Foi nessa \u00e9poca que escreveu uma pe\u00e7a para que pudesse atuar: <em>&#8220;Quando os Pais Entram de F\u00e9rias&#8221;<\/em>.<\/p>\n\n\n\n<p>Mais tarde, no grupo de teatro da Igreja de Santa Terezinha, conheceu o ator Marco Nanini, com quem estudaria no Conservat\u00f3rio Nacional de Teatro, atual Escola de Teatro da Universidade Federal do Estado do Rio de Janeiro (Unirio).<\/p>\n\n\n\n<p>O primeiro contato de Pedro Paulo com o teatro profissional foi em 1968, na pe\u00e7a <em>&#8220;Roda Viva&#8221;<\/em>, de Chico Buarque, sob a dire\u00e7\u00e3o de Jos\u00e9 Celso Martinez Corr\u00eaa.<\/p>\n\n\n\n<p>Depois de passar pela TV Tupi de S\u00e3o Paulo, o ator estreou na TV Globo em 1972, na novela <em>&#8220;Bicho do Mato&#8221;<\/em>. Seu primeiro personagem de sucesso foi Juca Viana, em <em>&#8220;Gabriela&#8221;<\/em>. Na novela, Pedro Paulo protagonizou o primeiro nu masculino da televis\u00e3o, numa cena que mostrava o casal Juca e Chiquinha (Cidinha Millan) sendo atirado na rua, depois de ser flagrado na cama.<\/p>\n\n\n\n<p class=\"has-black-color has-text-color has-medium-font-size\"><strong>Destaque no humor<\/strong><\/p>\n\n\n\n<figure class=\"wp-block-image aligncenter size-full\"><a href=\"https:\/\/i0.wp.com\/blogdoeloiltoncajuhy.com.br\/site\/wp-content\/uploads\/2022\/12\/Pedro-Paulo-Rangel-03.webp\"><img data-recalc-dims=\"1\" decoding=\"async\" width=\"800\" height=\"503\" src=\"https:\/\/i0.wp.com\/blogdoeloiltoncajuhy.com.br\/site\/wp-content\/uploads\/2022\/12\/Pedro-Paulo-Rangel-03.webp?resize=800%2C503\" alt=\"\" class=\"wp-image-71033\" srcset=\"https:\/\/i0.wp.com\/blogdoeloiltoncajuhy.com.br\/site\/wp-content\/uploads\/2022\/12\/Pedro-Paulo-Rangel-03.webp?w=984&amp;ssl=1 984w, https:\/\/i0.wp.com\/blogdoeloiltoncajuhy.com.br\/site\/wp-content\/uploads\/2022\/12\/Pedro-Paulo-Rangel-03.webp?resize=300%2C189&amp;ssl=1 300w, https:\/\/i0.wp.com\/blogdoeloiltoncajuhy.com.br\/site\/wp-content\/uploads\/2022\/12\/Pedro-Paulo-Rangel-03.webp?resize=768%2C483&amp;ssl=1 768w\" sizes=\"(max-width: 800px) 100vw, 800px\" \/><\/a><figcaption class=\"wp-element-caption\"><sub>Pedro Paulo Rangel em cena de &#8216;TV Pirata&#8217; \u2014 Foto: Acervo Grupo Globo<\/sub><\/figcaption><\/figure>\n\n\n\n<p>Ap\u00f3s v\u00e1rias pe\u00e7as de teatro e alguns filmes durante a d\u00e9cada de 70 e o in\u00edcio dos anos 80, como <em>&#8220;Menino do Rio&#8221;<\/em> (1982), Pedro Paulo voltou a trabalhar na TV Globo.<\/p>\n\n\n\n<p>Convidado por J\u00f4 Soares, o ator participou de esquetes no programa humor\u00edstico <em>&#8220;Viva o Gordo&#8221;<\/em> (1982). O resultado agradou e ele foi convidado para integrar o elenco da segunda temporada de <em>&#8220;TV Pirata&#8221;<\/em> (1988).<\/p>\n\n\n\n<p>Em 1992, um novo papel marcou a carreira de Pedro Paulo Rangel, o homossexual Adamastor, de <em>&#8220;Pedra sobre Pedra&#8221;<\/em>. Em seguida, ele fez as novelas <em>&#8220;O Mapa da Mina&#8221;<\/em> (1993) e <em>&#8220;A Indomada&#8221;<\/em> (1997), al\u00e9m da miniss\u00e9rie <em>&#8220;Engra\u00e7adinha&#8221;<\/em>.<\/p>\n\n\n\n<p>Entre outras obras do ator est\u00e3o as novelas <em>&#8220;Pedra Sobre Pedra&#8221;<\/em>, <em>&#8220;Vale Tudo&#8221;<\/em>, <em>&#8220;A Indomada&#8221;<\/em>, <em>&#8220;Saramandaia&#8221;<\/em>, <em>&#8220;O Cravo e a Rosa&#8221;<\/em> e <em>&#8220;Bel\u00edssima&#8221;<\/em>, al\u00e9m de seriados e miniss\u00e9ries, como <em>&#8220;A Muralha&#8221;<\/em>, <em>&#8220;Voc\u00ea Decide&#8221;<\/em>, <em>&#8220;A Diarista&#8221;<\/em>, <em>&#8220;Os Aspones&#8221;<\/em> e <em>&#8220;Sob Nova Dire\u00e7\u00e3o&#8221;<\/em>.<\/p>\n\n\n\n<figure class=\"wp-block-image aligncenter size-full\"><a href=\"https:\/\/i0.wp.com\/blogdoeloiltoncajuhy.com.br\/site\/wp-content\/uploads\/2022\/12\/Pedro-Paulo-Rangel-04.webp\"><img data-recalc-dims=\"1\" loading=\"lazy\" decoding=\"async\" width=\"800\" height=\"561\" src=\"https:\/\/i0.wp.com\/blogdoeloiltoncajuhy.com.br\/site\/wp-content\/uploads\/2022\/12\/Pedro-Paulo-Rangel-04.webp?resize=800%2C561\" alt=\"\" class=\"wp-image-71034\" srcset=\"https:\/\/i0.wp.com\/blogdoeloiltoncajuhy.com.br\/site\/wp-content\/uploads\/2022\/12\/Pedro-Paulo-Rangel-04.webp?w=984&amp;ssl=1 984w, https:\/\/i0.wp.com\/blogdoeloiltoncajuhy.com.br\/site\/wp-content\/uploads\/2022\/12\/Pedro-Paulo-Rangel-04.webp?resize=300%2C210&amp;ssl=1 300w, https:\/\/i0.wp.com\/blogdoeloiltoncajuhy.com.br\/site\/wp-content\/uploads\/2022\/12\/Pedro-Paulo-Rangel-04.webp?resize=768%2C539&amp;ssl=1 768w\" sizes=\"(max-width: 800px) 100vw, 800px\" \/><\/a><figcaption class=\"wp-element-caption\"><sub>Pedro Paulo Rangel e Suely Franco em cena de &#8216;O Cravo e a Rosa&#8217; \u2014 Foto: Acervo Grupo Globo<\/sub><\/figcaption><\/figure>\n","protected":false},"excerpt":{"rendered":"<p>Ator, de 74 anos, morreu no fim da madrugada desta quarta-feira (21). Artista participou de v\u00e1rios sucessos na TV Globo, entre eles, as novelas &#8216;Vale Tudo&#8217; e &#8216;A Indomada&#8217; e o humor\u00edstico &#8216;TV Pirata&#8217;. Por Luiz Ant\u00f4nio Costa, TV Globo e g1 Rio O vel\u00f3rio do ator Pedro Paulo Rangel ser\u00e1 realizado nesta quinta-feira (22) [&hellip;]<\/p>\n","protected":false},"author":2,"featured_media":71031,"comment_status":"open","ping_status":"open","sticky":false,"template":"","format":"standard","meta":{"_acf_changed":false,"_monsterinsights_skip_tracking":false,"_monsterinsights_sitenote_active":false,"_monsterinsights_sitenote_note":"","_monsterinsights_sitenote_category":0,"_jetpack_memberships_contains_paid_content":false,"footnotes":"","jetpack_publicize_message":"","jetpack_publicize_feature_enabled":true,"jetpack_social_post_already_shared":true,"jetpack_social_options":{"image_generator_settings":{"template":"highway","default_image_id":0,"font":"","enabled":false},"version":2}},"categories":[8],"tags":[],"class_list":["post-71030","post","type-post","status-publish","format-standard","has-post-thumbnail","hentry","category-cultura"],"acf":[],"jetpack_publicize_connections":[],"jetpack_featured_media_url":"https:\/\/i0.wp.com\/blogdoeloiltoncajuhy.com.br\/site\/wp-content\/uploads\/2022\/12\/Pedro-Paulo-Rangel-01.webp?fit=984%2C657&ssl=1","jetpack_sharing_enabled":true,"publishpress_future_workflow_manual_trigger":{"enabledWorkflows":[]},"_links":{"self":[{"href":"https:\/\/blogdoeloiltoncajuhy.com.br\/site\/wp-json\/wp\/v2\/posts\/71030","targetHints":{"allow":["GET"]}}],"collection":[{"href":"https:\/\/blogdoeloiltoncajuhy.com.br\/site\/wp-json\/wp\/v2\/posts"}],"about":[{"href":"https:\/\/blogdoeloiltoncajuhy.com.br\/site\/wp-json\/wp\/v2\/types\/post"}],"author":[{"embeddable":true,"href":"https:\/\/blogdoeloiltoncajuhy.com.br\/site\/wp-json\/wp\/v2\/users\/2"}],"replies":[{"embeddable":true,"href":"https:\/\/blogdoeloiltoncajuhy.com.br\/site\/wp-json\/wp\/v2\/comments?post=71030"}],"version-history":[{"count":1,"href":"https:\/\/blogdoeloiltoncajuhy.com.br\/site\/wp-json\/wp\/v2\/posts\/71030\/revisions"}],"predecessor-version":[{"id":71035,"href":"https:\/\/blogdoeloiltoncajuhy.com.br\/site\/wp-json\/wp\/v2\/posts\/71030\/revisions\/71035"}],"wp:featuredmedia":[{"embeddable":true,"href":"https:\/\/blogdoeloiltoncajuhy.com.br\/site\/wp-json\/wp\/v2\/media\/71031"}],"wp:attachment":[{"href":"https:\/\/blogdoeloiltoncajuhy.com.br\/site\/wp-json\/wp\/v2\/media?parent=71030"}],"wp:term":[{"taxonomy":"category","embeddable":true,"href":"https:\/\/blogdoeloiltoncajuhy.com.br\/site\/wp-json\/wp\/v2\/categories?post=71030"},{"taxonomy":"post_tag","embeddable":true,"href":"https:\/\/blogdoeloiltoncajuhy.com.br\/site\/wp-json\/wp\/v2\/tags?post=71030"}],"curies":[{"name":"wp","href":"https:\/\/api.w.org\/{rel}","templated":true}]}}