{"id":71028,"date":"2022-12-21T19:04:04","date_gmt":"2022-12-21T22:04:04","guid":{"rendered":"http:\/\/blogdoeloiltoncajuhy.com.br\/site\/?p=71028"},"modified":"2022-12-21T19:04:07","modified_gmt":"2022-12-21T22:04:07","slug":"bahia-registra-2-451-casos-de-covid-19-e-mais-11-obitos","status":"publish","type":"post","link":"https:\/\/blogdoeloiltoncajuhy.com.br\/site\/bahia-registra-2-451-casos-de-covid-19-e-mais-11-obitos\/","title":{"rendered":"Bahia registra 2.451 casos de Covid-19 e mais 11 \u00f3bitos"},"content":{"rendered":"\n<p><strong>Ascom Sesab<\/strong><\/p>\n\n\n\n<figure class=\"wp-block-image aligncenter size-full\"><a href=\"https:\/\/i0.wp.com\/blogdoeloiltoncajuhy.com.br\/site\/wp-content\/uploads\/2022\/07\/Corona-vacinacao.webp\"><img data-recalc-dims=\"1\" fetchpriority=\"high\" decoding=\"async\" width=\"800\" height=\"508\" src=\"https:\/\/i0.wp.com\/blogdoeloiltoncajuhy.com.br\/site\/wp-content\/uploads\/2022\/07\/Corona-vacinacao.webp?resize=800%2C508\" alt=\"\" class=\"wp-image-66590\" srcset=\"https:\/\/i0.wp.com\/blogdoeloiltoncajuhy.com.br\/site\/wp-content\/uploads\/2022\/07\/Corona-vacinacao.webp?w=984&amp;ssl=1 984w, https:\/\/i0.wp.com\/blogdoeloiltoncajuhy.com.br\/site\/wp-content\/uploads\/2022\/07\/Corona-vacinacao.webp?resize=300%2C191&amp;ssl=1 300w, https:\/\/i0.wp.com\/blogdoeloiltoncajuhy.com.br\/site\/wp-content\/uploads\/2022\/07\/Corona-vacinacao.webp?resize=768%2C488&amp;ssl=1 768w\" sizes=\"(max-width: 800px) 100vw, 800px\" \/><\/a><\/figure>\n\n\n\n<p>Na Bahia, nas \u00faltimas 24 horas, foram registrados 2.451 casos de Covid-19, 2.327 recuperados e 11 \u00f3bitos. Dos 1.759.036 casos confirmados desde o in\u00edcio da pandemia, 1.720.477 j\u00e1 s\u00e3o considerados recuperados, 7.440 encontram-se ativos e 31.119 tiveram \u00f3bito confirmado. Os dados ainda podem sofrer altera\u00e7\u00f5es.<\/p>\n\n\n\n<p>O <a rel=\"noreferrer noopener\" href=\"http:\/\/www.saude.ba.gov.br\/wp-content\/uploads\/2022\/12\/Boletim-Infografico-21-12-2022.pdf\" target=\"_blank\">boletim epidemiol\u00f3gico<\/a> desta quarta-feira (21) contabiliza ainda 2.070.177 casos descartados e 370.291 em investiga\u00e7\u00e3o. Estes dados representam notifica\u00e7\u00f5es oficiais compiladas at\u00e9 \u00e0s 17h desta quarta-feira. Na Bahia, 71.016 profissionais da sa\u00fade foram confirmados para Covid-19. Para acessar o boletim completo, <a href=\"http:\/\/www.saude.ba.gov.br\/wp-content\/uploads\/2022\/12\/BOLETIM_ELETRONICO_BAHIAN_966___21122022.pdf\" target=\"_blank\" rel=\"noreferrer noopener\">clique aqui<\/a> ou acesse o <a href=\"https:\/\/bi.saude.ba.gov.br\/transparencia\/\" target=\"_blank\" rel=\"noreferrer noopener\">Business Intelligence.<\/a><\/p>\n\n\n\n<p class=\"has-black-color has-text-color has-medium-font-size\"><strong>Vacina\u00e7\u00e3o<\/strong><\/p>\n\n\n\n<p>At\u00e9 o momento a Bahia contabiliza 11.710.330 pessoas vacinadas com a primeira dose, 10.809.304 com a segunda dose ou dose \u00fanica, 7.720.112 com a dose de refor\u00e7o e 2.950.561 com o segundo refor\u00e7o. Do p\u00fablico de 5 a 11 anos, 1.079.956 crian\u00e7as j\u00e1 foram imunizadas com a primeira dose e 736.257 j\u00e1 tomaram tamb\u00e9m a segunda dose. Do grupo de 3 a 4 anos, 74.008 tomaram a primeira dose e 31.525 j\u00e1 tomaram a segunda dose. Do grupo de 6 meses a 2 anos, 4.967 tomaram a primeira dose.<\/p>\n","protected":false},"excerpt":{"rendered":"<p>Ascom Sesab Na Bahia, nas \u00faltimas 24 horas, foram registrados 2.451 casos de Covid-19, 2.327 recuperados e 11 \u00f3bitos. Dos 1.759.036 casos confirmados desde o in\u00edcio da pandemia, 1.720.477 j\u00e1 s\u00e3o considerados recuperados, 7.440 encontram-se ativos e 31.119 tiveram \u00f3bito confirmado. Os dados ainda podem sofrer altera\u00e7\u00f5es. O boletim epidemiol\u00f3gico desta quarta-feira (21) contabiliza ainda [&hellip;]<\/p>\n","protected":false},"author":2,"featured_media":67828,"comment_status":"open","ping_status":"open","sticky":false,"template":"","format":"standard","meta":{"_acf_changed":false,"_monsterinsights_skip_tracking":false,"_monsterinsights_sitenote_active":false,"_monsterinsights_sitenote_note":"","_monsterinsights_sitenote_category":0,"_jetpack_memberships_contains_paid_content":false,"footnotes":"","jetpack_publicize_message":"","jetpack_publicize_feature_enabled":true,"jetpack_social_post_already_shared":true,"jetpack_social_options":{"image_generator_settings":{"template":"highway","default_image_id":0,"font":"","enabled":false},"version":2}},"categories":[7],"tags":[],"class_list":["post-71028","post","type-post","status-publish","format-standard","has-post-thumbnail","hentry","category-saude"],"acf":[],"jetpack_publicize_connections":[],"jetpack_featured_media_url":"https:\/\/i0.wp.com\/blogdoeloiltoncajuhy.com.br\/site\/wp-content\/uploads\/2022\/08\/Coronavirus_novo_Boletim-21082022.png?fit=924%2C592&ssl=1","jetpack_sharing_enabled":true,"publishpress_future_workflow_manual_trigger":{"enabledWorkflows":[]},"_links":{"self":[{"href":"https:\/\/blogdoeloiltoncajuhy.com.br\/site\/wp-json\/wp\/v2\/posts\/71028","targetHints":{"allow":["GET"]}}],"collection":[{"href":"https:\/\/blogdoeloiltoncajuhy.com.br\/site\/wp-json\/wp\/v2\/posts"}],"about":[{"href":"https:\/\/blogdoeloiltoncajuhy.com.br\/site\/wp-json\/wp\/v2\/types\/post"}],"author":[{"embeddable":true,"href":"https:\/\/blogdoeloiltoncajuhy.com.br\/site\/wp-json\/wp\/v2\/users\/2"}],"replies":[{"embeddable":true,"href":"https:\/\/blogdoeloiltoncajuhy.com.br\/site\/wp-json\/wp\/v2\/comments?post=71028"}],"version-history":[{"count":1,"href":"https:\/\/blogdoeloiltoncajuhy.com.br\/site\/wp-json\/wp\/v2\/posts\/71028\/revisions"}],"predecessor-version":[{"id":71029,"href":"https:\/\/blogdoeloiltoncajuhy.com.br\/site\/wp-json\/wp\/v2\/posts\/71028\/revisions\/71029"}],"wp:featuredmedia":[{"embeddable":true,"href":"https:\/\/blogdoeloiltoncajuhy.com.br\/site\/wp-json\/wp\/v2\/media\/67828"}],"wp:attachment":[{"href":"https:\/\/blogdoeloiltoncajuhy.com.br\/site\/wp-json\/wp\/v2\/media?parent=71028"}],"wp:term":[{"taxonomy":"category","embeddable":true,"href":"https:\/\/blogdoeloiltoncajuhy.com.br\/site\/wp-json\/wp\/v2\/categories?post=71028"},{"taxonomy":"post_tag","embeddable":true,"href":"https:\/\/blogdoeloiltoncajuhy.com.br\/site\/wp-json\/wp\/v2\/tags?post=71028"}],"curies":[{"name":"wp","href":"https:\/\/api.w.org\/{rel}","templated":true}]}}