{"id":71023,"date":"2022-12-21T21:00:00","date_gmt":"2022-12-22T00:00:00","guid":{"rendered":"http:\/\/blogdoeloiltoncajuhy.com.br\/site\/?p=71023"},"modified":"2022-12-21T17:35:34","modified_gmt":"2022-12-21T20:35:34","slug":"confira-as-vagas-de-emprego-do-sinebahia-de-senhor-do-bonfim-para-esta-quinta-feira-22-de-dezembro","status":"publish","type":"post","link":"https:\/\/blogdoeloiltoncajuhy.com.br\/site\/confira-as-vagas-de-emprego-do-sinebahia-de-senhor-do-bonfim-para-esta-quinta-feira-22-de-dezembro\/","title":{"rendered":"Confira as vagas de emprego do Sinebahia de Senhor do Bonfim para esta quinta-feira, 22 de dezembro"},"content":{"rendered":"\n<p><strong>Blog do Eloilton Cajuhy<\/strong><\/p>\n\n\n\n<figure class=\"wp-block-image aligncenter size-full is-resized\"><a href=\"https:\/\/i0.wp.com\/blogdoeloiltoncajuhy.com.br\/site\/wp-content\/uploads\/2017\/01\/vagas-emprego108.jpg\"><img data-recalc-dims=\"1\" fetchpriority=\"high\" decoding=\"async\" src=\"https:\/\/i0.wp.com\/blogdoeloiltoncajuhy.com.br\/site\/wp-content\/uploads\/2017\/01\/vagas-emprego108.jpg?resize=610%2C413\" alt=\"\" class=\"wp-image-14682\" width=\"610\" height=\"413\" srcset=\"https:\/\/i0.wp.com\/blogdoeloiltoncajuhy.com.br\/site\/wp-content\/uploads\/2017\/01\/vagas-emprego108.jpg?w=496&amp;ssl=1 496w, https:\/\/i0.wp.com\/blogdoeloiltoncajuhy.com.br\/site\/wp-content\/uploads\/2017\/01\/vagas-emprego108.jpg?resize=300%2C203&amp;ssl=1 300w, https:\/\/i0.wp.com\/blogdoeloiltoncajuhy.com.br\/site\/wp-content\/uploads\/2017\/01\/vagas-emprego108.jpg?resize=250%2C169&amp;ssl=1 250w\" sizes=\"(max-width: 610px) 100vw, 610px\" \/><\/a><\/figure>\n\n\n\n<p><strong>DOCUMENTA\u00c7\u00c3O NECESS\u00c1RIA:<\/strong>&nbsp;Carteira de Trabalho f\u00edsica ou Digital, RG, CPF, comprovantes de resid\u00eancia e escolaridade, al\u00e9m de certificados de cursos, se assim desejar.<\/p>\n\n\n\n<p>Essas vagas est\u00e3o sujeitas ao limite de encaminhamentos. Para realizar agendamento na Rede SineBahia acesse o endere\u00e7o\u00a0<a rel=\"noreferrer noopener\" href=\"http:\/\/www.sacdigital.ba.gov.br\/\" target=\"_blank\">www.sacdigital.ba.gov.br<\/a>.<\/p>\n\n\n\n<p class=\"has-black-color has-text-color has-medium-font-size\"><strong>VAGAS EXCLUSIVAS PARA SENHOR DO BONFIM \u2013 DIA 22-12-2022<\/strong><\/p>\n\n\n\n<p class=\"has-black-color has-text-color\"><strong>JOVEM APRENDIZ<\/strong><br>Ensino Fundamental completo<br>03 VAGAS<\/p>\n\n\n\n<p class=\"has-black-color has-text-color\"><strong>CHAPISTA<\/strong><br>Ensino M\u00e9dio completo<br>Experi\u00eancia na \u00e1rea<br>01 VAGA<\/p>\n\n\n\n<p class=\"has-black-color has-text-color\"><strong>A\u00c7OUGUEIRO<\/strong><br>Ensino Fundamental completo<br>Experi\u00eancia na fun\u00e7\u00e3o<br>01 VAGA<\/p>\n\n\n\n<p class=\"has-black-color has-text-color\"><strong>COZINHEIRA<\/strong><br>Ensino Fundamental completo<br>Experi\u00eancia na fun\u00e7\u00e3o<br>01 VAGA<\/p>\n\n\n\n<p class=\"has-black-color has-text-color\"><strong>PADEIRO<\/strong><br>Ensino Fundamental completo<br>Experi\u00eancia na fun\u00e7\u00e3o<br>01 VAGA<\/p>\n\n\n\n<p class=\"has-black-color has-text-color\"><strong>GAR\u00c7OM<\/strong><br>Ensino Fundamental completo<br>Experi\u00eancia na fun\u00e7\u00e3o<br>01 VAGA<\/p>\n\n\n\n<p class=\"has-black-color has-text-color\"><strong>MANICURE<\/strong><br>Ensino Fundamental completo<br>N\u00e3o exige experi\u00eancia<br>02 VAGAS<\/p>\n\n\n\n<p class=\"has-black-color has-text-color\"><strong>CABELEIREIRO<\/strong><br>Ensino Fundamental completo<br>N\u00e3o exige experi\u00eancia<br>01 VAGA<\/p>\n\n\n\n<p class=\"has-black-color has-text-color\"><strong>RECEPCIONISTA<\/strong><br>Ensino M\u00e9dio completo<br>Experi\u00eancia na fun\u00e7\u00e3o<br>01 VAGA<\/p>\n\n\n\n<p class=\"has-black-color has-text-color\"><strong>AJUDANTE DE PADARIA<\/strong><br>Ensino Fundamental completo<br>Experi\u00eancia na fun\u00e7\u00e3o<br>01 VAGA<\/p>\n\n\n\n<p class=\"has-black-color has-text-color\"><strong>FORNEIRO<\/strong><br>Ensino Fundamental completo<br>Experi\u00eancia na fun\u00e7\u00e3o<br>02 VAGAS<\/p>\n\n\n\n<p class=\"has-black-color has-text-color\"><strong>SUPERVISOR ADMINISTRATIVO<\/strong><br>Ensino M\u00e9dio completo<br>Experi\u00eancia na fun\u00e7\u00e3o<br>01 VAGA<\/p>\n\n\n\n<p class=\"has-black-color has-text-color\"><strong>VENDEDOR<\/strong><br>Ensino Fundamental completo<br>Experi\u00eancia na fun\u00e7\u00e3o<br>02 VAGA<\/p>\n\n\n\n<p class=\"has-black-color has-text-color\"><strong>VENDEDOR EXTERNO<\/strong><br>Ensino Fundamental completo<br>Experi\u00eancia na fun\u00e7\u00e3o<br>01 VAGA<\/p>\n\n\n\n<p class=\"has-black-color has-text-color\"><strong>PEDREIRO<\/strong><br>Ensino Fundamental completo<br>Experi\u00eancia na fun\u00e7\u00e3o<br>20 VAGAS<\/p>\n\n\n\n<p class=\"has-black-color has-text-color\"><strong>CARPINTEIRO<\/strong><br>Ensino Fundamental completo<br>Experi\u00eancia na fun\u00e7\u00e3o<br>09 VAGAS<\/p>\n\n\n\n<p class=\"has-black-color has-text-color\"><strong>VENDEDOR EXTERNO<\/strong><br>Ensino Fundamental completo<br>Experi\u00eancia na fun\u00e7\u00e3o<br>01 VAGA<\/p>\n\n\n\n<p class=\"has-black-color has-text-color\"><strong>VENDEDOR EXTERNO<\/strong><br>Ensino Fundamental completo<br>Experi\u00eancia na fun\u00e7\u00e3o<br>04 VAGAS<\/p>\n","protected":false},"excerpt":{"rendered":"<p>Blog do Eloilton Cajuhy DOCUMENTA\u00c7\u00c3O NECESS\u00c1RIA:&nbsp;Carteira de Trabalho f\u00edsica ou Digital, RG, CPF, comprovantes de resid\u00eancia e escolaridade, al\u00e9m de certificados de cursos, se assim desejar. Essas vagas est\u00e3o sujeitas ao limite de encaminhamentos. Para realizar agendamento na Rede SineBahia acesse o endere\u00e7o\u00a0www.sacdigital.ba.gov.br. VAGAS EXCLUSIVAS PARA SENHOR DO BONFIM \u2013 DIA 22-12-2022 JOVEM APRENDIZEnsino Fundamental [&hellip;]<\/p>\n","protected":false},"author":2,"featured_media":67094,"comment_status":"open","ping_status":"open","sticky":false,"template":"","format":"standard","meta":{"_acf_changed":false,"_monsterinsights_skip_tracking":false,"_monsterinsights_sitenote_active":false,"_monsterinsights_sitenote_note":"","_monsterinsights_sitenote_category":0,"_jetpack_memberships_contains_paid_content":false,"footnotes":"","jetpack_publicize_message":"","jetpack_publicize_feature_enabled":true,"jetpack_social_post_already_shared":true,"jetpack_social_options":{"image_generator_settings":{"template":"highway","default_image_id":0,"font":"","enabled":false},"version":2}},"categories":[1],"tags":[],"class_list":["post-71023","post","type-post","status-publish","format-standard","has-post-thumbnail","hentry","category-noticias"],"acf":[],"jetpack_publicize_connections":[],"jetpack_featured_media_url":"https:\/\/i0.wp.com\/blogdoeloiltoncajuhy.com.br\/site\/wp-content\/uploads\/2022\/08\/vagas-emprego-carteira-de-trabalho_2.webp?fit=984%2C624&ssl=1","jetpack_sharing_enabled":true,"publishpress_future_workflow_manual_trigger":{"enabledWorkflows":[]},"_links":{"self":[{"href":"https:\/\/blogdoeloiltoncajuhy.com.br\/site\/wp-json\/wp\/v2\/posts\/71023","targetHints":{"allow":["GET"]}}],"collection":[{"href":"https:\/\/blogdoeloiltoncajuhy.com.br\/site\/wp-json\/wp\/v2\/posts"}],"about":[{"href":"https:\/\/blogdoeloiltoncajuhy.com.br\/site\/wp-json\/wp\/v2\/types\/post"}],"author":[{"embeddable":true,"href":"https:\/\/blogdoeloiltoncajuhy.com.br\/site\/wp-json\/wp\/v2\/users\/2"}],"replies":[{"embeddable":true,"href":"https:\/\/blogdoeloiltoncajuhy.com.br\/site\/wp-json\/wp\/v2\/comments?post=71023"}],"version-history":[{"count":1,"href":"https:\/\/blogdoeloiltoncajuhy.com.br\/site\/wp-json\/wp\/v2\/posts\/71023\/revisions"}],"predecessor-version":[{"id":71024,"href":"https:\/\/blogdoeloiltoncajuhy.com.br\/site\/wp-json\/wp\/v2\/posts\/71023\/revisions\/71024"}],"wp:featuredmedia":[{"embeddable":true,"href":"https:\/\/blogdoeloiltoncajuhy.com.br\/site\/wp-json\/wp\/v2\/media\/67094"}],"wp:attachment":[{"href":"https:\/\/blogdoeloiltoncajuhy.com.br\/site\/wp-json\/wp\/v2\/media?parent=71023"}],"wp:term":[{"taxonomy":"category","embeddable":true,"href":"https:\/\/blogdoeloiltoncajuhy.com.br\/site\/wp-json\/wp\/v2\/categories?post=71023"},{"taxonomy":"post_tag","embeddable":true,"href":"https:\/\/blogdoeloiltoncajuhy.com.br\/site\/wp-json\/wp\/v2\/tags?post=71023"}],"curies":[{"name":"wp","href":"https:\/\/api.w.org\/{rel}","templated":true}]}}