{"id":71018,"date":"2022-12-21T07:01:59","date_gmt":"2022-12-21T10:01:59","guid":{"rendered":"http:\/\/blogdoeloiltoncajuhy.com.br\/site\/?p=71018"},"modified":"2022-12-21T07:03:07","modified_gmt":"2022-12-21T10:03:07","slug":"associacao-dos-agentes-de-saude-de-senhor-do-bonfim-elege-nova-diretoria","status":"publish","type":"post","link":"https:\/\/blogdoeloiltoncajuhy.com.br\/site\/associacao-dos-agentes-de-saude-de-senhor-do-bonfim-elege-nova-diretoria\/","title":{"rendered":"Associa\u00e7\u00e3o dos Agentes de Sa\u00fade de Senhor do Bonfim elege nova diretoria"},"content":{"rendered":"\n<p><strong>Blog do Eloilton Cajuhy<\/strong><\/p>\n\n\n\n<figure class=\"wp-block-image aligncenter size-large\"><a href=\"https:\/\/i0.wp.com\/blogdoeloiltoncajuhy.com.br\/site\/wp-content\/uploads\/2022\/12\/Bonfim_Eleicao-Amacs-01.jpeg\"><img data-recalc-dims=\"1\" fetchpriority=\"high\" decoding=\"async\" width=\"800\" height=\"600\" src=\"https:\/\/i0.wp.com\/blogdoeloiltoncajuhy.com.br\/site\/wp-content\/uploads\/2022\/12\/Bonfim_Eleicao-Amacs-01.jpeg?resize=800%2C600\" alt=\"\" class=\"wp-image-71019\" srcset=\"https:\/\/i0.wp.com\/blogdoeloiltoncajuhy.com.br\/site\/wp-content\/uploads\/2022\/12\/Bonfim_Eleicao-Amacs-01.jpeg?resize=1024%2C768&amp;ssl=1 1024w, https:\/\/i0.wp.com\/blogdoeloiltoncajuhy.com.br\/site\/wp-content\/uploads\/2022\/12\/Bonfim_Eleicao-Amacs-01.jpeg?resize=300%2C225&amp;ssl=1 300w, https:\/\/i0.wp.com\/blogdoeloiltoncajuhy.com.br\/site\/wp-content\/uploads\/2022\/12\/Bonfim_Eleicao-Amacs-01.jpeg?resize=768%2C576&amp;ssl=1 768w, https:\/\/i0.wp.com\/blogdoeloiltoncajuhy.com.br\/site\/wp-content\/uploads\/2022\/12\/Bonfim_Eleicao-Amacs-01.jpeg?w=1280&amp;ssl=1 1280w\" sizes=\"(max-width: 800px) 100vw, 800px\" \/><\/a><\/figure>\n\n\n\n<p><\/p>\n\n\n\n<p>Categoria que exerce um importante trabalho de preven\u00e7\u00e3o na sa\u00fade, os Agentes Comunit\u00e1rios de Sa\u00fade de Senhor do Bonfim estiveram reunidos nesta ter\u00e7a-feira (20) para eleger a nova diretoria da associa\u00e7\u00e3o da classe.<\/p>\n\n\n\n<p>Duas chapas concorreram ao pleito. A chapa 1, denominada &#8220;Para Avan\u00e7ar Mais&#8221;, saiu vitoriosa com 86 votos. A chapa 2 obteve 35 votos. Dos 160 associados, apenas 39 n\u00e3o compareceram.<\/p>\n\n\n\n<p class=\"has-black-color has-text-color\"><strong>A nova diretoria da Associa\u00e7\u00e3o Municipal dos Agentes Comunit\u00e1rios de Sa\u00fade (AMACS) de Senhor do Bonfim, para o bi\u00eanio 2023\/2024, ficou assim constitu\u00edda:<\/strong><\/p>\n\n\n\n<ul class=\"wp-block-list\">\n<li><strong>Presidente:<\/strong> Viviane Vitor Tavares<\/li>\n<\/ul>\n\n\n\n<ul class=\"wp-block-list\">\n<li><strong>Vice presidente:<\/strong> Erandi Soares Pinto<\/li>\n<\/ul>\n\n\n\n<ul class=\"wp-block-list\">\n<li><strong>1\u00b0 Tesoureiro:<\/strong> Luciano da Silva Amaral<\/li>\n<\/ul>\n\n\n\n<ul class=\"wp-block-list\">\n<li><strong>2\u00b0 Tesoureiro:<\/strong> Pedro Carvalho de Sales<\/li>\n<\/ul>\n\n\n\n<ul class=\"wp-block-list\">\n<li><strong>1\u00b0 Secret\u00e1rio:<\/strong> Iara Silva Dantas<\/li>\n<\/ul>\n\n\n\n<ul class=\"wp-block-list\">\n<li><strong>2\u00b0 Secret\u00e1rio:<\/strong> L\u00eadiany Maria de Andrade<\/li>\n<\/ul>\n\n\n\n<p class=\"has-black-color has-text-color\"><strong>Conselho Fiscal<\/strong><\/p>\n\n\n\n<ul class=\"wp-block-list\">\n<li><strong>1\u00b0 Conselheiro Titular:<\/strong> Cleonice Oliveira Barbosa<\/li>\n<\/ul>\n\n\n\n<ul class=\"wp-block-list\">\n<li><strong>2\u00b0 Conselheiro Titular:<\/strong> Zenildes de Souza Matos<\/li>\n<\/ul>\n\n\n\n<ul class=\"wp-block-list\">\n<li><strong>3\u00b0 Conselheiro Titular:<\/strong> Andr\u00e9a Batista Dur\u00e3es<\/li>\n<\/ul>\n\n\n\n<p><em>Suplentes<\/em><\/p>\n\n\n\n<ul class=\"wp-block-list\">\n<li>1\u00b0 Elizabete Santana Camilo<\/li>\n<\/ul>\n\n\n\n<ul class=\"wp-block-list\">\n<li>2\u00b0 Jos\u00e9 Luiz Nunes Sobrinho<\/li>\n<\/ul>\n\n\n\n<ul class=\"wp-block-list\">\n<li>3\u00b0 Edmilson Nogueira de Carvalho<\/li>\n<\/ul>\n\n\n\n<p class=\"has-black-color has-text-color\"><strong>Comunica\u00e7\u00e3o<\/strong><\/p>\n\n\n\n<ul class=\"wp-block-list\">\n<li>Pedro de Carvalho<\/li>\n<\/ul>\n\n\n\n<ul class=\"wp-block-list\">\n<li>Ros\u00e2ngela dos Santos Souza<\/li>\n<\/ul>\n\n\n\n<figure class=\"wp-block-image aligncenter size-large\"><a href=\"https:\/\/i0.wp.com\/blogdoeloiltoncajuhy.com.br\/site\/wp-content\/uploads\/2022\/12\/Bonfim_Eleicao-Amacs-02.jpg\"><img data-recalc-dims=\"1\" decoding=\"async\" width=\"800\" height=\"600\" src=\"https:\/\/i0.wp.com\/blogdoeloiltoncajuhy.com.br\/site\/wp-content\/uploads\/2022\/12\/Bonfim_Eleicao-Amacs-02.jpg?resize=800%2C600\" alt=\"\" class=\"wp-image-71020\" srcset=\"https:\/\/i0.wp.com\/blogdoeloiltoncajuhy.com.br\/site\/wp-content\/uploads\/2022\/12\/Bonfim_Eleicao-Amacs-02.jpg?resize=1024%2C768&amp;ssl=1 1024w, https:\/\/i0.wp.com\/blogdoeloiltoncajuhy.com.br\/site\/wp-content\/uploads\/2022\/12\/Bonfim_Eleicao-Amacs-02.jpg?resize=300%2C225&amp;ssl=1 300w, https:\/\/i0.wp.com\/blogdoeloiltoncajuhy.com.br\/site\/wp-content\/uploads\/2022\/12\/Bonfim_Eleicao-Amacs-02.jpg?resize=768%2C576&amp;ssl=1 768w, https:\/\/i0.wp.com\/blogdoeloiltoncajuhy.com.br\/site\/wp-content\/uploads\/2022\/12\/Bonfim_Eleicao-Amacs-02.jpg?w=1280&amp;ssl=1 1280w\" sizes=\"(max-width: 800px) 100vw, 800px\" \/><\/a><\/figure>\n","protected":false},"excerpt":{"rendered":"<p>Blog do Eloilton Cajuhy Categoria que exerce um importante trabalho de preven\u00e7\u00e3o na sa\u00fade, os Agentes Comunit\u00e1rios de Sa\u00fade de Senhor do Bonfim estiveram reunidos nesta ter\u00e7a-feira (20) para eleger a nova diretoria da associa\u00e7\u00e3o da classe. Duas chapas concorreram ao pleito. A chapa 1, denominada &#8220;Para Avan\u00e7ar Mais&#8221;, saiu vitoriosa com 86 votos. A [&hellip;]<\/p>\n","protected":false},"author":2,"featured_media":71020,"comment_status":"open","ping_status":"open","sticky":false,"template":"","format":"standard","meta":{"_acf_changed":false,"_monsterinsights_skip_tracking":false,"_monsterinsights_sitenote_active":false,"_monsterinsights_sitenote_note":"","_monsterinsights_sitenote_category":0,"_jetpack_memberships_contains_paid_content":false,"footnotes":"","jetpack_publicize_message":"","jetpack_publicize_feature_enabled":true,"jetpack_social_post_already_shared":true,"jetpack_social_options":{"image_generator_settings":{"template":"highway","default_image_id":0,"font":"","enabled":false},"version":2}},"categories":[4],"tags":[],"class_list":["post-71018","post","type-post","status-publish","format-standard","has-post-thumbnail","hentry","category-local"],"acf":[],"jetpack_publicize_connections":[],"jetpack_featured_media_url":"https:\/\/i0.wp.com\/blogdoeloiltoncajuhy.com.br\/site\/wp-content\/uploads\/2022\/12\/Bonfim_Eleicao-Amacs-02.jpg?fit=1280%2C960&ssl=1","jetpack_sharing_enabled":true,"publishpress_future_workflow_manual_trigger":{"enabledWorkflows":[]},"_links":{"self":[{"href":"https:\/\/blogdoeloiltoncajuhy.com.br\/site\/wp-json\/wp\/v2\/posts\/71018","targetHints":{"allow":["GET"]}}],"collection":[{"href":"https:\/\/blogdoeloiltoncajuhy.com.br\/site\/wp-json\/wp\/v2\/posts"}],"about":[{"href":"https:\/\/blogdoeloiltoncajuhy.com.br\/site\/wp-json\/wp\/v2\/types\/post"}],"author":[{"embeddable":true,"href":"https:\/\/blogdoeloiltoncajuhy.com.br\/site\/wp-json\/wp\/v2\/users\/2"}],"replies":[{"embeddable":true,"href":"https:\/\/blogdoeloiltoncajuhy.com.br\/site\/wp-json\/wp\/v2\/comments?post=71018"}],"version-history":[{"count":2,"href":"https:\/\/blogdoeloiltoncajuhy.com.br\/site\/wp-json\/wp\/v2\/posts\/71018\/revisions"}],"predecessor-version":[{"id":71022,"href":"https:\/\/blogdoeloiltoncajuhy.com.br\/site\/wp-json\/wp\/v2\/posts\/71018\/revisions\/71022"}],"wp:featuredmedia":[{"embeddable":true,"href":"https:\/\/blogdoeloiltoncajuhy.com.br\/site\/wp-json\/wp\/v2\/media\/71020"}],"wp:attachment":[{"href":"https:\/\/blogdoeloiltoncajuhy.com.br\/site\/wp-json\/wp\/v2\/media?parent=71018"}],"wp:term":[{"taxonomy":"category","embeddable":true,"href":"https:\/\/blogdoeloiltoncajuhy.com.br\/site\/wp-json\/wp\/v2\/categories?post=71018"},{"taxonomy":"post_tag","embeddable":true,"href":"https:\/\/blogdoeloiltoncajuhy.com.br\/site\/wp-json\/wp\/v2\/tags?post=71018"}],"curies":[{"name":"wp","href":"https:\/\/api.w.org\/{rel}","templated":true}]}}