{"id":71016,"date":"2022-12-21T03:00:00","date_gmt":"2022-12-21T06:00:00","guid":{"rendered":"http:\/\/blogdoeloiltoncajuhy.com.br\/site\/?p=71016"},"modified":"2022-12-20T20:22:27","modified_gmt":"2022-12-20T23:22:27","slug":"prf-faz-operacao-de-natal-em-rodovias-baianas-expectativa-e-de-aumento-do-fluxo-de-veiculos","status":"publish","type":"post","link":"https:\/\/blogdoeloiltoncajuhy.com.br\/site\/prf-faz-operacao-de-natal-em-rodovias-baianas-expectativa-e-de-aumento-do-fluxo-de-veiculos\/","title":{"rendered":"PRF faz opera\u00e7\u00e3o de Natal em rodovias baianas; expectativa \u00e9 de aumento do fluxo de ve\u00edculos"},"content":{"rendered":"\n<p class=\"has-text-align-center has-medium-font-size\"><em>A\u00e7\u00e3o ter\u00e1 in\u00edcio na quinta-feira (22) e seguir\u00e1 at\u00e9 23h59 de domingo (25).<\/em><\/p>\n\n\n\n<p><strong>Por g1 BA<\/strong><\/p>\n\n\n\n<figure class=\"wp-block-image aligncenter size-full\"><a href=\"https:\/\/i0.wp.com\/blogdoeloiltoncajuhy.com.br\/site\/wp-content\/uploads\/2022\/03\/PRF_Operacao-Carnaval-2022-01.jpeg\"><img data-recalc-dims=\"1\" fetchpriority=\"high\" decoding=\"async\" width=\"768\" height=\"512\" src=\"https:\/\/i0.wp.com\/blogdoeloiltoncajuhy.com.br\/site\/wp-content\/uploads\/2022\/03\/PRF_Operacao-Carnaval-2022-01.jpeg?resize=768%2C512\" alt=\"\" class=\"wp-image-63274\" srcset=\"https:\/\/i0.wp.com\/blogdoeloiltoncajuhy.com.br\/site\/wp-content\/uploads\/2022\/03\/PRF_Operacao-Carnaval-2022-01.jpeg?w=768&amp;ssl=1 768w, https:\/\/i0.wp.com\/blogdoeloiltoncajuhy.com.br\/site\/wp-content\/uploads\/2022\/03\/PRF_Operacao-Carnaval-2022-01.jpeg?resize=300%2C200&amp;ssl=1 300w\" sizes=\"(max-width: 768px) 100vw, 768px\" \/><\/a><\/figure>\n\n\n\n<p>A Opera\u00e7\u00e3o de Natal da Pol\u00edcia Rodovi\u00e1ria Federal (PRF) ter\u00e1 in\u00edcio na quinta-feira (22) e seguir\u00e1 at\u00e9 23h59 de domingo (25). No per\u00edodo das festas de fim de ano, h\u00e1 um aumento do fluxo de ve\u00edculos nas estradas, e por isso haver\u00e1 refor\u00e7o nas equipes.<\/p>\n\n\n\n<p>Conforme foi informado pela PRF, na BR 324 a expectativa de aumento no tr\u00e1fego \u00e9 de cerca de 22%. A previs\u00e3o \u00e9 que a sexta-feira (23) seja o dia de maior movimenta\u00e7\u00e3o, especialmente das 7h \u00e0s 19h, no sentido Salvador x Feira de Santana. O domingo tamb\u00e9m deve ser movimentado, com hor\u00e1rios de pico das 15h \u00e0s 20h, no mesmo sentido.<\/p>\n\n\n\n<p>O agentes ficar\u00e3o ao longo dos trechos mais movimentados, al\u00e9m daqueles que apresentam maior incid\u00eancia de acidentes graves e de ocorr\u00eancias criminais.<\/p>\n\n\n\n<p>Entre as principais a\u00e7\u00f5es previstas na preven\u00e7\u00e3o de acidentes durante a opera\u00e7\u00e3o, est\u00e3o o enfrentamento \u00e0 embriaguez ao volante, controle da velocidade, fiscaliza\u00e7\u00e3o de ultrapassagens proibidas, uso do cinto de seguran\u00e7a, dispositivos de reten\u00e7\u00e3o para crian\u00e7as e uso de telefone celular.<\/p>\n\n\n\n<figure class=\"wp-block-image aligncenter size-full\"><a href=\"https:\/\/i0.wp.com\/blogdoeloiltoncajuhy.com.br\/site\/wp-content\/uploads\/2020\/12\/PRF_Rodovida-2020_03.jpg\"><img data-recalc-dims=\"1\" decoding=\"async\" width=\"800\" height=\"533\" src=\"https:\/\/i0.wp.com\/blogdoeloiltoncajuhy.com.br\/site\/wp-content\/uploads\/2020\/12\/PRF_Rodovida-2020_03.jpg?resize=800%2C533\" alt=\"\" class=\"wp-image-52357\" srcset=\"https:\/\/i0.wp.com\/blogdoeloiltoncajuhy.com.br\/site\/wp-content\/uploads\/2020\/12\/PRF_Rodovida-2020_03.jpg?w=800&amp;ssl=1 800w, https:\/\/i0.wp.com\/blogdoeloiltoncajuhy.com.br\/site\/wp-content\/uploads\/2020\/12\/PRF_Rodovida-2020_03.jpg?resize=300%2C200&amp;ssl=1 300w, https:\/\/i0.wp.com\/blogdoeloiltoncajuhy.com.br\/site\/wp-content\/uploads\/2020\/12\/PRF_Rodovida-2020_03.jpg?resize=768%2C512&amp;ssl=1 768w\" sizes=\"(max-width: 800px) 100vw, 800px\" \/><\/a><\/figure>\n","protected":false},"excerpt":{"rendered":"<p>A\u00e7\u00e3o ter\u00e1 in\u00edcio na quinta-feira (22) e seguir\u00e1 at\u00e9 23h59 de domingo (25). Por g1 BA A Opera\u00e7\u00e3o de Natal da Pol\u00edcia Rodovi\u00e1ria Federal (PRF) ter\u00e1 in\u00edcio na quinta-feira (22) e seguir\u00e1 at\u00e9 23h59 de domingo (25). No per\u00edodo das festas de fim de ano, h\u00e1 um aumento do fluxo de ve\u00edculos nas estradas, e [&hellip;]<\/p>\n","protected":false},"author":2,"featured_media":52357,"comment_status":"open","ping_status":"open","sticky":false,"template":"","format":"standard","meta":{"_acf_changed":false,"_monsterinsights_skip_tracking":false,"_monsterinsights_sitenote_active":false,"_monsterinsights_sitenote_note":"","_monsterinsights_sitenote_category":0,"_jetpack_memberships_contains_paid_content":false,"footnotes":"","jetpack_publicize_message":"","jetpack_publicize_feature_enabled":true,"jetpack_social_post_already_shared":true,"jetpack_social_options":{"image_generator_settings":{"template":"highway","default_image_id":0,"font":"","enabled":false},"version":2}},"categories":[15],"tags":[],"class_list":["post-71016","post","type-post","status-publish","format-standard","has-post-thumbnail","hentry","category-policia"],"acf":[],"jetpack_publicize_connections":[],"jetpack_featured_media_url":"https:\/\/i0.wp.com\/blogdoeloiltoncajuhy.com.br\/site\/wp-content\/uploads\/2020\/12\/PRF_Rodovida-2020_03.jpg?fit=800%2C533&ssl=1","jetpack_sharing_enabled":true,"publishpress_future_workflow_manual_trigger":{"enabledWorkflows":[]},"_links":{"self":[{"href":"https:\/\/blogdoeloiltoncajuhy.com.br\/site\/wp-json\/wp\/v2\/posts\/71016","targetHints":{"allow":["GET"]}}],"collection":[{"href":"https:\/\/blogdoeloiltoncajuhy.com.br\/site\/wp-json\/wp\/v2\/posts"}],"about":[{"href":"https:\/\/blogdoeloiltoncajuhy.com.br\/site\/wp-json\/wp\/v2\/types\/post"}],"author":[{"embeddable":true,"href":"https:\/\/blogdoeloiltoncajuhy.com.br\/site\/wp-json\/wp\/v2\/users\/2"}],"replies":[{"embeddable":true,"href":"https:\/\/blogdoeloiltoncajuhy.com.br\/site\/wp-json\/wp\/v2\/comments?post=71016"}],"version-history":[{"count":1,"href":"https:\/\/blogdoeloiltoncajuhy.com.br\/site\/wp-json\/wp\/v2\/posts\/71016\/revisions"}],"predecessor-version":[{"id":71017,"href":"https:\/\/blogdoeloiltoncajuhy.com.br\/site\/wp-json\/wp\/v2\/posts\/71016\/revisions\/71017"}],"wp:featuredmedia":[{"embeddable":true,"href":"https:\/\/blogdoeloiltoncajuhy.com.br\/site\/wp-json\/wp\/v2\/media\/52357"}],"wp:attachment":[{"href":"https:\/\/blogdoeloiltoncajuhy.com.br\/site\/wp-json\/wp\/v2\/media?parent=71016"}],"wp:term":[{"taxonomy":"category","embeddable":true,"href":"https:\/\/blogdoeloiltoncajuhy.com.br\/site\/wp-json\/wp\/v2\/categories?post=71016"},{"taxonomy":"post_tag","embeddable":true,"href":"https:\/\/blogdoeloiltoncajuhy.com.br\/site\/wp-json\/wp\/v2\/tags?post=71016"}],"curies":[{"name":"wp","href":"https:\/\/api.w.org\/{rel}","templated":true}]}}