{"id":71008,"date":"2022-12-20T19:27:37","date_gmt":"2022-12-20T22:27:37","guid":{"rendered":"http:\/\/blogdoeloiltoncajuhy.com.br\/site\/?p=71008"},"modified":"2022-12-20T19:30:58","modified_gmt":"2022-12-20T22:30:58","slug":"apos-registros-de-roubos-e-assaltos-pm-anuncia-policiamento-ostensivo-por-tempo-indeterminado-em-igara","status":"publish","type":"post","link":"https:\/\/blogdoeloiltoncajuhy.com.br\/site\/apos-registros-de-roubos-e-assaltos-pm-anuncia-policiamento-ostensivo-por-tempo-indeterminado-em-igara\/","title":{"rendered":"Ap\u00f3s registros de roubos e assaltos, PM anuncia policiamento ostensivo por tempo indeterminado em Igara"},"content":{"rendered":"\n<p><strong>Blog do Eloilton Cajuhy<\/strong><\/p>\n\n\n\n<figure class=\"wp-block-image aligncenter size-large\"><a href=\"https:\/\/i0.wp.com\/blogdoeloiltoncajuhy.com.br\/site\/wp-content\/uploads\/2022\/12\/PM_Policiamento-Igara-20122022.jpg\"><img data-recalc-dims=\"1\" fetchpriority=\"high\" decoding=\"async\" width=\"800\" height=\"602\" src=\"https:\/\/i0.wp.com\/blogdoeloiltoncajuhy.com.br\/site\/wp-content\/uploads\/2022\/12\/PM_Policiamento-Igara-20122022.jpg?resize=800%2C602\" alt=\"\" class=\"wp-image-71009\" srcset=\"https:\/\/i0.wp.com\/blogdoeloiltoncajuhy.com.br\/site\/wp-content\/uploads\/2022\/12\/PM_Policiamento-Igara-20122022.jpg?resize=1024%2C770&amp;ssl=1 1024w, https:\/\/i0.wp.com\/blogdoeloiltoncajuhy.com.br\/site\/wp-content\/uploads\/2022\/12\/PM_Policiamento-Igara-20122022.jpg?resize=300%2C226&amp;ssl=1 300w, https:\/\/i0.wp.com\/blogdoeloiltoncajuhy.com.br\/site\/wp-content\/uploads\/2022\/12\/PM_Policiamento-Igara-20122022.jpg?resize=768%2C578&amp;ssl=1 768w, https:\/\/i0.wp.com\/blogdoeloiltoncajuhy.com.br\/site\/wp-content\/uploads\/2022\/12\/PM_Policiamento-Igara-20122022.jpg?w=1280&amp;ssl=1 1280w\" sizes=\"(max-width: 800px) 100vw, 800px\" \/><\/a><\/figure>\n\n\n\n<p>Depois de v\u00e1rios registros de assaltos e outros crimes no Distrito de Igara, interior de Senhor do Bonfim, a Pol\u00edcia Militar est\u00e1 anunciando refor\u00e7o do policiamento ostensivo com a\u00e7\u00f5es por tempo indeterminado naquela localidade.<\/p>\n\n\n\n<p>A informa\u00e7\u00e3o \u00e9 do Comando do 6\u00ba Batalh\u00e3o de Pol\u00edcia Militar, atrav\u00e9s do Major PM Flailton Oliveira, comandante em exerc\u00edcio. Segundo o oficial, nesta ter\u00e7a-feira (20) as a\u00e7\u00f5es tiveram in\u00edcio \u00e0s 08h com blitz e abordagens preventivas em bares, pessoas e ve\u00edculos, ao longo de todo o distrito.<\/p>\n\n\n\n<p>Ele pontuou que &#8220;as a\u00e7\u00f5es de policiamento ostensivo no Distrito de Igara n\u00e3o t\u00eam data para encerrar e continuar\u00e3o fortes e incisivas, com o fiel compromisso de manter a ordem e a paz social a todos os habitantes da localidade&#8221;, e que &#8220;o crime n\u00e3o prosperar\u00e1 naquela comunidade&#8221;.<\/p>\n\n\n\n<p>A popula\u00e7\u00e3o de Igara vinha apelando pelas redes sociais e atrav\u00e9s da imprensa, por mais policiamento para o local, diante do registro de assaltos, roubos, homic\u00eddios e outros crimes que vinham ocorrendo na localidade. Esta resposta da PM, embora um pouco tarde, representa um al\u00edvio para os moradores que viviam assustados com a crescente viol\u00eancia no distrito.<\/p>\n","protected":false},"excerpt":{"rendered":"<p>Blog do Eloilton Cajuhy Depois de v\u00e1rios registros de assaltos e outros crimes no Distrito de Igara, interior de Senhor do Bonfim, a Pol\u00edcia Militar est\u00e1 anunciando refor\u00e7o do policiamento ostensivo com a\u00e7\u00f5es por tempo indeterminado naquela localidade. A informa\u00e7\u00e3o \u00e9 do Comando do 6\u00ba Batalh\u00e3o de Pol\u00edcia Militar, atrav\u00e9s do Major PM Flailton Oliveira, [&hellip;]<\/p>\n","protected":false},"author":2,"featured_media":71011,"comment_status":"open","ping_status":"open","sticky":false,"template":"","format":"standard","meta":{"_acf_changed":false,"_monsterinsights_skip_tracking":false,"_monsterinsights_sitenote_active":false,"_monsterinsights_sitenote_note":"","_monsterinsights_sitenote_category":0,"_jetpack_memberships_contains_paid_content":false,"footnotes":"","jetpack_publicize_message":"","jetpack_publicize_feature_enabled":true,"jetpack_social_post_already_shared":true,"jetpack_social_options":{"image_generator_settings":{"template":"highway","default_image_id":0,"font":"","enabled":false},"version":2}},"categories":[15],"tags":[],"class_list":["post-71008","post","type-post","status-publish","format-standard","has-post-thumbnail","hentry","category-policia"],"acf":[],"jetpack_publicize_connections":[],"jetpack_featured_media_url":"https:\/\/i0.wp.com\/blogdoeloiltoncajuhy.com.br\/site\/wp-content\/uploads\/2022\/12\/PM_Policiamento-Igara-20122022-Destaque.jpg?fit=898%2C675&ssl=1","jetpack_sharing_enabled":true,"publishpress_future_workflow_manual_trigger":{"enabledWorkflows":[]},"_links":{"self":[{"href":"https:\/\/blogdoeloiltoncajuhy.com.br\/site\/wp-json\/wp\/v2\/posts\/71008","targetHints":{"allow":["GET"]}}],"collection":[{"href":"https:\/\/blogdoeloiltoncajuhy.com.br\/site\/wp-json\/wp\/v2\/posts"}],"about":[{"href":"https:\/\/blogdoeloiltoncajuhy.com.br\/site\/wp-json\/wp\/v2\/types\/post"}],"author":[{"embeddable":true,"href":"https:\/\/blogdoeloiltoncajuhy.com.br\/site\/wp-json\/wp\/v2\/users\/2"}],"replies":[{"embeddable":true,"href":"https:\/\/blogdoeloiltoncajuhy.com.br\/site\/wp-json\/wp\/v2\/comments?post=71008"}],"version-history":[{"count":1,"href":"https:\/\/blogdoeloiltoncajuhy.com.br\/site\/wp-json\/wp\/v2\/posts\/71008\/revisions"}],"predecessor-version":[{"id":71010,"href":"https:\/\/blogdoeloiltoncajuhy.com.br\/site\/wp-json\/wp\/v2\/posts\/71008\/revisions\/71010"}],"wp:featuredmedia":[{"embeddable":true,"href":"https:\/\/blogdoeloiltoncajuhy.com.br\/site\/wp-json\/wp\/v2\/media\/71011"}],"wp:attachment":[{"href":"https:\/\/blogdoeloiltoncajuhy.com.br\/site\/wp-json\/wp\/v2\/media?parent=71008"}],"wp:term":[{"taxonomy":"category","embeddable":true,"href":"https:\/\/blogdoeloiltoncajuhy.com.br\/site\/wp-json\/wp\/v2\/categories?post=71008"},{"taxonomy":"post_tag","embeddable":true,"href":"https:\/\/blogdoeloiltoncajuhy.com.br\/site\/wp-json\/wp\/v2\/tags?post=71008"}],"curies":[{"name":"wp","href":"https:\/\/api.w.org\/{rel}","templated":true}]}}