{"id":71006,"date":"2022-12-20T17:40:17","date_gmt":"2022-12-20T20:40:17","guid":{"rendered":"http:\/\/blogdoeloiltoncajuhy.com.br\/site\/?p=71006"},"modified":"2022-12-20T17:40:21","modified_gmt":"2022-12-20T20:40:21","slug":"ministerio-publico-da-bahia-lanca-edital-de-concurso-publico-com-vagas-para-nivel-medio-e-superior-veja-cargos","status":"publish","type":"post","link":"https:\/\/blogdoeloiltoncajuhy.com.br\/site\/ministerio-publico-da-bahia-lanca-edital-de-concurso-publico-com-vagas-para-nivel-medio-e-superior-veja-cargos\/","title":{"rendered":"Minist\u00e9rio P\u00fablico da Bahia lan\u00e7a edital de concurso p\u00fablico com vagas para n\u00edvel m\u00e9dio e superior; veja cargos"},"content":{"rendered":"\n<p class=\"has-text-align-center has-medium-font-size\"><em>Inscri\u00e7\u00f5es podem ser feitas a partir de sexta-feira (23) at\u00e9 6 de fevereiro, atrav\u00e9s da internet.<\/em><\/p>\n\n\n\n<p><strong>Por g1 BA<\/strong><\/p>\n\n\n\n<figure class=\"wp-block-image aligncenter size-full\"><a href=\"https:\/\/i0.wp.com\/blogdoeloiltoncajuhy.com.br\/site\/wp-content\/uploads\/2019\/05\/MP-BA.jpg\"><img data-recalc-dims=\"1\" fetchpriority=\"high\" decoding=\"async\" width=\"800\" height=\"600\" src=\"https:\/\/i0.wp.com\/blogdoeloiltoncajuhy.com.br\/site\/wp-content\/uploads\/2019\/05\/MP-BA.jpg?resize=800%2C600\" alt=\"\" class=\"wp-image-34212\" srcset=\"https:\/\/i0.wp.com\/blogdoeloiltoncajuhy.com.br\/site\/wp-content\/uploads\/2019\/05\/MP-BA.jpg?w=984&amp;ssl=1 984w, https:\/\/i0.wp.com\/blogdoeloiltoncajuhy.com.br\/site\/wp-content\/uploads\/2019\/05\/MP-BA.jpg?resize=300%2C225&amp;ssl=1 300w, https:\/\/i0.wp.com\/blogdoeloiltoncajuhy.com.br\/site\/wp-content\/uploads\/2019\/05\/MP-BA.jpg?resize=768%2C576&amp;ssl=1 768w, https:\/\/i0.wp.com\/blogdoeloiltoncajuhy.com.br\/site\/wp-content\/uploads\/2019\/05\/MP-BA.jpg?resize=250%2C188&amp;ssl=1 250w\" sizes=\"(max-width: 800px) 100vw, 800px\" \/><\/a><\/figure>\n\n\n\n<p>O Minist\u00e9rio P\u00fablico da Bahia (MP-BA) publicou o edital para o sexto concurso p\u00fablico de servidores para forma\u00e7\u00e3o de cadastro reserva para os cargos de assistente t\u00e9cnico-administrativo e 13 vagas para o cargo de analista t\u00e9cnico de n\u00edvel superior.<\/p>\n\n\n\n<p>As inscri\u00e7\u00f5es podem ser feitas a partir das 16h de sexta-feira (23), at\u00e9 as 16h do dia 6 de fevereiro, atrav\u00e9s da <a href=\"http:\/\/www.institutoconsulplan.org.br\/\" target=\"_blank\" rel=\"noreferrer noopener\">internet.<\/a><\/p>\n\n\n\n<p>Pela primeira vez, o candidato poder\u00e1 fazer a op\u00e7\u00e3o para qual regi\u00e3o do interior do estado ir\u00e1 concorrer. Al\u00e9m da capital, h\u00e1 mais seis regi\u00f5es que poder\u00e3o ser conferidas no edital.<\/p>\n\n\n\n<p>A lota\u00e7\u00e3o do candidato aprovado e convocado obedecer\u00e1 a op\u00e7\u00e3o escolhida no ato de inscri\u00e7\u00e3o quanto \u00e0 regi\u00e3o de concorr\u00eancia, podendo ser lotado em quaisquer dos munic\u00edpios abrangidos pela respectiva regi\u00e3o.<\/p>\n\n\n\n<p>Nos cargos de n\u00edvel superior, h\u00e1 vagas para os cursos de Pedagogia; Psicologia; Servi\u00e7o Social; An\u00e1lise de Sistemas, Ci\u00eancia da Computa\u00e7\u00e3o, Engenharia da Computa\u00e7\u00e3o ou Sistemas de Informa\u00e7\u00e3o; Publicidade e Propaganda; Estat\u00edstica; Engenharia Civil; Arquitetura; Engenharia Sanit\u00e1ria, Engenharia Ambiental, Engenharia Florestal ou Ci\u00eancias Biol\u00f3gicas; e Ci\u00eancias Cont\u00e1beis.<\/p>\n\n\n\n<p>As provas est\u00e3o previstas para serem aplicadas no dia 5 de mar\u00e7o. O concurso ter\u00e1 prazo de validade de 18 meses, contados a partir da data de homologa\u00e7\u00e3o, podendo ser prorrogado por igual per\u00edodo, a crit\u00e9rio do MP-BA.<\/p>\n","protected":false},"excerpt":{"rendered":"<p>Inscri\u00e7\u00f5es podem ser feitas a partir de sexta-feira (23) at\u00e9 6 de fevereiro, atrav\u00e9s da internet. Por g1 BA O Minist\u00e9rio P\u00fablico da Bahia (MP-BA) publicou o edital para o sexto concurso p\u00fablico de servidores para forma\u00e7\u00e3o de cadastro reserva para os cargos de assistente t\u00e9cnico-administrativo e 13 vagas para o cargo de analista t\u00e9cnico [&hellip;]<\/p>\n","protected":false},"author":2,"featured_media":27861,"comment_status":"open","ping_status":"open","sticky":false,"template":"","format":"standard","meta":{"_acf_changed":false,"_monsterinsights_skip_tracking":false,"_monsterinsights_sitenote_active":false,"_monsterinsights_sitenote_note":"","_monsterinsights_sitenote_category":0,"_jetpack_memberships_contains_paid_content":false,"footnotes":"","jetpack_publicize_message":"","jetpack_publicize_feature_enabled":true,"jetpack_social_post_already_shared":true,"jetpack_social_options":{"image_generator_settings":{"template":"highway","default_image_id":0,"font":"","enabled":false},"version":2}},"categories":[1],"tags":[],"class_list":["post-71006","post","type-post","status-publish","format-standard","has-post-thumbnail","hentry","category-noticias"],"acf":[],"jetpack_publicize_connections":[],"jetpack_featured_media_url":"https:\/\/i0.wp.com\/blogdoeloiltoncajuhy.com.br\/site\/wp-content\/uploads\/2018\/09\/MP-BA.jpg?fit=380%2C280&ssl=1","jetpack_sharing_enabled":true,"publishpress_future_workflow_manual_trigger":{"enabledWorkflows":[]},"_links":{"self":[{"href":"https:\/\/blogdoeloiltoncajuhy.com.br\/site\/wp-json\/wp\/v2\/posts\/71006","targetHints":{"allow":["GET"]}}],"collection":[{"href":"https:\/\/blogdoeloiltoncajuhy.com.br\/site\/wp-json\/wp\/v2\/posts"}],"about":[{"href":"https:\/\/blogdoeloiltoncajuhy.com.br\/site\/wp-json\/wp\/v2\/types\/post"}],"author":[{"embeddable":true,"href":"https:\/\/blogdoeloiltoncajuhy.com.br\/site\/wp-json\/wp\/v2\/users\/2"}],"replies":[{"embeddable":true,"href":"https:\/\/blogdoeloiltoncajuhy.com.br\/site\/wp-json\/wp\/v2\/comments?post=71006"}],"version-history":[{"count":1,"href":"https:\/\/blogdoeloiltoncajuhy.com.br\/site\/wp-json\/wp\/v2\/posts\/71006\/revisions"}],"predecessor-version":[{"id":71007,"href":"https:\/\/blogdoeloiltoncajuhy.com.br\/site\/wp-json\/wp\/v2\/posts\/71006\/revisions\/71007"}],"wp:featuredmedia":[{"embeddable":true,"href":"https:\/\/blogdoeloiltoncajuhy.com.br\/site\/wp-json\/wp\/v2\/media\/27861"}],"wp:attachment":[{"href":"https:\/\/blogdoeloiltoncajuhy.com.br\/site\/wp-json\/wp\/v2\/media?parent=71006"}],"wp:term":[{"taxonomy":"category","embeddable":true,"href":"https:\/\/blogdoeloiltoncajuhy.com.br\/site\/wp-json\/wp\/v2\/categories?post=71006"},{"taxonomy":"post_tag","embeddable":true,"href":"https:\/\/blogdoeloiltoncajuhy.com.br\/site\/wp-json\/wp\/v2\/tags?post=71006"}],"curies":[{"name":"wp","href":"https:\/\/api.w.org\/{rel}","templated":true}]}}