{"id":71004,"date":"2022-12-21T00:15:00","date_gmt":"2022-12-21T03:15:00","guid":{"rendered":"http:\/\/blogdoeloiltoncajuhy.com.br\/site\/?p=71004"},"modified":"2022-12-20T17:35:11","modified_gmt":"2022-12-20T20:35:11","slug":"com-varias-cancoes-gravadas-por-diversos-artistas-cantor-e-compositor-baiano-elomar-completa-85-anos","status":"publish","type":"post","link":"https:\/\/blogdoeloiltoncajuhy.com.br\/site\/com-varias-cancoes-gravadas-por-diversos-artistas-cantor-e-compositor-baiano-elomar-completa-85-anos\/","title":{"rendered":"Com v\u00e1rias can\u00e7\u00f5es gravadas por diversos artistas, cantor e compositor baiano Elomar completa 85 anos"},"content":{"rendered":"\n<p><strong>Por Wikip\u00e9dia<\/strong><\/p>\n\n\n\n<figure class=\"wp-block-image aligncenter size-full\"><a href=\"https:\/\/i0.wp.com\/blogdoeloiltoncajuhy.com.br\/site\/wp-content\/uploads\/2022\/03\/Elomar-13032022-02.png\"><img data-recalc-dims=\"1\" fetchpriority=\"high\" decoding=\"async\" width=\"800\" height=\"604\" src=\"https:\/\/i0.wp.com\/blogdoeloiltoncajuhy.com.br\/site\/wp-content\/uploads\/2022\/03\/Elomar-13032022-02.png?resize=800%2C604\" alt=\"\" class=\"wp-image-63496\" srcset=\"https:\/\/i0.wp.com\/blogdoeloiltoncajuhy.com.br\/site\/wp-content\/uploads\/2022\/03\/Elomar-13032022-02.png?w=807&amp;ssl=1 807w, https:\/\/i0.wp.com\/blogdoeloiltoncajuhy.com.br\/site\/wp-content\/uploads\/2022\/03\/Elomar-13032022-02.png?resize=300%2C226&amp;ssl=1 300w, https:\/\/i0.wp.com\/blogdoeloiltoncajuhy.com.br\/site\/wp-content\/uploads\/2022\/03\/Elomar-13032022-02.png?resize=768%2C580&amp;ssl=1 768w\" sizes=\"(max-width: 800px) 100vw, 800px\" \/><\/a><\/figure>\n\n\n\n<p><strong>Elomar Figueira Mello<\/strong> nasceu em Vit\u00f3ria da Conquista, em 21 de dezembro de 1937. \u00c9 compositor, escritor, violonista e cantor brasileiro. As can\u00e7\u00f5es de Elomar j\u00e1 foram regravadas e interpretadas por diversos m\u00fasicos, tais como Raimundo Fagner, Elba Ramalho, Xangai, Teca Calazans, dentre outros.<\/p>\n\n\n\n<p>Sua obra \u00e9 marcada por temas, na maior parte das vezes, vinculados ao imagin\u00e1rio rural do sertanejo nordestino, ainda que com elementos medievais, crist\u00e3os e ib\u00e9ricos. A obra de Elomar vem sendo objeto de amplos estudos lingu\u00edsticos, antropol\u00f3gicos e musicais.<\/p>\n\n\n\n<p>Elomar prefere viver a maior parte do seu tempo nas suas fazendas. A Fazenda Gameleira, que ele chama de Casa dos Carneiros, imortalizada na m\u00fasica Cantiga do Amigo, est\u00e1 a 22 Km de Vit\u00f3ria da Conquista, na Fazenda Duas Passagens que se localiza na bacia do Rio Gavi\u00e3o e na Fazenda Lagoa dos Patos, na Chapada Diamantina.<\/p>\n\n\n\n<p>Elomar, assim como Glauber Rocha e Xangai, \u00e9 descendente direto do Bandeirante e Sertanista Jo\u00e3o Gon\u00e7alves da Costa, fundador em 1783 do Arraial da Conquista, hoje a cidade de Vit\u00f3ria da Conquista.<\/p>\n\n\n\n<p>Depois que gravou seu primeiro disco, <em>\u2026Das Barrancas do Rio Gavi\u00e3o<\/em>, passou a investir mais na sua carreira musical, bastante influenciada pela tradi\u00e7\u00e3o ib\u00e9rica e \u00e1rabe que a coloniza\u00e7\u00e3o portuguesa levou ao nordeste brasileiro, mas foi s\u00f3 no final dos anos 1970 e in\u00edcio dos anos 80 que passou a dedicar-se \u00e0 peregrina\u00e7\u00e3o pelos teatros do pa\u00eds, de palco em palco, tocando e interpretando o seu cancioneiro e trechos do que viriam a ser suas composi\u00e7\u00f5es de formato erudito, como autos.<\/p>\n\n\n\n<p class=\"has-black-color has-text-color\"><strong>BLOG DO ELOILTON CAJUHY<\/strong> &#8211; No in\u00edcio deste ano, Elomar contraiu a Covid-19 e ficou mais de um m\u00eas internado em um hospital de Vit\u00f3ria da Conquista. Ele recebeu alta no dia 24 de mar\u00e7o.<\/p>\n","protected":false},"excerpt":{"rendered":"<p>Por Wikip\u00e9dia Elomar Figueira Mello nasceu em Vit\u00f3ria da Conquista, em 21 de dezembro de 1937. \u00c9 compositor, escritor, violonista e cantor brasileiro. As can\u00e7\u00f5es de Elomar j\u00e1 foram regravadas e interpretadas por diversos m\u00fasicos, tais como Raimundo Fagner, Elba Ramalho, Xangai, Teca Calazans, dentre outros. Sua obra \u00e9 marcada por temas, na maior parte [&hellip;]<\/p>\n","protected":false},"author":2,"featured_media":63495,"comment_status":"open","ping_status":"open","sticky":false,"template":"","format":"standard","meta":{"_acf_changed":false,"_monsterinsights_skip_tracking":false,"_monsterinsights_sitenote_active":false,"_monsterinsights_sitenote_note":"","_monsterinsights_sitenote_category":0,"_jetpack_memberships_contains_paid_content":false,"footnotes":"","jetpack_publicize_message":"","jetpack_publicize_feature_enabled":true,"jetpack_social_post_already_shared":true,"jetpack_social_options":{"image_generator_settings":{"template":"highway","default_image_id":0,"font":"","enabled":false},"version":2}},"categories":[12],"tags":[],"class_list":["post-71004","post","type-post","status-publish","format-standard","has-post-thumbnail","hentry","category-gente-que-faz-a-nossa-historia"],"acf":[],"jetpack_publicize_connections":[],"jetpack_featured_media_url":"https:\/\/i0.wp.com\/blogdoeloiltoncajuhy.com.br\/site\/wp-content\/uploads\/2022\/03\/Elomar-13032022-01.png?fit=804%2C628&ssl=1","jetpack_sharing_enabled":true,"publishpress_future_workflow_manual_trigger":{"enabledWorkflows":[]},"_links":{"self":[{"href":"https:\/\/blogdoeloiltoncajuhy.com.br\/site\/wp-json\/wp\/v2\/posts\/71004","targetHints":{"allow":["GET"]}}],"collection":[{"href":"https:\/\/blogdoeloiltoncajuhy.com.br\/site\/wp-json\/wp\/v2\/posts"}],"about":[{"href":"https:\/\/blogdoeloiltoncajuhy.com.br\/site\/wp-json\/wp\/v2\/types\/post"}],"author":[{"embeddable":true,"href":"https:\/\/blogdoeloiltoncajuhy.com.br\/site\/wp-json\/wp\/v2\/users\/2"}],"replies":[{"embeddable":true,"href":"https:\/\/blogdoeloiltoncajuhy.com.br\/site\/wp-json\/wp\/v2\/comments?post=71004"}],"version-history":[{"count":1,"href":"https:\/\/blogdoeloiltoncajuhy.com.br\/site\/wp-json\/wp\/v2\/posts\/71004\/revisions"}],"predecessor-version":[{"id":71005,"href":"https:\/\/blogdoeloiltoncajuhy.com.br\/site\/wp-json\/wp\/v2\/posts\/71004\/revisions\/71005"}],"wp:featuredmedia":[{"embeddable":true,"href":"https:\/\/blogdoeloiltoncajuhy.com.br\/site\/wp-json\/wp\/v2\/media\/63495"}],"wp:attachment":[{"href":"https:\/\/blogdoeloiltoncajuhy.com.br\/site\/wp-json\/wp\/v2\/media?parent=71004"}],"wp:term":[{"taxonomy":"category","embeddable":true,"href":"https:\/\/blogdoeloiltoncajuhy.com.br\/site\/wp-json\/wp\/v2\/categories?post=71004"},{"taxonomy":"post_tag","embeddable":true,"href":"https:\/\/blogdoeloiltoncajuhy.com.br\/site\/wp-json\/wp\/v2\/tags?post=71004"}],"curies":[{"name":"wp","href":"https:\/\/api.w.org\/{rel}","templated":true}]}}