{"id":70993,"date":"2022-12-20T08:40:46","date_gmt":"2022-12-20T11:40:46","guid":{"rendered":"http:\/\/blogdoeloiltoncajuhy.com.br\/site\/?p=70993"},"modified":"2022-12-20T08:40:49","modified_gmt":"2022-12-20T11:40:49","slug":"pgr-pede-suspensao-do-porte-e-apreensao-de-arma-de-carla-zambelli","status":"publish","type":"post","link":"https:\/\/blogdoeloiltoncajuhy.com.br\/site\/pgr-pede-suspensao-do-porte-e-apreensao-de-arma-de-carla-zambelli\/","title":{"rendered":"PGR pede suspens\u00e3o do porte e apreens\u00e3o de arma de Carla Zambelli"},"content":{"rendered":"\n<p class=\"has-text-align-center has-medium-font-size\"><em>Deputada bolsonarista sacou uma arma, apontou para um homem e o perseguiu armada nos Jardins, \u00e1rea nobre de S\u00e3o Paulo, na v\u00e9spera das elei\u00e7\u00f5es.<\/em><\/p>\n\n\n\n<p><strong>Por Rosanne D&#8217;Agostino, g1<\/strong> \u2014 Bras\u00edlia<\/p>\n\n\n\n<figure class=\"wp-block-image aligncenter size-full\"><a href=\"https:\/\/i0.wp.com\/blogdoeloiltoncajuhy.com.br\/site\/wp-content\/uploads\/2022\/12\/Carla-Zambelli-20122022.jpg\"><img data-recalc-dims=\"1\" fetchpriority=\"high\" decoding=\"async\" width=\"675\" height=\"450\" src=\"https:\/\/i0.wp.com\/blogdoeloiltoncajuhy.com.br\/site\/wp-content\/uploads\/2022\/12\/Carla-Zambelli-20122022.jpg?resize=675%2C450\" alt=\"\" class=\"wp-image-70994\" srcset=\"https:\/\/i0.wp.com\/blogdoeloiltoncajuhy.com.br\/site\/wp-content\/uploads\/2022\/12\/Carla-Zambelli-20122022.jpg?w=675&amp;ssl=1 675w, https:\/\/i0.wp.com\/blogdoeloiltoncajuhy.com.br\/site\/wp-content\/uploads\/2022\/12\/Carla-Zambelli-20122022.jpg?resize=300%2C200&amp;ssl=1 300w\" sizes=\"(max-width: 675px) 100vw, 675px\" \/><\/a><\/figure>\n\n\n\n<p>A vice-procuradora-geral da Rep\u00fablica, Lind\u00f4ra Ara\u00fajo, pediu nesta segunda-feira (19) ao Supremo Tribunal Federal (STF) a suspens\u00e3o do porte e a apreens\u00e3o da arma e das muni\u00e7\u00f5es da deputada federal Carla Zambelli (PL).<\/p>\n\n\n\n<p>O pedido foi feito no caso em que a deputada bolsonarista sacou uma arma, apontou para um homem e o perseguiu armada nos Jardins, \u00e1rea nobre de S\u00e3o Paulo, na v\u00e9spera das elei\u00e7\u00f5es. O relator \u00e9 o ministro Gilmar Mendes. N\u00e3o h\u00e1 prazo para decis\u00e3o.<\/p>\n\n\n\n<p>A PGR afirma que as medidas cautelares s\u00e3o necess\u00e1rias diante do delito de porte ilegal de arma e para evitar a &#8220;pr\u00e1tica de infra\u00e7\u00f5es penais&#8221; dessa natureza.<\/p>\n\n\n\n<p>Segundo a vice-procuradora-geral, \u201co tensionamento pol\u00edtico atual, a iminente transi\u00e7\u00e3o pac\u00edfica de poder e o porte indevido da arma de fogo para suposto exerc\u00edcio do direito de defesa da honra revelam que a suspens\u00e3o cautelar do porte e a apreens\u00e3o da arma de fogo s\u00e3o medidas suficientes para coibir a reitera\u00e7\u00e3o do delito investigado e resguardar a ordem p\u00fablica\u201d.<\/p>\n\n\n\n<p class=\"has-black-color has-text-color has-medium-font-size\"><strong>Sem julgamento<\/strong><\/p>\n\n\n\n<p>A PGR requer ainda que seja dado prazo de 60 dias para que seja elaborado um acordo de n\u00e3o-persecu\u00e7\u00e3o penal.<\/p>\n\n\n\n<p>A medida \u00e9 utilizada em casos de crimes com penas de at\u00e9 4 anos de reclus\u00e3o. Por meio dela, se o acusado confessar a pr\u00e1tica do delito ainda durante a fase inicial de investiga\u00e7\u00e3o policial, ele deixa de responder a processo e n\u00e3o \u00e9 julgado, n\u00e3o correndo o risco de ser preso.<\/p>\n\n\n\n<p>O acordo s\u00f3 vale em caso de crimes que tenham sido cometidos sem viol\u00eancia. A PGR entendeu que Zambelli n\u00e3o pode ser denunciada por amea\u00e7a, pois para tanto \u00e9 necess\u00e1ria uma representa\u00e7\u00e3o da v\u00edtima, o que n\u00e3o foi feito.<\/p>\n\n\n\n<p>Em novembro, Zambelli prestou depoimento. Segundo a assessoria da parlamentar, ela explicou porque sacou a arma e defendeu que a conduta n\u00e3o se revestiu de nenhuma ilegalidade.<\/p>\n\n\n\n<p>A deputada teria dito que estava acompanhada do filho e que, no dia anterior aos fatos, teve seu n\u00famero de telefone divulgado em redes sociais, tendo recebido in\u00fameras mensagens com amea\u00e7as de morte e xingamentos.<\/p>\n","protected":false},"excerpt":{"rendered":"<p>Deputada bolsonarista sacou uma arma, apontou para um homem e o perseguiu armada nos Jardins, \u00e1rea nobre de S\u00e3o Paulo, na v\u00e9spera das elei\u00e7\u00f5es. Por Rosanne D&#8217;Agostino, g1 \u2014 Bras\u00edlia A vice-procuradora-geral da Rep\u00fablica, Lind\u00f4ra Ara\u00fajo, pediu nesta segunda-feira (19) ao Supremo Tribunal Federal (STF) a suspens\u00e3o do porte e a apreens\u00e3o da arma e [&hellip;]<\/p>\n","protected":false},"author":2,"featured_media":70994,"comment_status":"open","ping_status":"open","sticky":false,"template":"","format":"standard","meta":{"_acf_changed":false,"_monsterinsights_skip_tracking":false,"_monsterinsights_sitenote_active":false,"_monsterinsights_sitenote_note":"","_monsterinsights_sitenote_category":0,"_jetpack_memberships_contains_paid_content":false,"footnotes":"","jetpack_publicize_message":"","jetpack_publicize_feature_enabled":true,"jetpack_social_post_already_shared":true,"jetpack_social_options":{"image_generator_settings":{"template":"highway","default_image_id":0,"font":"","enabled":false},"version":2}},"categories":[3],"tags":[],"class_list":["post-70993","post","type-post","status-publish","format-standard","has-post-thumbnail","hentry","category-politica"],"acf":[],"jetpack_publicize_connections":[],"jetpack_featured_media_url":"https:\/\/i0.wp.com\/blogdoeloiltoncajuhy.com.br\/site\/wp-content\/uploads\/2022\/12\/Carla-Zambelli-20122022.jpg?fit=675%2C450&ssl=1","jetpack_sharing_enabled":true,"publishpress_future_workflow_manual_trigger":{"enabledWorkflows":[]},"_links":{"self":[{"href":"https:\/\/blogdoeloiltoncajuhy.com.br\/site\/wp-json\/wp\/v2\/posts\/70993","targetHints":{"allow":["GET"]}}],"collection":[{"href":"https:\/\/blogdoeloiltoncajuhy.com.br\/site\/wp-json\/wp\/v2\/posts"}],"about":[{"href":"https:\/\/blogdoeloiltoncajuhy.com.br\/site\/wp-json\/wp\/v2\/types\/post"}],"author":[{"embeddable":true,"href":"https:\/\/blogdoeloiltoncajuhy.com.br\/site\/wp-json\/wp\/v2\/users\/2"}],"replies":[{"embeddable":true,"href":"https:\/\/blogdoeloiltoncajuhy.com.br\/site\/wp-json\/wp\/v2\/comments?post=70993"}],"version-history":[{"count":1,"href":"https:\/\/blogdoeloiltoncajuhy.com.br\/site\/wp-json\/wp\/v2\/posts\/70993\/revisions"}],"predecessor-version":[{"id":70995,"href":"https:\/\/blogdoeloiltoncajuhy.com.br\/site\/wp-json\/wp\/v2\/posts\/70993\/revisions\/70995"}],"wp:featuredmedia":[{"embeddable":true,"href":"https:\/\/blogdoeloiltoncajuhy.com.br\/site\/wp-json\/wp\/v2\/media\/70994"}],"wp:attachment":[{"href":"https:\/\/blogdoeloiltoncajuhy.com.br\/site\/wp-json\/wp\/v2\/media?parent=70993"}],"wp:term":[{"taxonomy":"category","embeddable":true,"href":"https:\/\/blogdoeloiltoncajuhy.com.br\/site\/wp-json\/wp\/v2\/categories?post=70993"},{"taxonomy":"post_tag","embeddable":true,"href":"https:\/\/blogdoeloiltoncajuhy.com.br\/site\/wp-json\/wp\/v2\/tags?post=70993"}],"curies":[{"name":"wp","href":"https:\/\/api.w.org\/{rel}","templated":true}]}}