{"id":70984,"date":"2022-12-20T04:00:00","date_gmt":"2022-12-20T07:00:00","guid":{"rendered":"http:\/\/blogdoeloiltoncajuhy.com.br\/site\/?p=70984"},"modified":"2022-12-19T20:03:45","modified_gmt":"2022-12-19T23:03:45","slug":"matricula-na-rede-estadual-de-ensino-da-bahia-sera-entre-16-e-24-de-janeiro-de-2023-veja-como-fazer","status":"publish","type":"post","link":"https:\/\/blogdoeloiltoncajuhy.com.br\/site\/matricula-na-rede-estadual-de-ensino-da-bahia-sera-entre-16-e-24-de-janeiro-de-2023-veja-como-fazer\/","title":{"rendered":"Matr\u00edcula na rede estadual de ensino da Bahia ser\u00e1 entre 16 e 24 de janeiro de 2023; veja como fazer"},"content":{"rendered":"\n<p class=\"has-text-align-center has-medium-font-size\"><em>Normas e procedimentos de matr\u00edcula para pessoas com defici\u00eancia e transfer\u00eancia de estudantes tamb\u00e9m foram divulgados.<\/em><\/p>\n\n\n\n<p><strong>Por g1 BA<\/strong><\/p>\n\n\n\n<figure class=\"wp-block-image aligncenter size-full\"><a href=\"https:\/\/i0.wp.com\/blogdoeloiltoncajuhy.com.br\/site\/wp-content\/uploads\/2021\/06\/Sala-de-aula-na-rede-estadual.jpg\"><img data-recalc-dims=\"1\" fetchpriority=\"high\" decoding=\"async\" width=\"768\" height=\"512\" src=\"https:\/\/i0.wp.com\/blogdoeloiltoncajuhy.com.br\/site\/wp-content\/uploads\/2021\/06\/Sala-de-aula-na-rede-estadual.jpg?resize=768%2C512\" alt=\"\" class=\"wp-image-57301\" srcset=\"https:\/\/i0.wp.com\/blogdoeloiltoncajuhy.com.br\/site\/wp-content\/uploads\/2021\/06\/Sala-de-aula-na-rede-estadual.jpg?w=768&amp;ssl=1 768w, https:\/\/i0.wp.com\/blogdoeloiltoncajuhy.com.br\/site\/wp-content\/uploads\/2021\/06\/Sala-de-aula-na-rede-estadual.jpg?resize=300%2C200&amp;ssl=1 300w\" sizes=\"(max-width: 768px) 100vw, 768px\" \/><\/a><\/figure>\n\n\n\n<p>A Secretaria da Educa\u00e7\u00e3o do Estado da Bahia (SEC) divulgou o cronograma de matr\u00edcula para o ano letivo 2023 nesta segunda-feira (19). O processo de matr\u00edcula come\u00e7a para as Pessoas com Defici\u00eancia (PcD), no dia 16 de janeiro, <a href=\"https:\/\/sigeduc.educacao.ba.gov.br\/\" target=\"_blank\" rel=\"noreferrer noopener\">via internet<\/a> ou em qualquer unidade escolar da rede estadual.<\/p>\n\n\n\n<p>O governo tamb\u00e9m divulgou as normas e os procedimentos de matr\u00edcula para Pessoas com Defici\u00eancia (PcD), transfer\u00eancia de estudantes entre unidades escolares da rede estadual, matr\u00edcula de estudantes oriundos das redes municipais e novos estudantes da Educa\u00e7\u00e3o B\u00e1sica nas unidades escolares da rede estadual de ensino.<\/p>\n\n\n\n<p>J\u00e1 o estudante que pretende se transferir para outra unidade escolar da rede estadual, dever\u00e1 solicitar, no dia 17 de janeiro, a sua transfer\u00eancia diretamente na unidade escolar em que est\u00e1 matriculado.<\/p>\n\n\n\n<p>O calend\u00e1rio da matr\u00edcula segue, nos dias 18 e 19 de janeiro, para os concluintes do 5\u00ba ano ou 9\u00ba ano do Ensino Fundamental, apenas oriundos da rede municipal de ensino.<\/p>\n\n\n\n<p>A matr\u00edcula poder\u00e1 ser realizada pelo pr\u00f3prio estudante, caso seja maior de 16 anos de idade, ou pelo respons\u00e1vel legal, preferencialmente, <a href=\"https:\/\/sigeduc.educacao.ba.gov.br\/\" target=\"_blank\" rel=\"noreferrer noopener\">pela internet<\/a>, ou em qualquer unidade escolar da rede estadual.<\/p>\n\n\n\n<p>No dia 20 de janeiro, a matr\u00edcula ser\u00e1 destinada para o ingresso do candidato em unidade escolar da rede estadual, em qualquer ano ou s\u00e9rie do Ensino Fundamental, sem distin\u00e7\u00e3o da rede de ensino de origem.<\/p>\n\n\n\n<p>J\u00e1 nos dias 23 e 24 de janeiro, poder\u00e1 ser efetuada a matr\u00edcula do estudante que deseja ingressar em uma unidade escolar da rede estadual, em qualquer ano ou s\u00e9rie do Ensino M\u00e9dio. Nestes tr\u00eas dias, a matr\u00edcula tamb\u00e9m poder\u00e1 ser feita <a href=\"https:\/\/sigeduc.educacao.ba.gov.br\/\" target=\"_blank\" rel=\"noreferrer noopener\">atrav\u00e9s da internet<\/a> ou em qualquer unidade escolar da rede estadual.<\/p>\n\n\n\n<p class=\"has-black-color has-text-color has-medium-font-size\"><strong>Documentos<\/strong><\/p>\n\n\n\n<p class=\"has-black-color has-text-color\"><strong>A confirma\u00e7\u00e3o da matr\u00edcula acontecer\u00e1 mediante a entrega da documenta\u00e7\u00e3o exigida:<\/strong><\/p>\n\n\n\n<ul class=\"wp-block-list\">\n<li>Via original do hist\u00f3rico escolar;<\/li>\n<\/ul>\n\n\n\n<ul class=\"wp-block-list\">\n<li>Via original e c\u00f3pia leg\u00edvel da carteira de identidade (RG) ou Certid\u00e3o de Registro Civil;<\/li>\n<\/ul>\n\n\n\n<ul class=\"wp-block-list\">\n<li>Via original e c\u00f3pia leg\u00edvel do Cadastro de Pessoal F\u00edsica (CPF);<\/li>\n<\/ul>\n\n\n\n<ul class=\"wp-block-list\">\n<li>Via original e c\u00f3pia leg\u00edvel comprovante de resid\u00eancia (\u00e1gua, luz, telefone fixo ou m\u00f3vel, g\u00e1s encanado, Internet, contrato de aluguel, IPTU, cart\u00e3o de cr\u00e9dito ou TV por assinatura);<\/li>\n<\/ul>\n\n\n\n<ul class=\"wp-block-list\">\n<li>Via original e c\u00f3pia da carteira de vacina\u00e7\u00e3o devidamente atualizada;<\/li>\n<\/ul>\n\n\n\n<ul class=\"wp-block-list\">\n<li>C\u00f3pia leg\u00edvel do RG da pr\u00f3pria m\u00e3e do estudante e ou do respons\u00e1vel legal;<\/li>\n<\/ul>\n\n\n\n<ul class=\"wp-block-list\">\n<li>C\u00f3pia leg\u00edvel do CPF da pr\u00f3pria m\u00e3e do estudante e ou do respons\u00e1vel legal.<\/li>\n<\/ul>\n","protected":false},"excerpt":{"rendered":"<p>Normas e procedimentos de matr\u00edcula para pessoas com defici\u00eancia e transfer\u00eancia de estudantes tamb\u00e9m foram divulgados. Por g1 BA A Secretaria da Educa\u00e7\u00e3o do Estado da Bahia (SEC) divulgou o cronograma de matr\u00edcula para o ano letivo 2023 nesta segunda-feira (19). O processo de matr\u00edcula come\u00e7a para as Pessoas com Defici\u00eancia (PcD), no dia 16 [&hellip;]<\/p>\n","protected":false},"author":2,"featured_media":12817,"comment_status":"open","ping_status":"open","sticky":false,"template":"","format":"standard","meta":{"_acf_changed":false,"_monsterinsights_skip_tracking":false,"_monsterinsights_sitenote_active":false,"_monsterinsights_sitenote_note":"","_monsterinsights_sitenote_category":0,"_jetpack_memberships_contains_paid_content":false,"footnotes":"","jetpack_publicize_message":"","jetpack_publicize_feature_enabled":true,"jetpack_social_post_already_shared":true,"jetpack_social_options":{"image_generator_settings":{"template":"highway","default_image_id":0,"font":"","enabled":false},"version":2}},"categories":[14],"tags":[],"class_list":["post-70984","post","type-post","status-publish","format-standard","has-post-thumbnail","hentry","category-educacao"],"acf":[],"jetpack_publicize_connections":[],"jetpack_featured_media_url":"https:\/\/i0.wp.com\/blogdoeloiltoncajuhy.com.br\/site\/wp-content\/uploads\/2016\/10\/sala_de_aula_ensino_medio2-e1476488034208.jpg?fit=540%2C361&ssl=1","jetpack_sharing_enabled":true,"publishpress_future_workflow_manual_trigger":{"enabledWorkflows":[]},"_links":{"self":[{"href":"https:\/\/blogdoeloiltoncajuhy.com.br\/site\/wp-json\/wp\/v2\/posts\/70984","targetHints":{"allow":["GET"]}}],"collection":[{"href":"https:\/\/blogdoeloiltoncajuhy.com.br\/site\/wp-json\/wp\/v2\/posts"}],"about":[{"href":"https:\/\/blogdoeloiltoncajuhy.com.br\/site\/wp-json\/wp\/v2\/types\/post"}],"author":[{"embeddable":true,"href":"https:\/\/blogdoeloiltoncajuhy.com.br\/site\/wp-json\/wp\/v2\/users\/2"}],"replies":[{"embeddable":true,"href":"https:\/\/blogdoeloiltoncajuhy.com.br\/site\/wp-json\/wp\/v2\/comments?post=70984"}],"version-history":[{"count":1,"href":"https:\/\/blogdoeloiltoncajuhy.com.br\/site\/wp-json\/wp\/v2\/posts\/70984\/revisions"}],"predecessor-version":[{"id":70985,"href":"https:\/\/blogdoeloiltoncajuhy.com.br\/site\/wp-json\/wp\/v2\/posts\/70984\/revisions\/70985"}],"wp:featuredmedia":[{"embeddable":true,"href":"https:\/\/blogdoeloiltoncajuhy.com.br\/site\/wp-json\/wp\/v2\/media\/12817"}],"wp:attachment":[{"href":"https:\/\/blogdoeloiltoncajuhy.com.br\/site\/wp-json\/wp\/v2\/media?parent=70984"}],"wp:term":[{"taxonomy":"category","embeddable":true,"href":"https:\/\/blogdoeloiltoncajuhy.com.br\/site\/wp-json\/wp\/v2\/categories?post=70984"},{"taxonomy":"post_tag","embeddable":true,"href":"https:\/\/blogdoeloiltoncajuhy.com.br\/site\/wp-json\/wp\/v2\/tags?post=70984"}],"curies":[{"name":"wp","href":"https:\/\/api.w.org\/{rel}","templated":true}]}}