{"id":70979,"date":"2022-12-20T01:00:00","date_gmt":"2022-12-20T04:00:00","guid":{"rendered":"http:\/\/blogdoeloiltoncajuhy.com.br\/site\/?p=70979"},"modified":"2022-12-19T17:29:44","modified_gmt":"2022-12-19T20:29:44","slug":"dia-internacional-da-solidariedade-humana-e-comemorado-em-20-de-dezembro","status":"publish","type":"post","link":"https:\/\/blogdoeloiltoncajuhy.com.br\/site\/dia-internacional-da-solidariedade-humana-e-comemorado-em-20-de-dezembro\/","title":{"rendered":"Dia Internacional da Solidariedade Humana \u00e9 comemorado em 20 de dezembro"},"content":{"rendered":"\n<p><strong>Por UNE\/Dipes<\/strong><\/p>\n\n\n\n<figure class=\"wp-block-image aligncenter size-full\"><a href=\"https:\/\/i0.wp.com\/blogdoeloiltoncajuhy.com.br\/site\/wp-content\/uploads\/2022\/12\/Dia-Internacional-da-Solidariedade-Humana-20122022.png\"><img data-recalc-dims=\"1\" fetchpriority=\"high\" decoding=\"async\" width=\"800\" height=\"399\" src=\"https:\/\/i0.wp.com\/blogdoeloiltoncajuhy.com.br\/site\/wp-content\/uploads\/2022\/12\/Dia-Internacional-da-Solidariedade-Humana-20122022.png?resize=800%2C399\" alt=\"\" class=\"wp-image-70980\" srcset=\"https:\/\/i0.wp.com\/blogdoeloiltoncajuhy.com.br\/site\/wp-content\/uploads\/2022\/12\/Dia-Internacional-da-Solidariedade-Humana-20122022.png?w=900&amp;ssl=1 900w, https:\/\/i0.wp.com\/blogdoeloiltoncajuhy.com.br\/site\/wp-content\/uploads\/2022\/12\/Dia-Internacional-da-Solidariedade-Humana-20122022.png?resize=300%2C150&amp;ssl=1 300w, https:\/\/i0.wp.com\/blogdoeloiltoncajuhy.com.br\/site\/wp-content\/uploads\/2022\/12\/Dia-Internacional-da-Solidariedade-Humana-20122022.png?resize=768%2C383&amp;ssl=1 768w\" sizes=\"(max-width: 800px) 100vw, 800px\" \/><\/a><\/figure>\n\n\n\n<p>Com o objetivo de destacar a import\u00e2ncia de a\u00e7\u00f5es coletivas para superar problemas globais e alcan\u00e7ar os objetivos mundiais de desenvolvimento, a Organiza\u00e7\u00e3o das Na\u00e7\u00f5es Unidas (ONU) estabeleceu em 2005 a data de 20 de dezembro como o Dia Internacional da Solidariedade Humana. Construir um mundo melhor e mais seguro para todos \u00e9 o que se deseja com as a\u00e7\u00f5es propostas.<\/p>\n\n\n\n<p>Segundo informa\u00e7\u00f5es da ONU, nesse dia s\u00e3o refor\u00e7ados com os governos os compromissos com acordos internacionais a respeito da necessidade da solidariedade humana para contribuir no combate \u00e0 pobreza. Entre as iniciativas organizadas pela ONU destaca-se a Agenda 2030 para o Desenvolvimento Sustent\u00e1vel, que conta com 17 objetivos, divididos em metas.<\/p>\n\n\n\n<p>O objetivo n\u00famero 10 \u00e9 \u201cRedu\u00e7\u00e3o de desigualdades\u201d, que visa a reduzir as desigualdades no interior dos pa\u00edses e entre na\u00e7\u00f5es.<\/p>\n","protected":false},"excerpt":{"rendered":"<p>Por UNE\/Dipes Com o objetivo de destacar a import\u00e2ncia de a\u00e7\u00f5es coletivas para superar problemas globais e alcan\u00e7ar os objetivos mundiais de desenvolvimento, a Organiza\u00e7\u00e3o das Na\u00e7\u00f5es Unidas (ONU) estabeleceu em 2005 a data de 20 de dezembro como o Dia Internacional da Solidariedade Humana. Construir um mundo melhor e mais seguro para todos \u00e9 [&hellip;]<\/p>\n","protected":false},"author":2,"featured_media":70980,"comment_status":"open","ping_status":"open","sticky":false,"template":"","format":"standard","meta":{"_acf_changed":false,"_monsterinsights_skip_tracking":false,"_monsterinsights_sitenote_active":false,"_monsterinsights_sitenote_note":"","_monsterinsights_sitenote_category":0,"_jetpack_memberships_contains_paid_content":false,"footnotes":"","jetpack_publicize_message":"","jetpack_publicize_feature_enabled":true,"jetpack_social_post_already_shared":true,"jetpack_social_options":{"image_generator_settings":{"template":"highway","default_image_id":0,"font":"","enabled":false},"version":2}},"categories":[5],"tags":[],"class_list":["post-70979","post","type-post","status-publish","format-standard","has-post-thumbnail","hentry","category-cotidiano"],"acf":[],"jetpack_publicize_connections":[],"jetpack_featured_media_url":"https:\/\/i0.wp.com\/blogdoeloiltoncajuhy.com.br\/site\/wp-content\/uploads\/2022\/12\/Dia-Internacional-da-Solidariedade-Humana-20122022.png?fit=900%2C449&ssl=1","jetpack_sharing_enabled":true,"publishpress_future_workflow_manual_trigger":{"enabledWorkflows":[]},"_links":{"self":[{"href":"https:\/\/blogdoeloiltoncajuhy.com.br\/site\/wp-json\/wp\/v2\/posts\/70979","targetHints":{"allow":["GET"]}}],"collection":[{"href":"https:\/\/blogdoeloiltoncajuhy.com.br\/site\/wp-json\/wp\/v2\/posts"}],"about":[{"href":"https:\/\/blogdoeloiltoncajuhy.com.br\/site\/wp-json\/wp\/v2\/types\/post"}],"author":[{"embeddable":true,"href":"https:\/\/blogdoeloiltoncajuhy.com.br\/site\/wp-json\/wp\/v2\/users\/2"}],"replies":[{"embeddable":true,"href":"https:\/\/blogdoeloiltoncajuhy.com.br\/site\/wp-json\/wp\/v2\/comments?post=70979"}],"version-history":[{"count":1,"href":"https:\/\/blogdoeloiltoncajuhy.com.br\/site\/wp-json\/wp\/v2\/posts\/70979\/revisions"}],"predecessor-version":[{"id":70981,"href":"https:\/\/blogdoeloiltoncajuhy.com.br\/site\/wp-json\/wp\/v2\/posts\/70979\/revisions\/70981"}],"wp:featuredmedia":[{"embeddable":true,"href":"https:\/\/blogdoeloiltoncajuhy.com.br\/site\/wp-json\/wp\/v2\/media\/70980"}],"wp:attachment":[{"href":"https:\/\/blogdoeloiltoncajuhy.com.br\/site\/wp-json\/wp\/v2\/media?parent=70979"}],"wp:term":[{"taxonomy":"category","embeddable":true,"href":"https:\/\/blogdoeloiltoncajuhy.com.br\/site\/wp-json\/wp\/v2\/categories?post=70979"},{"taxonomy":"post_tag","embeddable":true,"href":"https:\/\/blogdoeloiltoncajuhy.com.br\/site\/wp-json\/wp\/v2\/tags?post=70979"}],"curies":[{"name":"wp","href":"https:\/\/api.w.org\/{rel}","templated":true}]}}