{"id":70859,"date":"2022-12-14T11:07:05","date_gmt":"2022-12-14T14:07:05","guid":{"rendered":"http:\/\/blogdoeloiltoncajuhy.com.br\/site\/?p=70859"},"modified":"2022-12-14T11:09:53","modified_gmt":"2022-12-14T14:09:53","slug":"quatro-criancas-sao-encontradas-mortas-dentro-de-casa-no-rs-suspeito-e-o-pai","status":"publish","type":"post","link":"https:\/\/blogdoeloiltoncajuhy.com.br\/site\/quatro-criancas-sao-encontradas-mortas-dentro-de-casa-no-rs-suspeito-e-o-pai\/","title":{"rendered":"Quatro crian\u00e7as s\u00e3o encontradas mortas dentro de casa no RS; suspeito \u00e9 o pai"},"content":{"rendered":"\n<p class=\"has-text-align-center has-medium-font-size\"><em>Segundo a pol\u00edcia, v\u00edtimas tinham 3, 6, 8 e 11 anos. Tr\u00eas delas tinham marcas de facadas e uma de asfixia. Suspeito foi preso durante a madrugada desta quarta-feira (14). M\u00e3e das crian\u00e7as tinha medida protetiva contra suspeito.<\/em><\/p>\n\n\n\n<p><strong>Por Eduardo Paganella, g1 RS e RBS TV<\/strong><\/p>\n\n\n\n<figure class=\"wp-block-image aligncenter size-full\"><a href=\"https:\/\/i0.wp.com\/blogdoeloiltoncajuhy.com.br\/site\/wp-content\/uploads\/2022\/12\/RS_Homem-sispeito-de-matar-4-criancas-casa.webp\"><img data-recalc-dims=\"1\" fetchpriority=\"high\" decoding=\"async\" width=\"800\" height=\"600\" src=\"https:\/\/i0.wp.com\/blogdoeloiltoncajuhy.com.br\/site\/wp-content\/uploads\/2022\/12\/RS_Homem-sispeito-de-matar-4-criancas-casa.webp?resize=800%2C600\" alt=\"\" class=\"wp-image-70860\" srcset=\"https:\/\/i0.wp.com\/blogdoeloiltoncajuhy.com.br\/site\/wp-content\/uploads\/2022\/12\/RS_Homem-sispeito-de-matar-4-criancas-casa.webp?w=984&amp;ssl=1 984w, https:\/\/i0.wp.com\/blogdoeloiltoncajuhy.com.br\/site\/wp-content\/uploads\/2022\/12\/RS_Homem-sispeito-de-matar-4-criancas-casa.webp?resize=300%2C225&amp;ssl=1 300w, https:\/\/i0.wp.com\/blogdoeloiltoncajuhy.com.br\/site\/wp-content\/uploads\/2022\/12\/RS_Homem-sispeito-de-matar-4-criancas-casa.webp?resize=768%2C576&amp;ssl=1 768w\" sizes=\"(max-width: 800px) 100vw, 800px\" \/><\/a><figcaption class=\"wp-element-caption\"><sub>Casa onde quatro crian\u00e7as foram encontradas mortas em Alvorada\/RS \u2014 Foto: Divulga\u00e7\u00e3o\/IGP<\/sub><\/figcaption><\/figure>\n\n\n\n<p>Quatro crian\u00e7as foram encontradas mortas dentro de uma casa em Alvorada, na Regi\u00e3o Metropolitana de Porto Alegre, na noite de ter\u00e7a-feira (13). O principal suspeito \u00e9 o pai, <strong>David da Silva Lemos<\/strong>, 28 anos, que foi preso na madrugada desta quarta (14) em um hotel na Capital. A m\u00e3e das crian\u00e7as, de 24 anos, tem medida protetiva contra o homem, segundo o delegado Edimar Machado.<\/p>\n\n\n\n<p>As v\u00edtimas tinham 3, 6, 8 e 11 anos. Tr\u00eas delas foram encontradas com marcas de facadas e uma com asfixia. Segundo a pol\u00edcia, o homem deu calmante para as crian\u00e7as e depois matou os filhos.<\/p>\n\n\n\n<p>Na delegacia, durante o depoimento, ele ficou em sil\u00eancio e n\u00e3o deu detalhes da a\u00e7\u00e3o. A defesa dele dever\u00e1 ser feita pela Defensoria P\u00fablica do Rio Grande do Sul, que estava presente na delegacia.<\/p>\n\n\n\n<p>Por nota, a defensoria informou que aguarda a conclus\u00e3o do inqu\u00e9rito policial e se o homem vai constituir advogado particular. &#8220;Caso n\u00e3o constitua advogado particular, a Defensoria P\u00fablica por seu dever constitucional ir\u00e1 atuar na defesa do mesmo&#8221;.<\/p>\n\n\n\n<figure class=\"wp-block-image aligncenter size-full\"><a href=\"https:\/\/i0.wp.com\/blogdoeloiltoncajuhy.com.br\/site\/wp-content\/uploads\/2022\/12\/RS_Homem-sispeito-de-matar-4-criancas.webp\"><img data-recalc-dims=\"1\" decoding=\"async\" width=\"800\" height=\"600\" src=\"https:\/\/i0.wp.com\/blogdoeloiltoncajuhy.com.br\/site\/wp-content\/uploads\/2022\/12\/RS_Homem-sispeito-de-matar-4-criancas.webp?resize=800%2C600\" alt=\"\" class=\"wp-image-70861\" srcset=\"https:\/\/i0.wp.com\/blogdoeloiltoncajuhy.com.br\/site\/wp-content\/uploads\/2022\/12\/RS_Homem-sispeito-de-matar-4-criancas.webp?w=984&amp;ssl=1 984w, https:\/\/i0.wp.com\/blogdoeloiltoncajuhy.com.br\/site\/wp-content\/uploads\/2022\/12\/RS_Homem-sispeito-de-matar-4-criancas.webp?resize=300%2C225&amp;ssl=1 300w, https:\/\/i0.wp.com\/blogdoeloiltoncajuhy.com.br\/site\/wp-content\/uploads\/2022\/12\/RS_Homem-sispeito-de-matar-4-criancas.webp?resize=768%2C576&amp;ssl=1 768w\" sizes=\"(max-width: 800px) 100vw, 800px\" \/><\/a><figcaption class=\"wp-element-caption\"><sub>Suspeito preso por morte dos quatro filhos em Alvorada \u2014 Foto: Eduardo Paganella\/RBS TV<\/sub><\/figcaption><\/figure>\n\n\n\n<p>As quatro crian\u00e7as s\u00e3o filhas do homem com a mesma m\u00e3e, uma mulher de 24 anos. O casal estava separado e as crian\u00e7as estavam com o pai para a visita e voltariam para a m\u00e3e nos pr\u00f3ximos dias.<\/p>\n\n\n\n<p>Segundo o delegado do caso, Augusto Zenon, no fim da tarde de ter\u00e7a, pr\u00f3ximo ao hor\u00e1rio que a pol\u00edcia suspeita ter ocorrido o crime, o ex chegou a mandar mensagens para a m\u00e3e das crian\u00e7as com amea\u00e7as. O homem possui hist\u00f3rico de agress\u00f5es.<\/p>\n\n\n\n<p>A pol\u00edcia foi acionada para atender a ocorr\u00eancia no im\u00f3vel por volta das 19h30, mas chegando ao local as crian\u00e7as j\u00e1 estavam mortas. De acordo com a per\u00edcia, a suspeita \u00e9 de que os filhos tenham sido mortos de 12 a 24 horas antes da pol\u00edcia chegar.<\/p>\n\n\n\n<p>Ele foi pego horas depois, em um hotel na capital. Segundo a pol\u00edcia, durante a pris\u00e3o, ele teria confessado o crime. A casa est\u00e1 isolada para per\u00edcia.<\/p>\n","protected":false},"excerpt":{"rendered":"<p>Segundo a pol\u00edcia, v\u00edtimas tinham 3, 6, 8 e 11 anos. Tr\u00eas delas tinham marcas de facadas e uma de asfixia. Suspeito foi preso durante a madrugada desta quarta-feira (14). M\u00e3e das crian\u00e7as tinha medida protetiva contra suspeito. Por Eduardo Paganella, g1 RS e RBS TV Quatro crian\u00e7as foram encontradas mortas dentro de uma casa [&hellip;]<\/p>\n","protected":false},"author":2,"featured_media":70863,"comment_status":"open","ping_status":"open","sticky":false,"template":"","format":"standard","meta":{"_acf_changed":false,"_monsterinsights_skip_tracking":false,"_monsterinsights_sitenote_active":false,"_monsterinsights_sitenote_note":"","_monsterinsights_sitenote_category":0,"_jetpack_memberships_contains_paid_content":false,"footnotes":"","jetpack_publicize_message":"","jetpack_publicize_feature_enabled":true,"jetpack_social_post_already_shared":true,"jetpack_social_options":{"image_generator_settings":{"template":"highway","default_image_id":0,"font":"","enabled":false},"version":2}},"categories":[15],"tags":[],"class_list":["post-70859","post","type-post","status-publish","format-standard","has-post-thumbnail","hentry","category-policia"],"acf":[],"jetpack_publicize_connections":[],"jetpack_featured_media_url":"https:\/\/i0.wp.com\/blogdoeloiltoncajuhy.com.br\/site\/wp-content\/uploads\/2022\/12\/RS_Homem-sispeito-de-matar-4-criancas-capa.png?fit=1200%2C498&ssl=1","jetpack_sharing_enabled":true,"publishpress_future_workflow_manual_trigger":{"enabledWorkflows":[]},"_links":{"self":[{"href":"https:\/\/blogdoeloiltoncajuhy.com.br\/site\/wp-json\/wp\/v2\/posts\/70859","targetHints":{"allow":["GET"]}}],"collection":[{"href":"https:\/\/blogdoeloiltoncajuhy.com.br\/site\/wp-json\/wp\/v2\/posts"}],"about":[{"href":"https:\/\/blogdoeloiltoncajuhy.com.br\/site\/wp-json\/wp\/v2\/types\/post"}],"author":[{"embeddable":true,"href":"https:\/\/blogdoeloiltoncajuhy.com.br\/site\/wp-json\/wp\/v2\/users\/2"}],"replies":[{"embeddable":true,"href":"https:\/\/blogdoeloiltoncajuhy.com.br\/site\/wp-json\/wp\/v2\/comments?post=70859"}],"version-history":[{"count":1,"href":"https:\/\/blogdoeloiltoncajuhy.com.br\/site\/wp-json\/wp\/v2\/posts\/70859\/revisions"}],"predecessor-version":[{"id":70862,"href":"https:\/\/blogdoeloiltoncajuhy.com.br\/site\/wp-json\/wp\/v2\/posts\/70859\/revisions\/70862"}],"wp:featuredmedia":[{"embeddable":true,"href":"https:\/\/blogdoeloiltoncajuhy.com.br\/site\/wp-json\/wp\/v2\/media\/70863"}],"wp:attachment":[{"href":"https:\/\/blogdoeloiltoncajuhy.com.br\/site\/wp-json\/wp\/v2\/media?parent=70859"}],"wp:term":[{"taxonomy":"category","embeddable":true,"href":"https:\/\/blogdoeloiltoncajuhy.com.br\/site\/wp-json\/wp\/v2\/categories?post=70859"},{"taxonomy":"post_tag","embeddable":true,"href":"https:\/\/blogdoeloiltoncajuhy.com.br\/site\/wp-json\/wp\/v2\/tags?post=70859"}],"curies":[{"name":"wp","href":"https:\/\/api.w.org\/{rel}","templated":true}]}}