{"id":70853,"date":"2022-12-14T00:15:00","date_gmt":"2022-12-14T03:15:00","guid":{"rendered":"http:\/\/blogdoeloiltoncajuhy.com.br\/site\/?p=70853"},"modified":"2022-12-13T20:37:37","modified_gmt":"2022-12-13T23:37:37","slug":"14-de-dezembro-e-aniversario-da-ex-presidente-dilma-rousseff","status":"publish","type":"post","link":"https:\/\/blogdoeloiltoncajuhy.com.br\/site\/14-de-dezembro-e-aniversario-da-ex-presidente-dilma-rousseff\/","title":{"rendered":"14 de dezembro \u00e9 anivers\u00e1rio da ex-presidente Dilma Rousseff"},"content":{"rendered":"\n<p><strong>Por Wikip\u00e9dia<\/strong><\/p>\n\n\n\n<figure class=\"wp-block-image aligncenter size-full is-resized\"><a href=\"https:\/\/i0.wp.com\/blogdoeloiltoncajuhy.com.br\/site\/wp-content\/uploads\/2016\/07\/dilma_jul.jpg\"><img data-recalc-dims=\"1\" fetchpriority=\"high\" decoding=\"async\" src=\"https:\/\/i0.wp.com\/blogdoeloiltoncajuhy.com.br\/site\/wp-content\/uploads\/2016\/07\/dilma_jul.jpg?resize=603%2C444\" alt=\"\" class=\"wp-image-10923\" width=\"603\" height=\"444\" srcset=\"https:\/\/i0.wp.com\/blogdoeloiltoncajuhy.com.br\/site\/wp-content\/uploads\/2016\/07\/dilma_jul.jpg?w=380&amp;ssl=1 380w, https:\/\/i0.wp.com\/blogdoeloiltoncajuhy.com.br\/site\/wp-content\/uploads\/2016\/07\/dilma_jul.jpg?resize=300%2C221&amp;ssl=1 300w, https:\/\/i0.wp.com\/blogdoeloiltoncajuhy.com.br\/site\/wp-content\/uploads\/2016\/07\/dilma_jul.jpg?resize=250%2C184&amp;ssl=1 250w\" sizes=\"(max-width: 603px) 100vw, 603px\" \/><\/a><\/figure>\n\n\n\n<p><strong>Dilma Vana Rousseff<\/strong> nasceu em Belo Horizonte, no dia 14 de dezembro de 1947. Ela \u00e9 economista e filiada ao Partido dos Trabalhadores (PT). Foi a 36\u00aa Presidente do Brasil, tendo exercido o cargo de 2011 at\u00e9 seu afastamento em 2016.<\/p>\n\n\n\n<p>Nascida numa fam\u00edlia da classe m\u00e9dia alta, interessou-se pelo socialismo durante a juventude logo ap\u00f3s o Golpe Militar de 1964. Ingressou ent\u00e3o na luta armada de esquerda como membro do Comando de Liberta\u00e7\u00e3o Nacional (COLINA) e, posteriormente, da Vanguarda Armada Revolucion\u00e1ria Palmares (VAR-Palmares) \u2014 ambas as organiza\u00e7\u00f5es defendiam a luta armada contra a ditadura militar.<\/p>\n\n\n\n<p>Passou quase tr\u00eas anos em reclus\u00e3o, de 1970 a 1972, primeiramente pelos militares da Opera\u00e7\u00e3o Bandeirante (OBAN), pelos quais foi torturada, e, posteriormente, pelo Departamento de Ordem Pol\u00edtica e Social (DOPS).<\/p>\n\n\n\n<p>Reconstruiu sua vida no Rio Grande do Sul, onde, junto com Carlos Ara\u00fajo, seu companheiro por mais de trinta anos, foi membro fundador do Partido Democr\u00e1tico Trabalhista (PDT) e participou de diversas campanhas eleitorais. De 1985 a 1988, durante a gest\u00e3o de Alceu Collares \u00e0 frente da prefeitura de Porto Alegre, foi Secret\u00e1ria Municipal da Fazenda. De 1991 a 1993 foi presidente da Funda\u00e7\u00e3o de Economia e Estat\u00edstica e foi Secret\u00e1ria Estadual de Minas e Energia entre os per\u00edodos de 1993 a 1994 e de 1999 a 2002, durante o governo de Alceu Collares e do sucessor Ol\u00edvio Dutra. Em 2001 decidiu filiar-se no Partido dos Trabalhadores (PT). Em 2002 participou da equipe que formulou o plano de governo de Luiz In\u00e1cio Lula da Silva para a \u00e1rea energ\u00e9tica.<\/p>\n\n\n\n<p>Durante o governo Lula, assumiu a chefia do Minist\u00e9rio de Minas e Energia e posteriormente da Casa Civil. Em 2010 foi escolhida pelo PT para concorrer \u00e0 elei\u00e7\u00e3o presidencial, disputando contra Jos\u00e9 Serra (PSDB) no segundo turno, cujo resultado, anunciado em 31 de outubro, tornou Dilma a primeira mulher a ser eleita para o mais alto cargo, o de chefe de Estado e chefe de governo, em toda a hist\u00f3ria do Brasil.<\/p>\n\n\n\n<p>Em 26 de outubro de 2014 foi reeleita, novamente no segundo turno das elei\u00e7\u00f5es, disputado contra A\u00e9cio Neves (PSDB). Em 12 de maio de 2016, com o acirramento da crise pol\u00edtico-econ\u00f4mica de 2014, foi afastada de seu cargo por at\u00e9 180 dias devido \u00e0 instaura\u00e7\u00e3o de um processo de impeachment que vinha sendo movido contra ela, com base em irregularidades fiscais. Teve o mandato presidencial definitivamente cassado em 31 de agosto de 2016, por\u00e9m n\u00e3o perdeu o direito de ocupar outros cargos p\u00fablicos. Em 2018 candidatou-se a senadora por Minas Gerais, ficando em 4\u00b0 lugar na disputa.<\/p>\n","protected":false},"excerpt":{"rendered":"<p>Por Wikip\u00e9dia Dilma Vana Rousseff nasceu em Belo Horizonte, no dia 14 de dezembro de 1947. Ela \u00e9 economista e filiada ao Partido dos Trabalhadores (PT). Foi a 36\u00aa Presidente do Brasil, tendo exercido o cargo de 2011 at\u00e9 seu afastamento em 2016. Nascida numa fam\u00edlia da classe m\u00e9dia alta, interessou-se pelo socialismo durante a [&hellip;]<\/p>\n","protected":false},"author":2,"featured_media":4447,"comment_status":"open","ping_status":"open","sticky":false,"template":"","format":"standard","meta":{"_acf_changed":false,"_monsterinsights_skip_tracking":false,"_monsterinsights_sitenote_active":false,"_monsterinsights_sitenote_note":"","_monsterinsights_sitenote_category":0,"_jetpack_memberships_contains_paid_content":false,"footnotes":"","jetpack_publicize_message":"","jetpack_publicize_feature_enabled":true,"jetpack_social_post_already_shared":true,"jetpack_social_options":{"image_generator_settings":{"template":"highway","default_image_id":0,"font":"","enabled":false},"version":2}},"categories":[12],"tags":[],"class_list":["post-70853","post","type-post","status-publish","format-standard","has-post-thumbnail","hentry","category-gente-que-faz-a-nossa-historia"],"acf":[],"jetpack_publicize_connections":[],"jetpack_featured_media_url":"https:\/\/i0.wp.com\/blogdoeloiltoncajuhy.com.br\/site\/wp-content\/uploads\/2015\/09\/Dilma-Minha-Casa-Foto-Ichiro-Guerra-Planalto.jpeg?fit=1000%2C626&ssl=1","jetpack_sharing_enabled":true,"publishpress_future_workflow_manual_trigger":{"enabledWorkflows":[]},"_links":{"self":[{"href":"https:\/\/blogdoeloiltoncajuhy.com.br\/site\/wp-json\/wp\/v2\/posts\/70853","targetHints":{"allow":["GET"]}}],"collection":[{"href":"https:\/\/blogdoeloiltoncajuhy.com.br\/site\/wp-json\/wp\/v2\/posts"}],"about":[{"href":"https:\/\/blogdoeloiltoncajuhy.com.br\/site\/wp-json\/wp\/v2\/types\/post"}],"author":[{"embeddable":true,"href":"https:\/\/blogdoeloiltoncajuhy.com.br\/site\/wp-json\/wp\/v2\/users\/2"}],"replies":[{"embeddable":true,"href":"https:\/\/blogdoeloiltoncajuhy.com.br\/site\/wp-json\/wp\/v2\/comments?post=70853"}],"version-history":[{"count":1,"href":"https:\/\/blogdoeloiltoncajuhy.com.br\/site\/wp-json\/wp\/v2\/posts\/70853\/revisions"}],"predecessor-version":[{"id":70854,"href":"https:\/\/blogdoeloiltoncajuhy.com.br\/site\/wp-json\/wp\/v2\/posts\/70853\/revisions\/70854"}],"wp:featuredmedia":[{"embeddable":true,"href":"https:\/\/blogdoeloiltoncajuhy.com.br\/site\/wp-json\/wp\/v2\/media\/4447"}],"wp:attachment":[{"href":"https:\/\/blogdoeloiltoncajuhy.com.br\/site\/wp-json\/wp\/v2\/media?parent=70853"}],"wp:term":[{"taxonomy":"category","embeddable":true,"href":"https:\/\/blogdoeloiltoncajuhy.com.br\/site\/wp-json\/wp\/v2\/categories?post=70853"},{"taxonomy":"post_tag","embeddable":true,"href":"https:\/\/blogdoeloiltoncajuhy.com.br\/site\/wp-json\/wp\/v2\/tags?post=70853"}],"curies":[{"name":"wp","href":"https:\/\/api.w.org\/{rel}","templated":true}]}}