{"id":70561,"date":"2022-12-02T21:00:00","date_gmt":"2022-12-03T00:00:00","guid":{"rendered":"http:\/\/blogdoeloiltoncajuhy.com.br\/site\/?p=70561"},"modified":"2022-12-02T15:21:30","modified_gmt":"2022-12-02T18:21:30","slug":"apos-dois-anos-de-covid-um-em-cada-quatro-jovens-nao-estuda","status":"publish","type":"post","link":"https:\/\/blogdoeloiltoncajuhy.com.br\/site\/apos-dois-anos-de-covid-um-em-cada-quatro-jovens-nao-estuda\/","title":{"rendered":"Ap\u00f3s dois anos de covid, um em cada quatro jovens n\u00e3o estuda"},"content":{"rendered":"\n<p><strong>Por Ag\u00eancia Brasil<\/strong><\/p>\n\n\n\n<figure class=\"wp-block-image aligncenter size-large\"><a href=\"https:\/\/i0.wp.com\/blogdoeloiltoncajuhy.com.br\/site\/wp-content\/uploads\/2022\/12\/vacinacao_covid-19_hospital_das_clinicassao_paulo_rvrsa_2001213898.jpg\"><img data-recalc-dims=\"1\" fetchpriority=\"high\" decoding=\"async\" width=\"800\" height=\"479\" src=\"https:\/\/i0.wp.com\/blogdoeloiltoncajuhy.com.br\/site\/wp-content\/uploads\/2022\/12\/vacinacao_covid-19_hospital_das_clinicassao_paulo_rvrsa_2001213898.jpg?resize=800%2C479\" alt=\"\" class=\"wp-image-70562\" srcset=\"https:\/\/i0.wp.com\/blogdoeloiltoncajuhy.com.br\/site\/wp-content\/uploads\/2022\/12\/vacinacao_covid-19_hospital_das_clinicassao_paulo_rvrsa_2001213898.jpg?resize=1024%2C613&amp;ssl=1 1024w, https:\/\/i0.wp.com\/blogdoeloiltoncajuhy.com.br\/site\/wp-content\/uploads\/2022\/12\/vacinacao_covid-19_hospital_das_clinicassao_paulo_rvrsa_2001213898.jpg?resize=300%2C179&amp;ssl=1 300w, https:\/\/i0.wp.com\/blogdoeloiltoncajuhy.com.br\/site\/wp-content\/uploads\/2022\/12\/vacinacao_covid-19_hospital_das_clinicassao_paulo_rvrsa_2001213898.jpg?resize=768%2C459&amp;ssl=1 768w, https:\/\/i0.wp.com\/blogdoeloiltoncajuhy.com.br\/site\/wp-content\/uploads\/2022\/12\/vacinacao_covid-19_hospital_das_clinicassao_paulo_rvrsa_2001213898.jpg?w=1170&amp;ssl=1 1170w\" sizes=\"(max-width: 800px) 100vw, 800px\" \/><\/a><figcaption class=\"wp-element-caption\"><sub>S\u00e3o Paulo &#8211; Vacina\u00e7\u00e3o contra covid-19 aos profissionais da sa\u00fade do Hospital das Cl\u00ednicas, no Centro de Conven\u00e7\u00f5es Rebou\u00e7as &#8211; Foto: Rovena Rosa\/Ag\u00eancia Brasil<\/sub><\/figcaption><\/figure>\n\n\n\n<p>Ap\u00f3s dois anos de pandemia, em 2021, um em cada quatro jovens brasileiros de 15 a 29 anos, o equivalente a 25,8%, n\u00e3o estudava, nem estava ocupado. Mais da metade &#8211; 62,5% &#8211; \u00e9 mulher. Os dados fazem parte da S\u00edntese de Indicadores Sociais (SIS): uma an\u00e1lise das condi\u00e7\u00f5es de vida da popula\u00e7\u00e3o brasileira 2022, divulgada nesta sexta-feira (2), no Rio de Janeiro, pelo Instituto Brasileiro de Geografia e Estat\u00edstica (IBGE).<\/p>\n\n\n\n<p>Segundo a publica\u00e7\u00e3o, por conta da falta de experi\u00eancia, os jovens s\u00e3o os que enfrentam maior dificuldade tanto para ingressar quanto para permanecer no mercado de trabalho. Eles representam o grupo mais vulner\u00e1vel aos per\u00edodos de crise econ\u00f4mica, especialmente os menos qualificados.<\/p>\n\n\n\n<p>Em 2021, dos 12,7 milh\u00f5es de jovens de 15 a 29 anos que n\u00e3o estudavam nem estavam ocupados no Brasil, as mulheres de cor ou ra\u00e7a preta ou parda representavam 5,3 milh\u00f5es desses jovens (41,9%), enquanto as brancas formavam menos da metade desse montante: 2,6 milh\u00f5es (20,5%), totalizando 7,9 milh\u00f5es de mulheres ou 62,5% dos jovens que n\u00e3o estudavam nem estavam ocupados. Entre os 4,7 milh\u00f5es de jovens restantes nessa situa\u00e7\u00e3o, tr\u00eas milh\u00f5es eram homens pretos ou pardos (24,3%), conforme classifica\u00e7\u00e3o do IBGE, e 1,6 milh\u00e3o de brancos (12,5%).<\/p>\n\n\n\n<p>A pesquisa indicou que a pandemia n\u00e3o alterou a composi\u00e7\u00e3o desse indicador por ra\u00e7a ou sexo. A SIS mostra que distintos pap\u00e9is de g\u00eanero na sociedade influenciam a raz\u00e3o pela qual os jovens e as jovens se encontram na situa\u00e7\u00e3o de n\u00e3o estudar nem estar ocupado. Os homens tendem a estar nessa situa\u00e7\u00e3o mais frequentemente como desocupados, ou seja, em busca de ocupa\u00e7\u00e3o e dispon\u00edveis para trabalhar, j\u00e1 as mulheres como fora da for\u00e7a de trabalho.<\/p>\n\n\n\n<p class=\"has-black-color has-text-color has-medium-font-size\"><strong>Crian\u00e7as<\/strong><\/p>\n\n\n\n<p>Diversos fatores s\u00e3o respons\u00e1veis pelas mulheres que n\u00e3o estudavam nem estavam ocupadas estarem em maior propor\u00e7\u00e3o fora da for\u00e7a de trabalho, entre eles, destaca-se responsabilidades com o cuidado de crian\u00e7as, conforme a publica\u00e7\u00e3o. Por sua vez, problemas de sa\u00fade e outros motivos prevalecem entre os homens que n\u00e3o estudavam nem estavam ocupados fora da for\u00e7a de trabalho.<\/p>\n\n\n\n<p>\u201cAs mulheres, em sua maioria, estavam fora da for\u00e7a de trabalho. Elas n\u00e3o eram desocupadas, elas n\u00e3o estavam procurando emprego e dispon\u00edveis para trabalhar como \u00e9 o caso da maioria dos homens\u201d, afirmou a pesquisadora do IBGE Betina Fresneda.<\/p>\n\n\n\n<p>\u201cEssa situa\u00e7\u00e3o \u00e9 ratificada com a investiga\u00e7\u00e3o dos motivos pelos quais as mulheres est\u00e3o nessa situa\u00e7\u00e3o e, como o principal motivo, figuram cuidados e afazeres dom\u00e9sticos, assim como em outros pa\u00edses que investigam esses motivos\u201d, acrescentou.<\/p>\n\n\n\n<p>Esse \u00edndice reduziu em 2021 em rela\u00e7\u00e3o a 2020, quando 28% dos jovens n\u00e3o estavam estudando, nem trabalhando. Em 2020, entre os pa\u00edses da Organiza\u00e7\u00e3o para a Coopera\u00e7\u00e3o e Desenvolvimento Econ\u00f4mico (OCDE), o Brasil foi o terceiro maior percentual de jovens adultos que n\u00e3o estudavam nem estavam ocupados, ficando atr\u00e1s apenas da \u00c1frica do Sul e da Col\u00f4mbia.<\/p>\n","protected":false},"excerpt":{"rendered":"<p>Por Ag\u00eancia Brasil Ap\u00f3s dois anos de pandemia, em 2021, um em cada quatro jovens brasileiros de 15 a 29 anos, o equivalente a 25,8%, n\u00e3o estudava, nem estava ocupado. Mais da metade &#8211; 62,5% &#8211; \u00e9 mulher. Os dados fazem parte da S\u00edntese de Indicadores Sociais (SIS): uma an\u00e1lise das condi\u00e7\u00f5es de vida da [&hellip;]<\/p>\n","protected":false},"author":2,"featured_media":70562,"comment_status":"open","ping_status":"open","sticky":false,"template":"","format":"standard","meta":{"_acf_changed":false,"_monsterinsights_skip_tracking":false,"_monsterinsights_sitenote_active":false,"_monsterinsights_sitenote_note":"","_monsterinsights_sitenote_category":0,"_jetpack_memberships_contains_paid_content":false,"footnotes":"","jetpack_publicize_message":"","jetpack_publicize_feature_enabled":true,"jetpack_social_post_already_shared":true,"jetpack_social_options":{"image_generator_settings":{"template":"highway","default_image_id":0,"font":"","enabled":false},"version":2}},"categories":[7],"tags":[],"class_list":["post-70561","post","type-post","status-publish","format-standard","has-post-thumbnail","hentry","category-saude"],"acf":[],"jetpack_publicize_connections":[],"jetpack_featured_media_url":"https:\/\/i0.wp.com\/blogdoeloiltoncajuhy.com.br\/site\/wp-content\/uploads\/2022\/12\/vacinacao_covid-19_hospital_das_clinicassao_paulo_rvrsa_2001213898.jpg?fit=1170%2C700&ssl=1","jetpack_sharing_enabled":true,"publishpress_future_workflow_manual_trigger":{"enabledWorkflows":[]},"_links":{"self":[{"href":"https:\/\/blogdoeloiltoncajuhy.com.br\/site\/wp-json\/wp\/v2\/posts\/70561","targetHints":{"allow":["GET"]}}],"collection":[{"href":"https:\/\/blogdoeloiltoncajuhy.com.br\/site\/wp-json\/wp\/v2\/posts"}],"about":[{"href":"https:\/\/blogdoeloiltoncajuhy.com.br\/site\/wp-json\/wp\/v2\/types\/post"}],"author":[{"embeddable":true,"href":"https:\/\/blogdoeloiltoncajuhy.com.br\/site\/wp-json\/wp\/v2\/users\/2"}],"replies":[{"embeddable":true,"href":"https:\/\/blogdoeloiltoncajuhy.com.br\/site\/wp-json\/wp\/v2\/comments?post=70561"}],"version-history":[{"count":1,"href":"https:\/\/blogdoeloiltoncajuhy.com.br\/site\/wp-json\/wp\/v2\/posts\/70561\/revisions"}],"predecessor-version":[{"id":70563,"href":"https:\/\/blogdoeloiltoncajuhy.com.br\/site\/wp-json\/wp\/v2\/posts\/70561\/revisions\/70563"}],"wp:featuredmedia":[{"embeddable":true,"href":"https:\/\/blogdoeloiltoncajuhy.com.br\/site\/wp-json\/wp\/v2\/media\/70562"}],"wp:attachment":[{"href":"https:\/\/blogdoeloiltoncajuhy.com.br\/site\/wp-json\/wp\/v2\/media?parent=70561"}],"wp:term":[{"taxonomy":"category","embeddable":true,"href":"https:\/\/blogdoeloiltoncajuhy.com.br\/site\/wp-json\/wp\/v2\/categories?post=70561"},{"taxonomy":"post_tag","embeddable":true,"href":"https:\/\/blogdoeloiltoncajuhy.com.br\/site\/wp-json\/wp\/v2\/tags?post=70561"}],"curies":[{"name":"wp","href":"https:\/\/api.w.org\/{rel}","templated":true}]}}