{"id":70548,"date":"2022-12-02T03:00:00","date_gmt":"2022-12-02T06:00:00","guid":{"rendered":"http:\/\/blogdoeloiltoncajuhy.com.br\/site\/?p=70548"},"modified":"2022-12-01T20:53:39","modified_gmt":"2022-12-01T23:53:39","slug":"mais-de-30-municipios-baianos-sao-afetados-pela-chuva-e-no-de-desalojados-passa-de-36-mil-diz-sudec","status":"publish","type":"post","link":"https:\/\/blogdoeloiltoncajuhy.com.br\/site\/mais-de-30-municipios-baianos-sao-afetados-pela-chuva-e-no-de-desalojados-passa-de-36-mil-diz-sudec\/","title":{"rendered":"Mais de 30 munic\u00edpios baianos s\u00e3o afetados pela chuva e n\u00ba de desalojados passa de 3,6 mil, diz Sudec"},"content":{"rendered":"\n<p class=\"has-text-align-center has-medium-font-size\"><em>Confira estragos causados pela chuva em todo o estado.<\/em><\/p>\n\n\n\n<p><strong>Por g1 BA, TV Bahia, TV Santa Cruz e TV Oeste<\/strong><\/p>\n\n\n\n<figure class=\"wp-block-image aligncenter size-full is-resized\"><a href=\"https:\/\/i0.wp.com\/blogdoeloiltoncajuhy.com.br\/site\/wp-content\/uploads\/2022\/12\/BA_Alagamentos-causados-pelas-chuvas-01122022.webp\"><img data-recalc-dims=\"1\" fetchpriority=\"high\" decoding=\"async\" src=\"https:\/\/i0.wp.com\/blogdoeloiltoncajuhy.com.br\/site\/wp-content\/uploads\/2022\/12\/BA_Alagamentos-causados-pelas-chuvas-01122022.webp?resize=738%2C462\" alt=\"\" class=\"wp-image-70549\" width=\"738\" height=\"462\" srcset=\"https:\/\/i0.wp.com\/blogdoeloiltoncajuhy.com.br\/site\/wp-content\/uploads\/2022\/12\/BA_Alagamentos-causados-pelas-chuvas-01122022.webp?w=984&amp;ssl=1 984w, https:\/\/i0.wp.com\/blogdoeloiltoncajuhy.com.br\/site\/wp-content\/uploads\/2022\/12\/BA_Alagamentos-causados-pelas-chuvas-01122022.webp?resize=300%2C188&amp;ssl=1 300w, https:\/\/i0.wp.com\/blogdoeloiltoncajuhy.com.br\/site\/wp-content\/uploads\/2022\/12\/BA_Alagamentos-causados-pelas-chuvas-01122022.webp?resize=768%2C481&amp;ssl=1 768w\" sizes=\"(max-width: 738px) 100vw, 738px\" \/><\/a><figcaption class=\"wp-element-caption\"><sub>Alagamentos causados pela chuva s\u00e3o registrados em cidades do sul e extremo sul da Bahia \u2014 Foto: Reprodu\u00e7\u00e3o\/TV Santa Cruz<\/sub><\/figcaption><\/figure>\n\n\n\n<p>Trinta e dois munic\u00edpios baianos foram afetados pelas chuvas de novembro, conforme dados das prefeituras enviados \u00e0 Superintend\u00eancia de Prote\u00e7\u00e3o e Defesa Civil da Bahia (Sudec) na quarta-feira (30). <strong><em>[Veja lista das cidades afetadas mais abaixo]<\/em><\/strong><\/p>\n\n\n\n<p>Desse total, nove decretaram situa\u00e7\u00e3o de emerg\u00eancia. Al\u00e9m disso, 229 pessoas est\u00e3o desabrigadas, 3.696 desalojadas e o n\u00famero total de atingidos chega a 33.056.<\/p>\n\n\n\n<p>Ainda segundo a Sudec, uma equipe t\u00e9cnica do \u00f3rg\u00e3o foi deslocada para realizar vistorias t\u00e9cnicas em Itamaraju, Prado e Teixeira de Freitas, no extremo sul do estado. O objetivo da opera\u00e7\u00e3o \u00e9 fazer o levantamento preliminar das informa\u00e7\u00f5es e demandas locais, fornecendo suporte e desenvolvendo a\u00e7\u00f5es de resposta imediata.<\/p>\n\n\n\n<p>Nesta quinta-feira, a Marinha do Brasil informou, por meio de nota, que a influ\u00eancia de um sistema de alta press\u00e3o atmosf\u00e9rica poder\u00e1 afetar a faixa litor\u00e2nea nos estados do Rio de Janeiro e da Bahia, entre as cidades de Arraial do Cabo (RJ) e Caravelas (BA), com ventos de at\u00e9 75 km\/h, entre a madrugada e a noite da sexta (2).<\/p>\n\n\n\n<p class=\"has-black-color has-text-color has-medium-font-size\"><strong>Confira lista dos munic\u00edpios afetados:<\/strong><\/p>\n\n\n\n<p>Baixa Grande<br>Itabuna<br>Santa Cruz Cabr\u00e1lia<br>Itamaraju<br>Belo Campo<br>C\u00edcero Dantas<br>Catu<br>Ibicara\u00ed<br>Ibicu\u00ed<br>Ibotirama<br>Itamb\u00e9<br>Maragojipe<br>Nova Vi\u00e7osa<br>Prado<br>Teixeira de Freitas<br>Wenceslau Guimar\u00e3es<br>Marcion\u00edlio Souza<br>Aiquara<br>Caravelas<br>Floresta Azul<br>Medeiros Neto<br>Santo Ant\u00f4nio de Jesus<br>Cachoeira<br>Juazeiro<br>S\u00e3o F\u00e9lix<br>D\u00e1rio Meira<br>Cip\u00f3<br>S\u00e1tiro Dias<br>Aurelino Leal<br>Vereda<br>Inhambupe<br>Itarantim<\/p>\n","protected":false},"excerpt":{"rendered":"<p>Confira estragos causados pela chuva em todo o estado. Por g1 BA, TV Bahia, TV Santa Cruz e TV Oeste Trinta e dois munic\u00edpios baianos foram afetados pelas chuvas de novembro, conforme dados das prefeituras enviados \u00e0 Superintend\u00eancia de Prote\u00e7\u00e3o e Defesa Civil da Bahia (Sudec) na quarta-feira (30). [Veja lista das cidades afetadas mais [&hellip;]<\/p>\n","protected":false},"author":2,"featured_media":70549,"comment_status":"open","ping_status":"open","sticky":false,"template":"","format":"standard","meta":{"_acf_changed":false,"_monsterinsights_skip_tracking":false,"_monsterinsights_sitenote_active":false,"_monsterinsights_sitenote_note":"","_monsterinsights_sitenote_category":0,"_jetpack_memberships_contains_paid_content":false,"footnotes":"","jetpack_publicize_message":"","jetpack_publicize_feature_enabled":true,"jetpack_social_post_already_shared":true,"jetpack_social_options":{"image_generator_settings":{"template":"highway","default_image_id":0,"font":"","enabled":false},"version":2}},"categories":[1],"tags":[],"class_list":["post-70548","post","type-post","status-publish","format-standard","has-post-thumbnail","hentry","category-noticias"],"acf":[],"jetpack_publicize_connections":[],"jetpack_featured_media_url":"https:\/\/i0.wp.com\/blogdoeloiltoncajuhy.com.br\/site\/wp-content\/uploads\/2022\/12\/BA_Alagamentos-causados-pelas-chuvas-01122022.webp?fit=984%2C616&ssl=1","jetpack_sharing_enabled":true,"publishpress_future_workflow_manual_trigger":{"enabledWorkflows":[]},"_links":{"self":[{"href":"https:\/\/blogdoeloiltoncajuhy.com.br\/site\/wp-json\/wp\/v2\/posts\/70548","targetHints":{"allow":["GET"]}}],"collection":[{"href":"https:\/\/blogdoeloiltoncajuhy.com.br\/site\/wp-json\/wp\/v2\/posts"}],"about":[{"href":"https:\/\/blogdoeloiltoncajuhy.com.br\/site\/wp-json\/wp\/v2\/types\/post"}],"author":[{"embeddable":true,"href":"https:\/\/blogdoeloiltoncajuhy.com.br\/site\/wp-json\/wp\/v2\/users\/2"}],"replies":[{"embeddable":true,"href":"https:\/\/blogdoeloiltoncajuhy.com.br\/site\/wp-json\/wp\/v2\/comments?post=70548"}],"version-history":[{"count":1,"href":"https:\/\/blogdoeloiltoncajuhy.com.br\/site\/wp-json\/wp\/v2\/posts\/70548\/revisions"}],"predecessor-version":[{"id":70550,"href":"https:\/\/blogdoeloiltoncajuhy.com.br\/site\/wp-json\/wp\/v2\/posts\/70548\/revisions\/70550"}],"wp:featuredmedia":[{"embeddable":true,"href":"https:\/\/blogdoeloiltoncajuhy.com.br\/site\/wp-json\/wp\/v2\/media\/70549"}],"wp:attachment":[{"href":"https:\/\/blogdoeloiltoncajuhy.com.br\/site\/wp-json\/wp\/v2\/media?parent=70548"}],"wp:term":[{"taxonomy":"category","embeddable":true,"href":"https:\/\/blogdoeloiltoncajuhy.com.br\/site\/wp-json\/wp\/v2\/categories?post=70548"},{"taxonomy":"post_tag","embeddable":true,"href":"https:\/\/blogdoeloiltoncajuhy.com.br\/site\/wp-json\/wp\/v2\/tags?post=70548"}],"curies":[{"name":"wp","href":"https:\/\/api.w.org\/{rel}","templated":true}]}}