{"id":70545,"date":"2022-12-02T02:00:00","date_gmt":"2022-12-02T05:00:00","guid":{"rendered":"http:\/\/blogdoeloiltoncajuhy.com.br\/site\/?p=70545"},"modified":"2022-12-01T20:46:08","modified_gmt":"2022-12-01T23:46:08","slug":"estilo-musical-e-de-danca-tipico-do-brasil-o-samba-e-comemorado-neste-dia-02-de-dezembro","status":"publish","type":"post","link":"https:\/\/blogdoeloiltoncajuhy.com.br\/site\/estilo-musical-e-de-danca-tipico-do-brasil-o-samba-e-comemorado-neste-dia-02-de-dezembro\/","title":{"rendered":"Estilo musical e de dan\u00e7a t\u00edpico do Brasil, o Samba \u00e9 comemorado neste dia 02 de dezembro"},"content":{"rendered":"\n<p><strong>Por Calendarr<\/strong><\/p>\n\n\n\n<figure class=\"wp-block-image aligncenter size-full\"><a href=\"https:\/\/i0.wp.com\/blogdoeloiltoncajuhy.com.br\/site\/wp-content\/uploads\/2022\/12\/pandeiro-dia-do-samba_c.webp\"><img data-recalc-dims=\"1\" fetchpriority=\"high\" decoding=\"async\" width=\"640\" height=\"390\" src=\"https:\/\/i0.wp.com\/blogdoeloiltoncajuhy.com.br\/site\/wp-content\/uploads\/2022\/12\/pandeiro-dia-do-samba_c.webp?resize=640%2C390\" alt=\"\" class=\"wp-image-70546\" srcset=\"https:\/\/i0.wp.com\/blogdoeloiltoncajuhy.com.br\/site\/wp-content\/uploads\/2022\/12\/pandeiro-dia-do-samba_c.webp?w=640&amp;ssl=1 640w, https:\/\/i0.wp.com\/blogdoeloiltoncajuhy.com.br\/site\/wp-content\/uploads\/2022\/12\/pandeiro-dia-do-samba_c.webp?resize=300%2C183&amp;ssl=1 300w\" sizes=\"(max-width: 640px) 100vw, 640px\" \/><\/a><\/figure>\n\n\n\n<p>O <strong>Dia Nacional do Samba<\/strong> \u00e9 comemorado anualmente em 2 de dezembro. O Brasil \u00e9 conhecido internacionalmente pelo samba, um estilo musical e de dan\u00e7a t\u00edpico do pa\u00eds. O Carnaval \u00e9 a festividade onde o samba se popularizou virando o ritmo oficial da festa, principalmente com os desfiles das escolas de samba.<\/p>\n\n\n\n<p>O samba \u00e9 apreciado pelos brasileiros em todo territ\u00f3rio nacional, por\u00e9m, tradicionalmente, o ritmo tornou-se \u201cmarca registrada\u201d do Rio de Janeiro e da Bahia.<\/p>\n\n\n\n<p>Em 2005, o samba de roda se tornou obra-prima do patrim\u00f4nio oral e imaterial da humanidade pela Unesco. Esta manifesta\u00e7\u00e3o brasileira foi o primeiro g\u00eanero musical do pa\u00eds a receber este t\u00edtulo.<\/p>\n\n\n\n<figure class=\"wp-block-embed aligncenter is-type-video is-provider-youtube wp-block-embed-youtube wp-embed-aspect-4-3 wp-has-aspect-ratio\"><div class=\"wp-block-embed__wrapper\">\n<iframe title=\"Devagar, Devagarinho\" width=\"800\" height=\"600\" src=\"https:\/\/www.youtube.com\/embed\/3m5f8-MLJO4?feature=oembed\" frameborder=\"0\" allow=\"accelerometer; autoplay; clipboard-write; encrypted-media; gyroscope; picture-in-picture\" allowfullscreen><\/iframe>\n<\/div><\/figure>\n\n\n\n<p class=\"has-black-color has-text-color has-medium-font-size\"><strong>Origem do Dia do Samba<\/strong><\/p>\n\n\n\n<p>O Dia Nacional do Samba n\u00e3o \u00e9 uma data comemorativa oficial e foi aprovado como lei estadual do Estado da Guanabara (atual munic\u00edpio do Rio de Janeiro), atrav\u00e9s da Lei n\u00b0 554, de 27 julho de 1964.<\/p>\n\n\n\n<p>Na Bahia, tamb\u00e9m havia um projeto de lei, de 1963, que pretendia instituir o Dia do Samba. J\u00e1 considerando a sua aprova\u00e7\u00e3o, o projeto declara que as comemora\u00e7\u00f5es da data nesse ano homenageariam Ary Barroso, compositor brasileiro, autor de <em>&#8220;Aquarela do Brasil&#8221;<\/em>, entre outras can\u00e7\u00f5es.<\/p>\n\n\n\n<p>\u00c9 possivelmente por esse motivo que se passou a divulgar a ideia de que a data seria uma homenagem ao sambista.<\/p>\n\n\n\n<p>Assim, embora o Dia Nacional do Samba n\u00e3o seja oficial, a sua comemora\u00e7\u00e3o \u00e9 conhecida nacionalmente.<\/p>\n\n\n\n<p>Vale lembrar que existem varia\u00e7\u00f5es do samba com outros estilos m\u00fasicas. Entre eles, o que se destaca \u00e9 o samba Rock, o samba enredo, o samba pagode, o samba carnavalesco, o samba de gafieira e etc.<\/p>\n\n\n\n<figure class=\"wp-block-embed aligncenter is-type-video is-provider-youtube wp-block-embed-youtube wp-embed-aspect-16-9 wp-has-aspect-ratio\"><div class=\"wp-block-embed__wrapper\">\n<iframe title=\"Beth Carvalho - Vou Festejar (Pseudo Video)\" width=\"800\" height=\"450\" src=\"https:\/\/www.youtube.com\/embed\/KmUe9VYxJYQ?feature=oembed\" frameborder=\"0\" allow=\"accelerometer; autoplay; clipboard-write; encrypted-media; gyroscope; picture-in-picture\" allowfullscreen><\/iframe>\n<\/div><\/figure>\n","protected":false},"excerpt":{"rendered":"<p>Por Calendarr O Dia Nacional do Samba \u00e9 comemorado anualmente em 2 de dezembro. O Brasil \u00e9 conhecido internacionalmente pelo samba, um estilo musical e de dan\u00e7a t\u00edpico do pa\u00eds. O Carnaval \u00e9 a festividade onde o samba se popularizou virando o ritmo oficial da festa, principalmente com os desfiles das escolas de samba. O [&hellip;]<\/p>\n","protected":false},"author":2,"featured_media":70546,"comment_status":"open","ping_status":"open","sticky":false,"template":"","format":"standard","meta":{"_acf_changed":false,"_monsterinsights_skip_tracking":false,"_monsterinsights_sitenote_active":false,"_monsterinsights_sitenote_note":"","_monsterinsights_sitenote_category":0,"_jetpack_memberships_contains_paid_content":false,"footnotes":"","jetpack_publicize_message":"","jetpack_publicize_feature_enabled":true,"jetpack_social_post_already_shared":true,"jetpack_social_options":{"image_generator_settings":{"template":"highway","default_image_id":0,"font":"","enabled":false},"version":2}},"categories":[8],"tags":[],"class_list":["post-70545","post","type-post","status-publish","format-standard","has-post-thumbnail","hentry","category-cultura"],"acf":[],"jetpack_publicize_connections":[],"jetpack_featured_media_url":"https:\/\/i0.wp.com\/blogdoeloiltoncajuhy.com.br\/site\/wp-content\/uploads\/2022\/12\/pandeiro-dia-do-samba_c.webp?fit=640%2C390&ssl=1","jetpack_sharing_enabled":true,"publishpress_future_workflow_manual_trigger":{"enabledWorkflows":[]},"_links":{"self":[{"href":"https:\/\/blogdoeloiltoncajuhy.com.br\/site\/wp-json\/wp\/v2\/posts\/70545","targetHints":{"allow":["GET"]}}],"collection":[{"href":"https:\/\/blogdoeloiltoncajuhy.com.br\/site\/wp-json\/wp\/v2\/posts"}],"about":[{"href":"https:\/\/blogdoeloiltoncajuhy.com.br\/site\/wp-json\/wp\/v2\/types\/post"}],"author":[{"embeddable":true,"href":"https:\/\/blogdoeloiltoncajuhy.com.br\/site\/wp-json\/wp\/v2\/users\/2"}],"replies":[{"embeddable":true,"href":"https:\/\/blogdoeloiltoncajuhy.com.br\/site\/wp-json\/wp\/v2\/comments?post=70545"}],"version-history":[{"count":1,"href":"https:\/\/blogdoeloiltoncajuhy.com.br\/site\/wp-json\/wp\/v2\/posts\/70545\/revisions"}],"predecessor-version":[{"id":70547,"href":"https:\/\/blogdoeloiltoncajuhy.com.br\/site\/wp-json\/wp\/v2\/posts\/70545\/revisions\/70547"}],"wp:featuredmedia":[{"embeddable":true,"href":"https:\/\/blogdoeloiltoncajuhy.com.br\/site\/wp-json\/wp\/v2\/media\/70546"}],"wp:attachment":[{"href":"https:\/\/blogdoeloiltoncajuhy.com.br\/site\/wp-json\/wp\/v2\/media?parent=70545"}],"wp:term":[{"taxonomy":"category","embeddable":true,"href":"https:\/\/blogdoeloiltoncajuhy.com.br\/site\/wp-json\/wp\/v2\/categories?post=70545"},{"taxonomy":"post_tag","embeddable":true,"href":"https:\/\/blogdoeloiltoncajuhy.com.br\/site\/wp-json\/wp\/v2\/tags?post=70545"}],"curies":[{"name":"wp","href":"https:\/\/api.w.org\/{rel}","templated":true}]}}