{"id":70505,"date":"2022-11-30T06:00:00","date_gmt":"2022-11-30T09:00:00","guid":{"rendered":"http:\/\/blogdoeloiltoncajuhy.com.br\/site\/?p=70505"},"modified":"2022-11-29T20:57:18","modified_gmt":"2022-11-29T23:57:18","slug":"marcacao-de-animais-a-ferro-quente-pode-ser-proibida","status":"publish","type":"post","link":"https:\/\/blogdoeloiltoncajuhy.com.br\/site\/marcacao-de-animais-a-ferro-quente-pode-ser-proibida\/","title":{"rendered":"Marca\u00e7\u00e3o de animais a ferro quente pode ser proibida"},"content":{"rendered":"\n<p class=\"has-text-align-center has-medium-font-size\"><em>Projeto de lei amplia discuss\u00e3o sobre a import\u00e2ncia do bem-estar dos animais de produ\u00e7\u00e3o e interesse econ\u00f4mico, especialmente quanto \u00e0 substitui\u00e7\u00e3o de m\u00e9todo cruel.<\/em><\/p>\n\n\n\n<p><strong>Por FSB Comunica\u00e7\u00e3o<\/strong><\/p>\n\n\n\n<figure class=\"wp-block-image aligncenter size-full is-resized\"><a href=\"https:\/\/i0.wp.com\/blogdoeloiltoncajuhy.com.br\/site\/wp-content\/uploads\/2022\/11\/Marcacao-de-gado725108.webp\"><img data-recalc-dims=\"1\" fetchpriority=\"high\" decoding=\"async\" src=\"https:\/\/i0.wp.com\/blogdoeloiltoncajuhy.com.br\/site\/wp-content\/uploads\/2022\/11\/Marcacao-de-gado725108.webp?resize=675%2C433\" alt=\"\" class=\"wp-image-70506\" width=\"675\" height=\"433\" srcset=\"https:\/\/i0.wp.com\/blogdoeloiltoncajuhy.com.br\/site\/wp-content\/uploads\/2022\/11\/Marcacao-de-gado725108.webp?w=810&amp;ssl=1 810w, https:\/\/i0.wp.com\/blogdoeloiltoncajuhy.com.br\/site\/wp-content\/uploads\/2022\/11\/Marcacao-de-gado725108.webp?resize=300%2C193&amp;ssl=1 300w, https:\/\/i0.wp.com\/blogdoeloiltoncajuhy.com.br\/site\/wp-content\/uploads\/2022\/11\/Marcacao-de-gado725108.webp?resize=768%2C493&amp;ssl=1 768w\" sizes=\"(max-width: 675px) 100vw, 675px\" \/><\/a><\/figure>\n\n\n\n<p>Respons\u00e1veis pela fiscaliza\u00e7\u00e3o e fomento das a\u00e7\u00f5es de bem-estar animal, os auditores fiscais federais agropecu\u00e1rios (affas), servidores do Minist\u00e9rio da Agricultura, Pecu\u00e1ria e Abastecimento (Mapa), v\u00e3o exercer papel estrat\u00e9gico no combate \u00e0 marca\u00e7\u00e3o de animais a ferro quente, caso seja aprovada proposta de lei em an\u00e1lise na C\u00e2mara dos Deputados. Trata-se do PL 2658\/22, que pro\u00edbe a marca\u00e7\u00e3o a ferro quente em animais de produ\u00e7\u00e3o, enquadrando a pr\u00e1tica como crime de abuso e maus-tratos.<\/p>\n\n\n\n<p>Pelo texto, os infratores estar\u00e3o sujeitos \u00e0 pena de deten\u00e7\u00e3o de tr\u00eas meses a um ano, e multa. A proposta, em an\u00e1lise na C\u00e2mara dos Deputados, insere dispositivo na Lei de Crimes Ambientais e revoga a Lei 4.714\/65, que trata da marca\u00e7\u00e3o a ferro candente e atribui aos affas a fiscaliza\u00e7\u00e3o e delega ao Mapa a regulamenta\u00e7\u00e3o da lei, caso a proposta seja aprovada. A discuss\u00e3o j\u00e1 fazia parte dos temas tratados pelos Auditores Fiscais Federais Agropecu\u00e1rios, com intuito de intensificar a\u00e7\u00f5es para o bem-estar dos animais de produ\u00e7\u00e3o e de interesse econ\u00f4mico nos diversos sistemas pecu\u00e1rios brasileiros.<\/p>\n\n\n\n<p>A auditora fiscal federal agropecu\u00e1ria (affa) Lizie Pereira Buss, Coordenadora de boas pr\u00e1ticas e bem-estar animal do Mapa, informa que desde 2008, quando esse trabalho foi iniciado dentro do Minist\u00e9rio, na \u00e9poca pela Comiss\u00e3o T\u00e9cnica, esse tipo de pr\u00e1tica j\u00e1 era questionada e obteve m\u00ednimo avan\u00e7o. &#8220;Para identificar terneiras (bezerras) vacinadas contra Brucelose, o Mapa torna obrigat\u00f3ria a marca a fogo na face do animal. Antes a marca tinha dois d\u00edgitos e agora tem um, gra\u00e7as ao trabalho realizado por colegas sens\u00edveis ao sofrimento dos animais, que hoje atuam na Secretaria de Defesa Agropecu\u00e1ria, do Mapa&#8221;, explica Lizie.<\/p>\n\n\n\n<p>Mesmo com iniciativas que reduziram a marca\u00e7\u00e3o, a coordenadora ressalta que a pr\u00e1tica \u00e9 medieval. &#8220;Provoca dor intensa e prolongada. \u00c9 uma queimadura de segundo ou terceiro grau&#8221;, esclarece. Segundo Lizie, o PL 2658\/22 est\u00e1 alinhado com o anseio da sociedade. &#8220;Ele vai acelerar a ado\u00e7\u00e3o de outro processo de identifica\u00e7\u00e3o menos doloroso para os animais&#8221;, avalia.<\/p>\n","protected":false},"excerpt":{"rendered":"<p>Projeto de lei amplia discuss\u00e3o sobre a import\u00e2ncia do bem-estar dos animais de produ\u00e7\u00e3o e interesse econ\u00f4mico, especialmente quanto \u00e0 substitui\u00e7\u00e3o de m\u00e9todo cruel. Por FSB Comunica\u00e7\u00e3o Respons\u00e1veis pela fiscaliza\u00e7\u00e3o e fomento das a\u00e7\u00f5es de bem-estar animal, os auditores fiscais federais agropecu\u00e1rios (affas), servidores do Minist\u00e9rio da Agricultura, Pecu\u00e1ria e Abastecimento (Mapa), v\u00e3o exercer papel [&hellip;]<\/p>\n","protected":false},"author":2,"featured_media":70506,"comment_status":"open","ping_status":"open","sticky":false,"template":"","format":"standard","meta":{"_acf_changed":false,"_monsterinsights_skip_tracking":false,"_monsterinsights_sitenote_active":false,"_monsterinsights_sitenote_note":"","_monsterinsights_sitenote_category":0,"_jetpack_memberships_contains_paid_content":false,"footnotes":"","jetpack_publicize_message":"","jetpack_publicize_feature_enabled":true,"jetpack_social_post_already_shared":true,"jetpack_social_options":{"image_generator_settings":{"template":"highway","default_image_id":0,"font":"","enabled":false},"version":2}},"categories":[1],"tags":[],"class_list":["post-70505","post","type-post","status-publish","format-standard","has-post-thumbnail","hentry","category-noticias"],"acf":[],"jetpack_publicize_connections":[],"jetpack_featured_media_url":"https:\/\/i0.wp.com\/blogdoeloiltoncajuhy.com.br\/site\/wp-content\/uploads\/2022\/11\/Marcacao-de-gado725108.webp?fit=810%2C520&ssl=1","jetpack_sharing_enabled":true,"publishpress_future_workflow_manual_trigger":{"enabledWorkflows":[]},"_links":{"self":[{"href":"https:\/\/blogdoeloiltoncajuhy.com.br\/site\/wp-json\/wp\/v2\/posts\/70505","targetHints":{"allow":["GET"]}}],"collection":[{"href":"https:\/\/blogdoeloiltoncajuhy.com.br\/site\/wp-json\/wp\/v2\/posts"}],"about":[{"href":"https:\/\/blogdoeloiltoncajuhy.com.br\/site\/wp-json\/wp\/v2\/types\/post"}],"author":[{"embeddable":true,"href":"https:\/\/blogdoeloiltoncajuhy.com.br\/site\/wp-json\/wp\/v2\/users\/2"}],"replies":[{"embeddable":true,"href":"https:\/\/blogdoeloiltoncajuhy.com.br\/site\/wp-json\/wp\/v2\/comments?post=70505"}],"version-history":[{"count":1,"href":"https:\/\/blogdoeloiltoncajuhy.com.br\/site\/wp-json\/wp\/v2\/posts\/70505\/revisions"}],"predecessor-version":[{"id":70507,"href":"https:\/\/blogdoeloiltoncajuhy.com.br\/site\/wp-json\/wp\/v2\/posts\/70505\/revisions\/70507"}],"wp:featuredmedia":[{"embeddable":true,"href":"https:\/\/blogdoeloiltoncajuhy.com.br\/site\/wp-json\/wp\/v2\/media\/70506"}],"wp:attachment":[{"href":"https:\/\/blogdoeloiltoncajuhy.com.br\/site\/wp-json\/wp\/v2\/media?parent=70505"}],"wp:term":[{"taxonomy":"category","embeddable":true,"href":"https:\/\/blogdoeloiltoncajuhy.com.br\/site\/wp-json\/wp\/v2\/categories?post=70505"},{"taxonomy":"post_tag","embeddable":true,"href":"https:\/\/blogdoeloiltoncajuhy.com.br\/site\/wp-json\/wp\/v2\/tags?post=70505"}],"curies":[{"name":"wp","href":"https:\/\/api.w.org\/{rel}","templated":true}]}}