{"id":70503,"date":"2022-11-30T04:00:00","date_gmt":"2022-11-30T07:00:00","guid":{"rendered":"http:\/\/blogdoeloiltoncajuhy.com.br\/site\/?p=70503"},"modified":"2022-11-29T20:48:46","modified_gmt":"2022-11-29T23:48:46","slug":"sinebahia-oferece-600-vagas-para-cursos-e-palestras-gratuitas-de-capacitacao-profissional-saiba-como-participar","status":"publish","type":"post","link":"https:\/\/blogdoeloiltoncajuhy.com.br\/site\/sinebahia-oferece-600-vagas-para-cursos-e-palestras-gratuitas-de-capacitacao-profissional-saiba-como-participar\/","title":{"rendered":"SineBahia oferece 600 vagas para cursos e palestras gratuitas de capacita\u00e7\u00e3o profissional; saiba como participar"},"content":{"rendered":"\n<p class=\"has-text-align-center has-medium-font-size\"><em>Interessados devem se inscrever at\u00e9 domingo (4). As atividades ser\u00e3o realizadas \u00e0 dist\u00e2ncia.<\/em><\/p>\n\n\n\n<p><strong>Por g1 BA<\/strong><\/p>\n\n\n\n<figure class=\"wp-block-image aligncenter size-full is-resized\"><a href=\"https:\/\/i0.wp.com\/blogdoeloiltoncajuhy.com.br\/site\/wp-content\/uploads\/2019\/01\/SineBahia-03-2.jpg\"><img data-recalc-dims=\"1\" fetchpriority=\"high\" decoding=\"async\" src=\"https:\/\/i0.wp.com\/blogdoeloiltoncajuhy.com.br\/site\/wp-content\/uploads\/2019\/01\/SineBahia-03-2.jpg?resize=570%2C336\" alt=\"\" class=\"wp-image-30793\" width=\"570\" height=\"336\" srcset=\"https:\/\/i0.wp.com\/blogdoeloiltoncajuhy.com.br\/site\/wp-content\/uploads\/2019\/01\/SineBahia-03-2.jpg?w=499&amp;ssl=1 499w, https:\/\/i0.wp.com\/blogdoeloiltoncajuhy.com.br\/site\/wp-content\/uploads\/2019\/01\/SineBahia-03-2.jpg?resize=300%2C177&amp;ssl=1 300w, https:\/\/i0.wp.com\/blogdoeloiltoncajuhy.com.br\/site\/wp-content\/uploads\/2019\/01\/SineBahia-03-2.jpg?resize=250%2C147&amp;ssl=1 250w\" sizes=\"(max-width: 570px) 100vw, 570px\" \/><\/a><\/figure>\n\n\n\n<p>O SineBahia, \u00f3rg\u00e3o estadual de intermedia\u00e7\u00e3o de m\u00e3o-de-obra, est\u00e1 com inscri\u00e7\u00f5es abertas para 600 vagas em cursos e palestras de capacita\u00e7\u00e3o profissional. As atividades s\u00e3o gratuitas e ser\u00e3o realizadas \u00e0 dist\u00e2ncia.<\/p>\n\n\n\n<p>Interessados devem preencher, at\u00e9 o pr\u00f3ximo domingo (4), um <a href=\"https:\/\/forms.office.com\/pages\/responsepage.aspx?id=9DXYTEBUj0CTo5dfwXw4SteR6q5Y2KRDt-Ai_6Gjb8xUNEQ2Q0VHS0lMRVpPVkRPRDNYMk1HNVAwNy4u\" target=\"_blank\" rel=\"noreferrer noopener\">formul\u00e1rio de inscri\u00e7\u00e3o<\/a>. As confirma\u00e7\u00f5es das inscri\u00e7\u00f5es ser\u00e3o informadas atrav\u00e9s do e-mail cadastrado na pr\u00e9-inscri\u00e7\u00e3o. Os participantes podem residir em qualquer cidade baiana.<\/p>\n\n\n\n<p>A a\u00e7\u00e3o tem como objetivo incluir pessoas no mercado de trabalho e desenvolver a\u00e7\u00f5es destinadas \u00e0 qualifica\u00e7\u00e3o profissional.<\/p>\n\n\n\n<p class=\"has-black-color has-text-color has-large-font-size\"><strong>Cursos:<\/strong><\/p>\n\n\n\n<ul class=\"wp-block-list\">\n<li>Estrat\u00e9gias de Leitura em L\u00edngua Inglesa;<\/li>\n<\/ul>\n\n\n\n<ul class=\"wp-block-list\">\n<li>Libras;<\/li>\n<\/ul>\n\n\n\n<ul class=\"wp-block-list\">\n<li>Atendimento ao P\u00fablico e Reda\u00e7\u00e3o.<\/li>\n<\/ul>\n\n\n\n<p><\/p>\n\n\n\n<p class=\"has-black-color has-text-color has-large-font-size\"><strong>Palestras:<\/strong><\/p>\n\n\n\n<ul class=\"wp-block-list\">\n<li>Empregabilidade;<\/li>\n<\/ul>\n\n\n\n<ul class=\"wp-block-list\">\n<li>Orienta\u00e7\u00e3o para o Trabalho;<\/li>\n<\/ul>\n\n\n\n<ul class=\"wp-block-list\">\n<li>Dezembro Vermelho: Dia de Luta contra a AIDS e ISTs;<\/li>\n<\/ul>\n\n\n\n<ul class=\"wp-block-list\">\n<li>Compet\u00eancias Socioecon\u00f4micas para o Mercado de Trabalho e Alcoolismo.<\/li>\n<\/ul>\n","protected":false},"excerpt":{"rendered":"<p>Interessados devem se inscrever at\u00e9 domingo (4). As atividades ser\u00e3o realizadas \u00e0 dist\u00e2ncia. Por g1 BA O SineBahia, \u00f3rg\u00e3o estadual de intermedia\u00e7\u00e3o de m\u00e3o-de-obra, est\u00e1 com inscri\u00e7\u00f5es abertas para 600 vagas em cursos e palestras de capacita\u00e7\u00e3o profissional. As atividades s\u00e3o gratuitas e ser\u00e3o realizadas \u00e0 dist\u00e2ncia. Interessados devem preencher, at\u00e9 o pr\u00f3ximo domingo (4), [&hellip;]<\/p>\n","protected":false},"author":2,"featured_media":62786,"comment_status":"open","ping_status":"open","sticky":false,"template":"","format":"standard","meta":{"_acf_changed":false,"_monsterinsights_skip_tracking":false,"_monsterinsights_sitenote_active":false,"_monsterinsights_sitenote_note":"","_monsterinsights_sitenote_category":0,"_jetpack_memberships_contains_paid_content":false,"footnotes":"","jetpack_publicize_message":"","jetpack_publicize_feature_enabled":true,"jetpack_social_post_already_shared":true,"jetpack_social_options":{"image_generator_settings":{"template":"highway","default_image_id":0,"font":"","enabled":false},"version":2}},"categories":[1],"tags":[],"class_list":["post-70503","post","type-post","status-publish","format-standard","has-post-thumbnail","hentry","category-noticias"],"acf":[],"jetpack_publicize_connections":[],"jetpack_featured_media_url":"https:\/\/i0.wp.com\/blogdoeloiltoncajuhy.com.br\/site\/wp-content\/uploads\/2022\/02\/Sinebahia_Rede-foto-camila-souza-govba.jpeg?fit=984%2C617&ssl=1","jetpack_sharing_enabled":true,"publishpress_future_workflow_manual_trigger":{"enabledWorkflows":[]},"_links":{"self":[{"href":"https:\/\/blogdoeloiltoncajuhy.com.br\/site\/wp-json\/wp\/v2\/posts\/70503","targetHints":{"allow":["GET"]}}],"collection":[{"href":"https:\/\/blogdoeloiltoncajuhy.com.br\/site\/wp-json\/wp\/v2\/posts"}],"about":[{"href":"https:\/\/blogdoeloiltoncajuhy.com.br\/site\/wp-json\/wp\/v2\/types\/post"}],"author":[{"embeddable":true,"href":"https:\/\/blogdoeloiltoncajuhy.com.br\/site\/wp-json\/wp\/v2\/users\/2"}],"replies":[{"embeddable":true,"href":"https:\/\/blogdoeloiltoncajuhy.com.br\/site\/wp-json\/wp\/v2\/comments?post=70503"}],"version-history":[{"count":1,"href":"https:\/\/blogdoeloiltoncajuhy.com.br\/site\/wp-json\/wp\/v2\/posts\/70503\/revisions"}],"predecessor-version":[{"id":70504,"href":"https:\/\/blogdoeloiltoncajuhy.com.br\/site\/wp-json\/wp\/v2\/posts\/70503\/revisions\/70504"}],"wp:featuredmedia":[{"embeddable":true,"href":"https:\/\/blogdoeloiltoncajuhy.com.br\/site\/wp-json\/wp\/v2\/media\/62786"}],"wp:attachment":[{"href":"https:\/\/blogdoeloiltoncajuhy.com.br\/site\/wp-json\/wp\/v2\/media?parent=70503"}],"wp:term":[{"taxonomy":"category","embeddable":true,"href":"https:\/\/blogdoeloiltoncajuhy.com.br\/site\/wp-json\/wp\/v2\/categories?post=70503"},{"taxonomy":"post_tag","embeddable":true,"href":"https:\/\/blogdoeloiltoncajuhy.com.br\/site\/wp-json\/wp\/v2\/tags?post=70503"}],"curies":[{"name":"wp","href":"https:\/\/api.w.org\/{rel}","templated":true}]}}