{"id":70500,"date":"2022-11-30T02:00:00","date_gmt":"2022-11-30T05:00:00","guid":{"rendered":"http:\/\/blogdoeloiltoncajuhy.com.br\/site\/?p=70500"},"modified":"2022-11-29T20:40:07","modified_gmt":"2022-11-29T23:40:07","slug":"dia-do-estatuto-da-terra-lembra-regulacao-das-praticas-rurais","status":"publish","type":"post","link":"https:\/\/blogdoeloiltoncajuhy.com.br\/site\/dia-do-estatuto-da-terra-lembra-regulacao-das-praticas-rurais\/","title":{"rendered":"Dia do Estatuto da Terra lembra regula\u00e7\u00e3o das pr\u00e1ticas rurais"},"content":{"rendered":"\n<p><strong>Por Koppert<\/strong><\/p>\n\n\n\n<figure class=\"wp-block-image aligncenter size-full is-resized\"><a href=\"https:\/\/i0.wp.com\/blogdoeloiltoncajuhy.com.br\/site\/wp-content\/uploads\/2022\/11\/Estatuto-da-terra.webp\"><img data-recalc-dims=\"1\" fetchpriority=\"high\" decoding=\"async\" src=\"https:\/\/i0.wp.com\/blogdoeloiltoncajuhy.com.br\/site\/wp-content\/uploads\/2022\/11\/Estatuto-da-terra.webp?resize=705%2C390\" alt=\"\" class=\"wp-image-70501\" width=\"705\" height=\"390\" srcset=\"https:\/\/i0.wp.com\/blogdoeloiltoncajuhy.com.br\/site\/wp-content\/uploads\/2022\/11\/Estatuto-da-terra.webp?w=800&amp;ssl=1 800w, https:\/\/i0.wp.com\/blogdoeloiltoncajuhy.com.br\/site\/wp-content\/uploads\/2022\/11\/Estatuto-da-terra.webp?resize=300%2C166&amp;ssl=1 300w, https:\/\/i0.wp.com\/blogdoeloiltoncajuhy.com.br\/site\/wp-content\/uploads\/2022\/11\/Estatuto-da-terra.webp?resize=768%2C425&amp;ssl=1 768w\" sizes=\"(max-width: 705px) 100vw, 705px\" \/><\/a><\/figure>\n\n\n\n<p>Em 30 de novembro, se comemora o Dia do Estatuto da Terra, que foi institu\u00eddo em 1964 com o objetivo de desenvolver a agropecu\u00e1ria no Brasil e promover a reforma agr\u00e1ria, com base na fun\u00e7\u00e3o social da terra.<\/p>\n\n\n\n<p>O Estatuto da Terra conta com uma s\u00e9rie de diretrizes que regulam as pr\u00e1ticas rurais no pa\u00eds e que ajudam a promover o agroneg\u00f3cio nacional.<\/p>\n\n\n\n<p>Dentre as medidas determinadas pela lei est\u00e3o os tipos e tamanhos de propriedades rurais, as formas de trabalho no campo e a\u00e7\u00f5es de prote\u00e7\u00e3o \u00e0 economia rural como: desenvolvimento e distribui\u00e7\u00e3o de sementes e mudas; mecaniza\u00e7\u00e3o agr\u00edcola; comercializa\u00e7\u00e3o; cooperativismo; cr\u00e9dito e seguro rural.<\/p>\n","protected":false},"excerpt":{"rendered":"<p>Por Koppert Em 30 de novembro, se comemora o Dia do Estatuto da Terra, que foi institu\u00eddo em 1964 com o objetivo de desenvolver a agropecu\u00e1ria no Brasil e promover a reforma agr\u00e1ria, com base na fun\u00e7\u00e3o social da terra. O Estatuto da Terra conta com uma s\u00e9rie de diretrizes que regulam as pr\u00e1ticas rurais [&hellip;]<\/p>\n","protected":false},"author":2,"featured_media":70501,"comment_status":"open","ping_status":"open","sticky":false,"template":"","format":"standard","meta":{"_acf_changed":false,"_monsterinsights_skip_tracking":false,"_monsterinsights_sitenote_active":false,"_monsterinsights_sitenote_note":"","_monsterinsights_sitenote_category":0,"_jetpack_memberships_contains_paid_content":false,"footnotes":"","jetpack_publicize_message":"","jetpack_publicize_feature_enabled":true,"jetpack_social_post_already_shared":true,"jetpack_social_options":{"image_generator_settings":{"template":"highway","default_image_id":0,"font":"","enabled":false},"version":2}},"categories":[5],"tags":[],"class_list":["post-70500","post","type-post","status-publish","format-standard","has-post-thumbnail","hentry","category-cotidiano"],"acf":[],"jetpack_publicize_connections":[],"jetpack_featured_media_url":"https:\/\/i0.wp.com\/blogdoeloiltoncajuhy.com.br\/site\/wp-content\/uploads\/2022\/11\/Estatuto-da-terra.webp?fit=800%2C443&ssl=1","jetpack_sharing_enabled":true,"publishpress_future_workflow_manual_trigger":{"enabledWorkflows":[]},"_links":{"self":[{"href":"https:\/\/blogdoeloiltoncajuhy.com.br\/site\/wp-json\/wp\/v2\/posts\/70500","targetHints":{"allow":["GET"]}}],"collection":[{"href":"https:\/\/blogdoeloiltoncajuhy.com.br\/site\/wp-json\/wp\/v2\/posts"}],"about":[{"href":"https:\/\/blogdoeloiltoncajuhy.com.br\/site\/wp-json\/wp\/v2\/types\/post"}],"author":[{"embeddable":true,"href":"https:\/\/blogdoeloiltoncajuhy.com.br\/site\/wp-json\/wp\/v2\/users\/2"}],"replies":[{"embeddable":true,"href":"https:\/\/blogdoeloiltoncajuhy.com.br\/site\/wp-json\/wp\/v2\/comments?post=70500"}],"version-history":[{"count":1,"href":"https:\/\/blogdoeloiltoncajuhy.com.br\/site\/wp-json\/wp\/v2\/posts\/70500\/revisions"}],"predecessor-version":[{"id":70502,"href":"https:\/\/blogdoeloiltoncajuhy.com.br\/site\/wp-json\/wp\/v2\/posts\/70500\/revisions\/70502"}],"wp:featuredmedia":[{"embeddable":true,"href":"https:\/\/blogdoeloiltoncajuhy.com.br\/site\/wp-json\/wp\/v2\/media\/70501"}],"wp:attachment":[{"href":"https:\/\/blogdoeloiltoncajuhy.com.br\/site\/wp-json\/wp\/v2\/media?parent=70500"}],"wp:term":[{"taxonomy":"category","embeddable":true,"href":"https:\/\/blogdoeloiltoncajuhy.com.br\/site\/wp-json\/wp\/v2\/categories?post=70500"},{"taxonomy":"post_tag","embeddable":true,"href":"https:\/\/blogdoeloiltoncajuhy.com.br\/site\/wp-json\/wp\/v2\/tags?post=70500"}],"curies":[{"name":"wp","href":"https:\/\/api.w.org\/{rel}","templated":true}]}}