{"id":70498,"date":"2022-11-30T00:15:00","date_gmt":"2022-11-30T03:15:00","guid":{"rendered":"http:\/\/blogdoeloiltoncajuhy.com.br\/site\/?p=70498"},"modified":"2022-11-29T20:34:20","modified_gmt":"2022-11-29T23:34:20","slug":"30-de-novembro-e-aniversario-da-apresentadora-angelica","status":"publish","type":"post","link":"https:\/\/blogdoeloiltoncajuhy.com.br\/site\/30-de-novembro-e-aniversario-da-apresentadora-angelica\/","title":{"rendered":"30 de novembro \u00e9 anivers\u00e1rio da Apresentadora Ang\u00e9lica"},"content":{"rendered":"\n<p><strong>Por Wikip\u00e9dia<\/strong><\/p>\n\n\n\n<figure class=\"wp-block-image aligncenter size-full is-resized\"><a href=\"https:\/\/i0.wp.com\/blogdoeloiltoncajuhy.com.br\/site\/wp-content\/uploads\/2015\/11\/Angelica-05.jpg\"><img data-recalc-dims=\"1\" fetchpriority=\"high\" decoding=\"async\" src=\"https:\/\/i0.wp.com\/blogdoeloiltoncajuhy.com.br\/site\/wp-content\/uploads\/2015\/11\/Angelica-05.jpg?resize=522%2C644\" alt=\"\" class=\"wp-image-6054\" width=\"522\" height=\"644\" srcset=\"https:\/\/i0.wp.com\/blogdoeloiltoncajuhy.com.br\/site\/wp-content\/uploads\/2015\/11\/Angelica-05.jpg?w=486&amp;ssl=1 486w, https:\/\/i0.wp.com\/blogdoeloiltoncajuhy.com.br\/site\/wp-content\/uploads\/2015\/11\/Angelica-05.jpg?resize=243%2C300&amp;ssl=1 243w, https:\/\/i0.wp.com\/blogdoeloiltoncajuhy.com.br\/site\/wp-content\/uploads\/2015\/11\/Angelica-05.jpg?resize=203%2C250&amp;ssl=1 203w\" sizes=\"(max-width: 522px) 100vw, 522px\" \/><\/a><\/figure>\n\n\n\n<p><strong>Ang\u00e9lica Ksyvickis Huck<\/strong> nasceu em Santo Andr\u00e9-SP, em 30 de novembro de 1973. \u00c9 apresentadora, atriz, ex-cantora e empres\u00e1ria brasileira. Come\u00e7ou a se apresentar na televis\u00e3o aos seis anos, no programa Buzina do Chacrinha. Venceu, junto com outra concorrente (Helen Mara Michelet), o concurso da &#8220;crian\u00e7a mais bonita do Brasil&#8221;.<\/p>\n\n\n\n<p>Fez parte do grupo musical Ultra Leve no ano de 1986, junto de Rodrigo Faro e Ticiane Pinheiro. Aos 12 anos, estreou como apresentadora infantil no comando dos infantis Nave da Fantasia, Clube da Crian\u00e7a e o musical Milk Shake, todos na Rede Manchete.<\/p>\n\n\n\n<p>No SBT apresentou entre 1993 e 1996 o Casa da Ang\u00e9lica, o TV Animal e o Passa ou Repassa. Na TV Globo estreou em 1996 com Angel Mix e fez as telenovelas infantis Ca\u00e7a Talentos, Flora Encantada e Bambulu\u00e1. Mudando o foco para o p\u00fablico jovem-adulto, comandou o V\u00eddeo Game, o Fama, Estrelas e o Simples Assim.<\/p>\n\n\n\n<p>Tamb\u00e9m teve destaque na m\u00fasica sendo contratada pela gravadora CBS aos 14 anos de idade para divulgar as m\u00fasicas em seus programas de TV. Seu primeiro \u00e1lbum no ano de 1988 acabou lhe projetando para o sucesso nacional com o hit &#8220;Vou de T\u00e1xi&#8221;. Entre os anos de 1988 e 2001 lan\u00e7ou 13 \u00e1lbuns de est\u00fadio.<\/p>\n\n\n\n<figure class=\"wp-block-image aligncenter size-full\"><a href=\"https:\/\/i0.wp.com\/blogdoeloiltoncajuhy.com.br\/site\/wp-content\/uploads\/2015\/05\/angelica.jpg\"><img data-recalc-dims=\"1\" decoding=\"async\" width=\"620\" height=\"500\" src=\"https:\/\/i0.wp.com\/blogdoeloiltoncajuhy.com.br\/site\/wp-content\/uploads\/2015\/05\/angelica.jpg?resize=620%2C500\" alt=\"\" class=\"wp-image-1072\" srcset=\"https:\/\/i0.wp.com\/blogdoeloiltoncajuhy.com.br\/site\/wp-content\/uploads\/2015\/05\/angelica.jpg?w=620&amp;ssl=1 620w, https:\/\/i0.wp.com\/blogdoeloiltoncajuhy.com.br\/site\/wp-content\/uploads\/2015\/05\/angelica.jpg?resize=300%2C242&amp;ssl=1 300w, https:\/\/i0.wp.com\/blogdoeloiltoncajuhy.com.br\/site\/wp-content\/uploads\/2015\/05\/angelica.jpg?resize=250%2C202&amp;ssl=1 250w\" sizes=\"(max-width: 620px) 100vw, 620px\" \/><\/a><\/figure>\n","protected":false},"excerpt":{"rendered":"<p>Por Wikip\u00e9dia Ang\u00e9lica Ksyvickis Huck nasceu em Santo Andr\u00e9-SP, em 30 de novembro de 1973. \u00c9 apresentadora, atriz, ex-cantora e empres\u00e1ria brasileira. Come\u00e7ou a se apresentar na televis\u00e3o aos seis anos, no programa Buzina do Chacrinha. Venceu, junto com outra concorrente (Helen Mara Michelet), o concurso da &#8220;crian\u00e7a mais bonita do Brasil&#8221;. Fez parte do [&hellip;]<\/p>\n","protected":false},"author":2,"featured_media":1072,"comment_status":"open","ping_status":"open","sticky":false,"template":"","format":"standard","meta":{"_acf_changed":false,"_monsterinsights_skip_tracking":false,"_monsterinsights_sitenote_active":false,"_monsterinsights_sitenote_note":"","_monsterinsights_sitenote_category":0,"_jetpack_memberships_contains_paid_content":false,"footnotes":"","jetpack_publicize_message":"","jetpack_publicize_feature_enabled":true,"jetpack_social_post_already_shared":true,"jetpack_social_options":{"image_generator_settings":{"template":"highway","default_image_id":0,"font":"","enabled":false},"version":2}},"categories":[12],"tags":[],"class_list":["post-70498","post","type-post","status-publish","format-standard","has-post-thumbnail","hentry","category-gente-que-faz-a-nossa-historia"],"acf":[],"jetpack_publicize_connections":[],"jetpack_featured_media_url":"https:\/\/i0.wp.com\/blogdoeloiltoncajuhy.com.br\/site\/wp-content\/uploads\/2015\/05\/angelica.jpg?fit=620%2C500&ssl=1","jetpack_sharing_enabled":true,"publishpress_future_workflow_manual_trigger":{"enabledWorkflows":[]},"_links":{"self":[{"href":"https:\/\/blogdoeloiltoncajuhy.com.br\/site\/wp-json\/wp\/v2\/posts\/70498","targetHints":{"allow":["GET"]}}],"collection":[{"href":"https:\/\/blogdoeloiltoncajuhy.com.br\/site\/wp-json\/wp\/v2\/posts"}],"about":[{"href":"https:\/\/blogdoeloiltoncajuhy.com.br\/site\/wp-json\/wp\/v2\/types\/post"}],"author":[{"embeddable":true,"href":"https:\/\/blogdoeloiltoncajuhy.com.br\/site\/wp-json\/wp\/v2\/users\/2"}],"replies":[{"embeddable":true,"href":"https:\/\/blogdoeloiltoncajuhy.com.br\/site\/wp-json\/wp\/v2\/comments?post=70498"}],"version-history":[{"count":1,"href":"https:\/\/blogdoeloiltoncajuhy.com.br\/site\/wp-json\/wp\/v2\/posts\/70498\/revisions"}],"predecessor-version":[{"id":70499,"href":"https:\/\/blogdoeloiltoncajuhy.com.br\/site\/wp-json\/wp\/v2\/posts\/70498\/revisions\/70499"}],"wp:featuredmedia":[{"embeddable":true,"href":"https:\/\/blogdoeloiltoncajuhy.com.br\/site\/wp-json\/wp\/v2\/media\/1072"}],"wp:attachment":[{"href":"https:\/\/blogdoeloiltoncajuhy.com.br\/site\/wp-json\/wp\/v2\/media?parent=70498"}],"wp:term":[{"taxonomy":"category","embeddable":true,"href":"https:\/\/blogdoeloiltoncajuhy.com.br\/site\/wp-json\/wp\/v2\/categories?post=70498"},{"taxonomy":"post_tag","embeddable":true,"href":"https:\/\/blogdoeloiltoncajuhy.com.br\/site\/wp-json\/wp\/v2\/tags?post=70498"}],"curies":[{"name":"wp","href":"https:\/\/api.w.org\/{rel}","templated":true}]}}