{"id":70470,"date":"2022-11-28T20:39:37","date_gmt":"2022-11-28T23:39:37","guid":{"rendered":"http:\/\/blogdoeloiltoncajuhy.com.br\/site\/?p=70470"},"modified":"2022-11-28T20:39:40","modified_gmt":"2022-11-28T23:39:40","slug":"municipios-da-regiao-sao-convidados-para-conferencia-territorial-em-senhor-do-bonfim","status":"publish","type":"post","link":"https:\/\/blogdoeloiltoncajuhy.com.br\/site\/municipios-da-regiao-sao-convidados-para-conferencia-territorial-em-senhor-do-bonfim\/","title":{"rendered":"Munic\u00edpios da regi\u00e3o s\u00e3o convidados para confer\u00eancia territorial em Senhor do Bonfim"},"content":{"rendered":"\n<p><strong>Blog do Eloilton Cajuhy<\/strong><\/p>\n\n\n\n<figure class=\"wp-block-image aligncenter size-full is-resized\"><a href=\"https:\/\/i0.wp.com\/blogdoeloiltoncajuhy.com.br\/site\/wp-content\/uploads\/2022\/11\/conferencia-bonfim-nov2022.png\"><img data-recalc-dims=\"1\" fetchpriority=\"high\" decoding=\"async\" src=\"https:\/\/i0.wp.com\/blogdoeloiltoncajuhy.com.br\/site\/wp-content\/uploads\/2022\/11\/conferencia-bonfim-nov2022.png?resize=400%2C442\" alt=\"\" class=\"wp-image-70471\" width=\"400\" height=\"442\" srcset=\"https:\/\/i0.wp.com\/blogdoeloiltoncajuhy.com.br\/site\/wp-content\/uploads\/2022\/11\/conferencia-bonfim-nov2022.png?w=507&amp;ssl=1 507w, https:\/\/i0.wp.com\/blogdoeloiltoncajuhy.com.br\/site\/wp-content\/uploads\/2022\/11\/conferencia-bonfim-nov2022.png?resize=272%2C300&amp;ssl=1 272w\" sizes=\"(max-width: 400px) 100vw, 400px\" \/><\/a><\/figure>\n\n\n\n<p>A 3\u00aa Confer\u00eancia Territorial destinada aos 09 munic\u00edpios que comp\u00f5em o Territ\u00f3rio do Piemonte Norte do Itapicuru, ser\u00e1 realizada nesta ter\u00e7a-feira (29), em Senhor do Bonfim. O evento, que acontecer\u00e1 no audit\u00f3rio do Col\u00e9gio Estadual, a partir das 8h, ter\u00e1 como tema <em>Desenvolvimento Territorial, Participa\u00e7\u00e3o Social e Dever do Estado<\/em>.<\/p>\n\n\n\n<p>Esta confer\u00eancia \u00e9 organizada pelo N\u00facleo Diretivo do Colegiado de Desenvolvimento Territorial Sustent\u00e1vel do Territ\u00f3rio de Identidade Piemonte Norte do Itapicuru, que est\u00e1 convocando os munic\u00edpios que integram o territ\u00f3rio, bem como, convidando todos os membros da Sociedade Civil e do Poder P\u00fablico.<\/p>\n\n\n\n<p>O objetivo da confer\u00eancia \u00e9 dialogar e construir propostas sobre desenvolvimento territorial e fazer um balan\u00e7o sobre perspectivas. Os eixos tem\u00e1ticos abordar\u00e3o o envolvimento dos \u00f3rg\u00e3os governamentais no desenvolvimento territorial com participa\u00e7\u00e3o social; valoriza\u00e7\u00e3o, fortalecimento e financiamento das inst\u00e2ncias da governan\u00e7a territorial, e o papel da sociedade civil organizada na pol\u00edtica de desenvolvimento territorial.<\/p>\n","protected":false},"excerpt":{"rendered":"<p>Blog do Eloilton Cajuhy A 3\u00aa Confer\u00eancia Territorial destinada aos 09 munic\u00edpios que comp\u00f5em o Territ\u00f3rio do Piemonte Norte do Itapicuru, ser\u00e1 realizada nesta ter\u00e7a-feira (29), em Senhor do Bonfim. O evento, que acontecer\u00e1 no audit\u00f3rio do Col\u00e9gio Estadual, a partir das 8h, ter\u00e1 como tema Desenvolvimento Territorial, Participa\u00e7\u00e3o Social e Dever do Estado. Esta [&hellip;]<\/p>\n","protected":false},"author":2,"featured_media":70471,"comment_status":"open","ping_status":"open","sticky":false,"template":"","format":"standard","meta":{"_acf_changed":false,"_monsterinsights_skip_tracking":false,"_monsterinsights_sitenote_active":false,"_monsterinsights_sitenote_note":"","_monsterinsights_sitenote_category":0,"_jetpack_memberships_contains_paid_content":false,"footnotes":"","jetpack_publicize_message":"","jetpack_publicize_feature_enabled":true,"jetpack_social_post_already_shared":true,"jetpack_social_options":{"image_generator_settings":{"template":"highway","default_image_id":0,"font":"","enabled":false},"version":2}},"categories":[4],"tags":[],"class_list":["post-70470","post","type-post","status-publish","format-standard","has-post-thumbnail","hentry","category-local"],"acf":[],"jetpack_publicize_connections":[],"jetpack_featured_media_url":"https:\/\/i0.wp.com\/blogdoeloiltoncajuhy.com.br\/site\/wp-content\/uploads\/2022\/11\/conferencia-bonfim-nov2022.png?fit=507%2C560&ssl=1","jetpack_sharing_enabled":true,"publishpress_future_workflow_manual_trigger":{"enabledWorkflows":[]},"_links":{"self":[{"href":"https:\/\/blogdoeloiltoncajuhy.com.br\/site\/wp-json\/wp\/v2\/posts\/70470","targetHints":{"allow":["GET"]}}],"collection":[{"href":"https:\/\/blogdoeloiltoncajuhy.com.br\/site\/wp-json\/wp\/v2\/posts"}],"about":[{"href":"https:\/\/blogdoeloiltoncajuhy.com.br\/site\/wp-json\/wp\/v2\/types\/post"}],"author":[{"embeddable":true,"href":"https:\/\/blogdoeloiltoncajuhy.com.br\/site\/wp-json\/wp\/v2\/users\/2"}],"replies":[{"embeddable":true,"href":"https:\/\/blogdoeloiltoncajuhy.com.br\/site\/wp-json\/wp\/v2\/comments?post=70470"}],"version-history":[{"count":1,"href":"https:\/\/blogdoeloiltoncajuhy.com.br\/site\/wp-json\/wp\/v2\/posts\/70470\/revisions"}],"predecessor-version":[{"id":70472,"href":"https:\/\/blogdoeloiltoncajuhy.com.br\/site\/wp-json\/wp\/v2\/posts\/70470\/revisions\/70472"}],"wp:featuredmedia":[{"embeddable":true,"href":"https:\/\/blogdoeloiltoncajuhy.com.br\/site\/wp-json\/wp\/v2\/media\/70471"}],"wp:attachment":[{"href":"https:\/\/blogdoeloiltoncajuhy.com.br\/site\/wp-json\/wp\/v2\/media?parent=70470"}],"wp:term":[{"taxonomy":"category","embeddable":true,"href":"https:\/\/blogdoeloiltoncajuhy.com.br\/site\/wp-json\/wp\/v2\/categories?post=70470"},{"taxonomy":"post_tag","embeddable":true,"href":"https:\/\/blogdoeloiltoncajuhy.com.br\/site\/wp-json\/wp\/v2\/tags?post=70470"}],"curies":[{"name":"wp","href":"https:\/\/api.w.org\/{rel}","templated":true}]}}