{"id":70458,"date":"2022-11-28T19:04:48","date_gmt":"2022-11-28T22:04:48","guid":{"rendered":"http:\/\/blogdoeloiltoncajuhy.com.br\/site\/?p=70458"},"modified":"2022-11-28T19:22:48","modified_gmt":"2022-11-28T22:22:48","slug":"violencia-policia-de-bonfim-registra-3-assassinatos-no-final-de-semana","status":"publish","type":"post","link":"https:\/\/blogdoeloiltoncajuhy.com.br\/site\/violencia-policia-de-bonfim-registra-3-assassinatos-no-final-de-semana\/","title":{"rendered":"Viol\u00eancia: Pol\u00edcia de Bonfim registra 3 assassinatos no final de semana"},"content":{"rendered":"\n<p><strong>Blog do Eloilton Cajuhy<\/strong><\/p>\n\n\n\n<figure class=\"wp-block-image aligncenter size-full is-resized\"><a href=\"https:\/\/i0.wp.com\/blogdoeloiltoncajuhy.com.br\/site\/wp-content\/uploads\/2022\/04\/Policia_Pixabay.jpg\"><img data-recalc-dims=\"1\" fetchpriority=\"high\" decoding=\"async\" src=\"https:\/\/i0.wp.com\/blogdoeloiltoncajuhy.com.br\/site\/wp-content\/uploads\/2022\/04\/Policia_Pixabay.jpg?resize=611%2C343\" alt=\"\" class=\"wp-image-64141\" width=\"611\" height=\"343\" srcset=\"https:\/\/i0.wp.com\/blogdoeloiltoncajuhy.com.br\/site\/wp-content\/uploads\/2022\/04\/Policia_Pixabay.jpg?w=534&amp;ssl=1 534w, https:\/\/i0.wp.com\/blogdoeloiltoncajuhy.com.br\/site\/wp-content\/uploads\/2022\/04\/Policia_Pixabay.jpg?resize=300%2C169&amp;ssl=1 300w\" sizes=\"(max-width: 611px) 100vw, 611px\" \/><\/a><\/figure>\n\n\n\n<p>Depois de um curto per\u00edodo de tr\u00e9gua, a viol\u00eancia voltou a assustar os bonfinenses. Do domingo dia 20 at\u00e9 ontem 27, sete pessoas foram mortas de forma violenta em nossa cidade. S\u00f3 neste final de semana foram 3 assassinatos registrados pela pol\u00edcia.<\/p>\n\n\n\n<p>O primeiro deles aconteceu na \u00faltima sexta-feira (25), por volta das 18h40, no Conjunto Residencial Brisas do Monte, quando o jovem <strong>Luiz Eduardo<\/strong>, de 22 anos de idade, conhecido como <strong>Jack<\/strong>, foi atingido com disparos de arma de fogo, fato ocorrido naquele bairro.<\/p>\n\n\n\n<p>Ele foi socorrido pelo Samu e encaminhado para a UPA 24. Devido a gravidade dos ferimentos, ele foi transferido para um hospital do Vale do S\u00e3o Francisco e faleceu na tarde deste domingo (27), segundo informou o rep\u00f3rter Raimundo Nonato, no Canal Aberto da Cara\u00edba FM, na manh\u00e3 desta segunda-feira (28).<\/p>\n\n\n\n<p>Na manh\u00e3 deste domingo, um corpo foi encontrado numa estrada vicinal, entre as localidades de Terreirinho e Cachoeirinha no interior de Senhor do Bonfim. A v\u00edtima, que estava dentro de um saco pl\u00e1stico, foi identificada como <strong>Jos\u00e9 Carlos Silva<\/strong>, de 19 anos de idade. De acordo com informa\u00e7\u00f5es do rep\u00f3rter Walterley Kuhim, ele teria sido sequestrado em Ponto Novo e morto a golpes de faca em nosso munic\u00edpio. A ocorr\u00eancia foi registrada pela pol\u00edcia de Senhor do Bonfim. O IML esteve no local e removeu o corpo.<\/p>\n\n\n\n<p>Ainda no domingo, por volta das 18h, mais um crime b\u00e1rbaro foi registrado pela pol\u00edcia. O corpo de <strong>Marcos Gomes Aquino<\/strong>, de 19 anos, conhecido por <strong>Marquinhos<\/strong>, foi encontrado com as m\u00e3os amarradas e marcas de tiros, no Buri\u00e1.<\/p>\n\n\n\n<figure class=\"wp-block-image aligncenter size-full is-resized\"><a href=\"https:\/\/i0.wp.com\/blogdoeloiltoncajuhy.com.br\/site\/wp-content\/uploads\/2022\/11\/Bonfim_Marquinhos_crime.jpg\"><img data-recalc-dims=\"1\" decoding=\"async\" src=\"https:\/\/i0.wp.com\/blogdoeloiltoncajuhy.com.br\/site\/wp-content\/uploads\/2022\/11\/Bonfim_Marquinhos_crime.jpg?resize=513%2C678\" alt=\"\" class=\"wp-image-70459\" width=\"513\" height=\"678\" srcset=\"https:\/\/i0.wp.com\/blogdoeloiltoncajuhy.com.br\/site\/wp-content\/uploads\/2022\/11\/Bonfim_Marquinhos_crime.jpg?w=750&amp;ssl=1 750w, https:\/\/i0.wp.com\/blogdoeloiltoncajuhy.com.br\/site\/wp-content\/uploads\/2022\/11\/Bonfim_Marquinhos_crime.jpg?resize=227%2C300&amp;ssl=1 227w\" sizes=\"(max-width: 513px) 100vw, 513px\" \/><\/a><figcaption class=\"wp-element-caption\"><sub>Marquinhos foi encontrado morto no Buri\u00e1 &#8211; Foto: Redes Sociais<\/sub><\/figcaption><\/figure>\n\n\n\n<p>A Pol\u00edcia T\u00e9cnica esteve no local para remover o corpo para o Instituto M\u00e9dico Legal (IML). Mais um caso que tamb\u00e9m ser\u00e1 investigado na Delegacia Territorial de Senhor do Bonfim.<\/p>\n\n\n\n<p>At\u00e9 a produ\u00e7\u00e3o desta mat\u00e9ria, em nenhum dos casos nada se sabia sobre autores e motiva\u00e7\u00e3o dos crimes.<\/p>\n","protected":false},"excerpt":{"rendered":"<p>Blog do Eloilton Cajuhy Depois de um curto per\u00edodo de tr\u00e9gua, a viol\u00eancia voltou a assustar os bonfinenses. Do domingo dia 20 at\u00e9 ontem 27, sete pessoas foram mortas de forma violenta em nossa cidade. S\u00f3 neste final de semana foram 3 assassinatos registrados pela pol\u00edcia. O primeiro deles aconteceu na \u00faltima sexta-feira (25), por [&hellip;]<\/p>\n","protected":false},"author":2,"featured_media":70459,"comment_status":"open","ping_status":"open","sticky":false,"template":"","format":"standard","meta":{"_acf_changed":false,"_monsterinsights_skip_tracking":false,"_monsterinsights_sitenote_active":false,"_monsterinsights_sitenote_note":"","_monsterinsights_sitenote_category":0,"_jetpack_memberships_contains_paid_content":false,"footnotes":"","jetpack_publicize_message":"","jetpack_publicize_feature_enabled":true,"jetpack_social_post_already_shared":true,"jetpack_social_options":{"image_generator_settings":{"template":"highway","default_image_id":0,"font":"","enabled":false},"version":2}},"categories":[15],"tags":[],"class_list":["post-70458","post","type-post","status-publish","format-standard","has-post-thumbnail","hentry","category-policia"],"acf":[],"jetpack_publicize_connections":[],"jetpack_featured_media_url":"https:\/\/i0.wp.com\/blogdoeloiltoncajuhy.com.br\/site\/wp-content\/uploads\/2022\/11\/Bonfim_Marquinhos_crime.jpg?fit=750%2C992&ssl=1","jetpack_sharing_enabled":true,"publishpress_future_workflow_manual_trigger":{"enabledWorkflows":[]},"_links":{"self":[{"href":"https:\/\/blogdoeloiltoncajuhy.com.br\/site\/wp-json\/wp\/v2\/posts\/70458","targetHints":{"allow":["GET"]}}],"collection":[{"href":"https:\/\/blogdoeloiltoncajuhy.com.br\/site\/wp-json\/wp\/v2\/posts"}],"about":[{"href":"https:\/\/blogdoeloiltoncajuhy.com.br\/site\/wp-json\/wp\/v2\/types\/post"}],"author":[{"embeddable":true,"href":"https:\/\/blogdoeloiltoncajuhy.com.br\/site\/wp-json\/wp\/v2\/users\/2"}],"replies":[{"embeddable":true,"href":"https:\/\/blogdoeloiltoncajuhy.com.br\/site\/wp-json\/wp\/v2\/comments?post=70458"}],"version-history":[{"count":2,"href":"https:\/\/blogdoeloiltoncajuhy.com.br\/site\/wp-json\/wp\/v2\/posts\/70458\/revisions"}],"predecessor-version":[{"id":70463,"href":"https:\/\/blogdoeloiltoncajuhy.com.br\/site\/wp-json\/wp\/v2\/posts\/70458\/revisions\/70463"}],"wp:featuredmedia":[{"embeddable":true,"href":"https:\/\/blogdoeloiltoncajuhy.com.br\/site\/wp-json\/wp\/v2\/media\/70459"}],"wp:attachment":[{"href":"https:\/\/blogdoeloiltoncajuhy.com.br\/site\/wp-json\/wp\/v2\/media?parent=70458"}],"wp:term":[{"taxonomy":"category","embeddable":true,"href":"https:\/\/blogdoeloiltoncajuhy.com.br\/site\/wp-json\/wp\/v2\/categories?post=70458"},{"taxonomy":"post_tag","embeddable":true,"href":"https:\/\/blogdoeloiltoncajuhy.com.br\/site\/wp-json\/wp\/v2\/tags?post=70458"}],"curies":[{"name":"wp","href":"https:\/\/api.w.org\/{rel}","templated":true}]}}